{"id":8381,"date":"2026-05-03T13:01:08","date_gmt":"2026-05-03T10:01:08","guid":{"rendered":"https:\/\/stilorganizat.com\/?p=8381"},"modified":"2026-05-03T13:01:09","modified_gmt":"2026-05-03T10:01:09","slug":"1-o-bucatarie-perfect-organizata","status":"publish","type":"post","link":"https:\/\/stilorganizat.com\/?p=8381","title":{"rendered":"1. O buc\u0103t\u0103rie perfect organizat\u0103"},"content":{"rendered":"\n<p><a href=\"https:\/\/stilorganizat.com\/?p=452\" target=\"_blank\" rel=\"noreferrer noopener\">Fa\u021b\u0103 de ce scriam acum 10 ani<\/a>, nu mi-am schimbat opinia despre ce \u00eenseamn\u0103 acest spa\u021biu pentru mine. \u00cen continuare am multe preocup\u0103ri favorite \u0219i a face m\u00e2ncare nu se reg\u0103se\u0219te \u00eentre ele. Dar \u00eemi place s\u0103 aranjez mese frumoase! A\u0219a c\u0103 am nevoie de o buc\u0103t\u0103rie perfect organizat\u0103 pentru ca munca s\u0103 fie u\u0219oar\u0103 \u0219i c\u00e2t mai pl\u0103cut\u0103.<\/p>\n\n\n\n<p>M\u0103 str\u0103duiesc s\u0103 preg\u0103tesc, de asemenea, mese s\u0103n\u0103toase care s\u0103 ne ofere echilibru \u00een alimenta\u021bie. <\/p>\n\n\n\n<p>\u00cen plus, am ca mo\u0219tenire de familie un lung \u0219ir de gospodine des\u0103v\u00e2r\u0219ite care mi-au transmis re\u021bete unice. Sunt datoare s\u0103 le pun \u00een practic\u0103!  <\/p>\n\n\n\n<p>Iat\u0103 cadrul din primul articol despre organizarea buc\u0103t\u0103riei, pe care l-am scris \u00een 2012! Este o fotografie f\u0103cut\u0103 la intrarea dinspre hol \u0219i se v\u0103d prin u\u0219\u0103: aragazul, chiuveta \u0219i cuptorul combi.<\/p>\n\n\n\n<figure class=\"wp-block-gallery columns-1 is-cropped\"><ul class=\"blocks-gallery-grid\"><li class=\"blocks-gallery-item\"><figure><a href=\"https:\/\/stilorganizat.com\/wp-content\/uploads\/2026\/05\/bucataria.jpg\" rel=\"wp-prettyPhoto[8381]\"><img loading=\"lazy\" width=\"450\" height=\"309\" src=\"https:\/\/stilorganizat.com\/wp-content\/uploads\/2026\/05\/bucataria.jpg\" alt=\"\" data-id=\"8385\" data-full-url=\"https:\/\/stilorganizat.com\/wp-content\/uploads\/2026\/05\/bucataria.jpg\" data-link=\"https:\/\/stilorganizat.com\/?attachment_id=8385\" class=\"wp-image-8385\" srcset=\"https:\/\/stilorganizat.com\/wp-content\/uploads\/2026\/05\/bucataria.jpg 450w, https:\/\/stilorganizat.com\/wp-content\/uploads\/2026\/05\/bucataria-300x206.jpg 300w\" sizes=\"(max-width: 450px) 100vw, 450px\" \/><\/a><figcaption class=\"blocks-gallery-item__caption\">Buc\u0103t\u0103ria \u00een 2012<\/figcaption><\/figure><\/li><\/ul><\/figure>\n\n\n\n<p>Iat\u0103 \u0219i cum s-a transformat \u00een ace\u0219ti ani cadrul respectiv.<\/p>\n\n\n\n<figure class=\"wp-block-gallery columns-1 is-cropped\"><ul class=\"blocks-gallery-grid\"><li class=\"blocks-gallery-item\"><figure><a href=\"https:\/\/stilorganizat.com\/wp-content\/uploads\/2026\/05\/1-bucat-org-scaled.jpg\" rel=\"wp-prettyPhoto[8381]\"><img loading=\"lazy\" width=\"1024\" height=\"577\" src=\"https:\/\/stilorganizat.com\/wp-content\/uploads\/2026\/05\/1-bucat-org-1024x577.jpg\" alt=\"\" data-id=\"8386\" data-full-url=\"https:\/\/stilorganizat.com\/wp-content\/uploads\/2026\/05\/1-bucat-org-scaled.jpg\" data-link=\"https:\/\/stilorganizat.com\/?attachment_id=8386\" class=\"wp-image-8386\" srcset=\"https:\/\/stilorganizat.com\/wp-content\/uploads\/2026\/05\/1-bucat-org-1024x577.jpg 1024w, https:\/\/stilorganizat.com\/wp-content\/uploads\/2026\/05\/1-bucat-org-300x169.jpg 300w, https:\/\/stilorganizat.com\/wp-content\/uploads\/2026\/05\/1-bucat-org-768x432.jpg 768w, https:\/\/stilorganizat.com\/wp-content\/uploads\/2026\/05\/1-bucat-org-1536x865.jpg 1536w, https:\/\/stilorganizat.com\/wp-content\/uploads\/2026\/05\/1-bucat-org-2048x1153.jpg 2048w\" sizes=\"(max-width: 1024px) 100vw, 1024px\" \/><\/a><figcaption class=\"blocks-gallery-item__caption\">Buc\u0103t\u0103ria \u00een 2026<\/figcaption><\/figure><\/li><\/ul><\/figure>\n\n\n\n<h2>Modific\u0103ri<\/h2>\n\n\n\n<p>C\u00e2nd am renovat casa, am schimbat faian\u021ba \u00eenchis\u0103 la culoare cu marmur\u0103 alb\u0103. Era perioada \u00een care stilul acesta era la apogeu. Am eliminat rafturile de l\u00e2ng\u0103 aragaz, care erau practice, dar se acopereau repede de gr\u0103sime de la vaporii de m\u00e2ncare.<\/p>\n\n\n\n<p>Chiuveta de la Franke este \u00een continuare \u00een form\u0103 bun\u0103. Dac\u0103 a\u0219 schimba-o vreodat\u0103, a\u0219 face-o tot cu una din inox. <\/p>\n\n\n\n<p>Am avut odat\u0103 inten\u021bia de a \u00eenlocui aragazul pe gaz cu unul tot de dimensiuni mari \u0219i m-au speriat pre\u021burile. Am luat hot\u0103r\u00e2rea s\u0103 \u00eel dau p\u00e2n\u0103 la urm\u0103 la revizuit pe acesta unei firme de specialitate \u0219i bine am f\u0103cut! Un inox de mai bun\u0103 calitate nu a\u0219 putea g\u0103si acum. \u00cencerc s\u0103 nu m\u0103 deranjeze prea mult butoanele care s-au uzat.<\/p>\n\n\n\n<p>Cuptorul de mari dimensiuni este foarte practic pentru o tav\u0103 impun\u0103toare sau mai multe mici \u0219i m-a ajutat de multe ori s\u0103 m\u0103 descurc la preg\u0103tirile pentru mese de amploare. Dar am considerat c\u0103 e folositor s\u0103 adaug \u0219i unul electric (diferit de cel combi pe care \u00eel folosesc acum mai mult pentru microunde), la care s\u0103 controlez mai bine temperaturile pentru re\u021bete care cer asta. Cuptorul Bosch se achit\u0103 de datoria sa perfect!<\/p>\n\n\n\n<p>Blatul de pe insul\u0103 este acela\u0219i. Am cochetat cu schimbarea acestuia cu unul din piatr\u0103, dar nu am trecut la fapte \u00eenc\u0103. Este un proiect de viitor pentru c\u0103 se vede c\u0103 acesta este destul de uzat.<\/p>\n\n\n\n<h2>\u00cen final&#8230;<\/h2>\n\n\n\n<p>Dac\u0103 vre\u021bi s\u0103 reciti\u021bi articolul de la \u00eenceputul seriei de acum mul\u021bi ani, c\u00e2nd eram entuziasmat\u0103 de venirea magazinului Ikea \u00een \u021bar\u0103, <a href=\"https:\/\/stilorganizat.com\/?p=452\" target=\"_blank\" rel=\"noreferrer noopener\">v\u0103 dau \u00eenc\u0103 o dat\u0103 link-ul.<\/a><\/p>\n\n\n\n<p>Voi continua \u00een articolele urm\u0103toare s\u0103 prezint ce a \u00eensemnat pentru mine o buc\u0103t\u0103rie perfect organizat\u0103 \u0219i cum a evoluat aceasta \u00een timp.<\/p>\n","protected":false},"excerpt":{"rendered":"<p>Fa\u021b\u0103 de ce scriam acum 10 ani, nu mi-am schimbat opinia despre ce \u00eenseamn\u0103 acest spa\u021biu pentru mine. \u00cen continuare am multe preocup\u0103ri favorite \u0219i a face m\u00e2ncare nu se reg\u0103se\u0219te \u00eentre ele. Dar \u00eemi place s\u0103 aranjez mese frumoase! A\u0219a c\u0103 am nevoie de o buc\u0103t\u0103rie perfect organizat\u0103 pentru ca munca s\u0103 fie u\u0219oar\u0103 \u0219i c\u00e2t mai pl\u0103cut\u0103. M\u0103 str\u0103duiesc s\u0103 preg\u0103tesc, de asemenea, mese s\u0103n\u0103toase care s\u0103 ne ofere echilibru \u00een alimenta\u021bie. \u00cen plus, am ca mo\u0219tenire de<\/p>\n","protected":false},"author":1,"featured_media":8386,"comment_status":"open","ping_status":"open","sticky":false,"template":"","format":"standard","meta":[],"categories":[37,4,14],"tags":[265,112,51,153],"yoast_head":"<!-- This site is optimized with the Yoast SEO plugin v17.7.1 - https:\/\/yoast.com\/wordpress\/plugins\/seo\/ -->\n<title>1. O buc\u0103t\u0103rie perfect organizat\u0103 - StilOrganizat<\/title>\n<meta name=\"description\" content=\"O buc\u0103t\u0103rie perfect organizata: cum a evoluat \u00een timp, cu fotografii de atunci \u0219i de acum, luate din acelea\u0219i unghiuri\" \/>\n<meta name=\"robots\" content=\"index, follow, max-snippet:-1, max-image-preview:large, max-video-preview:-1\" \/>\n<link rel=\"canonical\" href=\"https:\/\/stilorganizat.com\/?p=8381\" \/>\n<meta property=\"og:locale\" content=\"en_US\" \/>\n<meta property=\"og:type\" content=\"article\" \/>\n<meta property=\"og:title\" content=\"1. O buc\u0103t\u0103rie perfect organizat\u0103 - StilOrganizat\" \/>\n<meta property=\"og:description\" content=\"O buc\u0103t\u0103rie perfect organizata: cum a evoluat \u00een timp, cu fotografii de atunci \u0219i de acum, luate din acelea\u0219i unghiuri\" \/>\n<meta property=\"og:url\" content=\"https:\/\/stilorganizat.com\/?p=8381\" \/>\n<meta property=\"og:site_name\" content=\"StilOrganizat\" \/>\n<meta property=\"article:published_time\" content=\"2026-05-03T10:01:08+00:00\" \/>\n<meta property=\"article:modified_time\" content=\"2026-05-03T10:01:09+00:00\" \/>\n<meta property=\"og:image\" content=\"https:\/\/stilorganizat.com\/wp-content\/uploads\/2026\/05\/1-bucat-org-scaled.jpg\" \/>\n\t<meta property=\"og:image:width\" content=\"2560\" \/>\n\t<meta property=\"og:image:height\" content=\"1441\" \/>\n<meta name=\"twitter:card\" content=\"summary_large_image\" \/>\n<meta name=\"twitter:label1\" content=\"Written by\" \/>\n\t<meta name=\"twitter:data1\" content=\"Ela\" \/>\n\t<meta name=\"twitter:label2\" content=\"Est. reading time\" \/>\n\t<meta name=\"twitter:data2\" content=\"3 minutes\" \/>\n<script type=\"application\/ld+json\" class=\"yoast-schema-graph\">{\"@context\":\"https:\/\/schema.org\",\"@graph\":[{\"@type\":\"WebSite\",\"@id\":\"https:\/\/stilorganizat.com\/#website\",\"url\":\"https:\/\/stilorganizat.com\/\",\"name\":\"StilOrganizat\",\"description\":\"\",\"publisher\":{\"@id\":\"https:\/\/stilorganizat.com\/#\/schema\/person\/925650ea34ea4181154192c09316af88\"},\"potentialAction\":[{\"@type\":\"SearchAction\",\"target\":{\"@type\":\"EntryPoint\",\"urlTemplate\":\"https:\/\/stilorganizat.com\/?s={search_term_string}\"},\"query-input\":\"required name=search_term_string\"}],\"inLanguage\":\"en-US\"},{\"@type\":\"ImageObject\",\"@id\":\"https:\/\/stilorganizat.com\/?p=8381#primaryimage\",\"inLanguage\":\"en-US\",\"url\":\"https:\/\/stilorganizat.com\/wp-content\/uploads\/2026\/05\/1-bucat-org-scaled.jpg\",\"contentUrl\":\"https:\/\/stilorganizat.com\/wp-content\/uploads\/2026\/05\/1-bucat-org-scaled.jpg\",\"width\":2560,\"height\":1441,\"caption\":\"imagine bucatarie din hol\"},{\"@type\":\"WebPage\",\"@id\":\"https:\/\/stilorganizat.com\/?p=8381#webpage\",\"url\":\"https:\/\/stilorganizat.com\/?p=8381\",\"name\":\"1. O buc\\u0103t\\u0103rie perfect organizat\\u0103 - StilOrganizat\",\"isPartOf\":{\"@id\":\"https:\/\/stilorganizat.com\/#website\"},\"primaryImageOfPage\":{\"@id\":\"https:\/\/stilorganizat.com\/?p=8381#primaryimage\"},\"datePublished\":\"2026-05-03T10:01:08+00:00\",\"dateModified\":\"2026-05-03T10:01:09+00:00\",\"description\":\"O buc\\u0103t\\u0103rie perfect organizata: cum a evoluat \\u00een timp, cu fotografii de atunci \\u0219i de acum, luate din acelea\\u0219i unghiuri\",\"breadcrumb\":{\"@id\":\"https:\/\/stilorganizat.com\/?p=8381#breadcrumb\"},\"inLanguage\":\"en-US\",\"potentialAction\":[{\"@type\":\"ReadAction\",\"target\":[\"https:\/\/stilorganizat.com\/?p=8381\"]}]},{\"@type\":\"BreadcrumbList\",\"@id\":\"https:\/\/stilorganizat.com\/?p=8381#breadcrumb\",\"itemListElement\":[{\"@type\":\"ListItem\",\"position\":1,\"name\":\"Home\",\"item\":\"https:\/\/stilorganizat.com\/\"},{\"@type\":\"ListItem\",\"position\":2,\"name\":\"Organizarea casei\",\"item\":\"https:\/\/stilorganizat.com\/?cat=4\"},{\"@type\":\"ListItem\",\"position\":3,\"name\":\"1. O buc\\u0103t\\u0103rie perfect organizat\\u0103\"}]},{\"@type\":\"Article\",\"@id\":\"https:\/\/stilorganizat.com\/?p=8381#article\",\"isPartOf\":{\"@id\":\"https:\/\/stilorganizat.com\/?p=8381#webpage\"},\"author\":{\"@id\":\"https:\/\/stilorganizat.com\/#\/schema\/person\/925650ea34ea4181154192c09316af88\"},\"headline\":\"1. O buc\\u0103t\\u0103rie perfect organizat\\u0103\",\"datePublished\":\"2026-05-03T10:01:08+00:00\",\"dateModified\":\"2026-05-03T10:01:09+00:00\",\"mainEntityOfPage\":{\"@id\":\"https:\/\/stilorganizat.com\/?p=8381#webpage\"},\"wordCount\":494,\"commentCount\":0,\"publisher\":{\"@id\":\"https:\/\/stilorganizat.com\/#\/schema\/person\/925650ea34ea4181154192c09316af88\"},\"image\":{\"@id\":\"https:\/\/stilorganizat.com\/?p=8381#primaryimage\"},\"thumbnailUrl\":\"https:\/\/stilorganizat.com\/wp-content\/uploads\/2026\/05\/1-bucat-org-scaled.jpg\",\"keywords\":[\"bucatarie\",\"organizare\",\"organizarea bucatariei\",\"organizarea casei\"],\"articleSection\":[\"Featured\",\"Organizarea casei\",\"Organizarea pe camere\"],\"inLanguage\":\"en-US\",\"potentialAction\":[{\"@type\":\"CommentAction\",\"name\":\"Comment\",\"target\":[\"https:\/\/stilorganizat.com\/?p=8381#respond\"]}]},{\"@type\":[\"Person\",\"Organization\"],\"@id\":\"https:\/\/stilorganizat.com\/#\/schema\/person\/925650ea34ea4181154192c09316af88\",\"name\":\"Ela\",\"image\":{\"@type\":\"ImageObject\",\"@id\":\"https:\/\/stilorganizat.com\/#personlogo\",\"inLanguage\":\"en-US\",\"url\":\"https:\/\/secure.gravatar.com\/avatar\/8760904c7f0aa36ea71caf9864f47f82?s=96&d=identicon&r=g\",\"contentUrl\":\"https:\/\/secure.gravatar.com\/avatar\/8760904c7f0aa36ea71caf9864f47f82?s=96&d=identicon&r=g\",\"caption\":\"Ela\"},\"logo\":{\"@id\":\"https:\/\/stilorganizat.com\/#personlogo\"},\"sameAs\":[\"http:\/\/stilorganizat.ro\"]}]}<\/script>\n<!-- \/ Yoast SEO plugin. -->","yoast_head_json":{"title":"1. O buc\u0103t\u0103rie perfect organizat\u0103 - StilOrganizat","description":"O buc\u0103t\u0103rie perfect organizata: cum a evoluat \u00een timp, cu fotografii de atunci \u0219i de acum, luate din acelea\u0219i unghiuri","robots":{"index":"index","follow":"follow","max-snippet":"max-snippet:-1","max-image-preview":"max-image-preview:large","max-video-preview":"max-video-preview:-1"},"canonical":"https:\/\/stilorganizat.com\/?p=8381","og_locale":"en_US","og_type":"article","og_title":"1. O buc\u0103t\u0103rie perfect organizat\u0103 - StilOrganizat","og_description":"O buc\u0103t\u0103rie perfect organizata: cum a evoluat \u00een timp, cu fotografii de atunci \u0219i de acum, luate din acelea\u0219i unghiuri","og_url":"https:\/\/stilorganizat.com\/?p=8381","og_site_name":"StilOrganizat","article_published_time":"2026-05-03T10:01:08+00:00","article_modified_time":"2026-05-03T10:01:09+00:00","og_image":[{"width":2560,"height":1441,"url":"https:\/\/stilorganizat.com\/wp-content\/uploads\/2026\/05\/1-bucat-org-scaled.jpg","type":"image\/jpeg"}],"twitter_card":"summary_large_image","twitter_misc":{"Written by":"Ela","Est. reading time":"3 minutes"},"schema":{"@context":"https:\/\/schema.org","@graph":[{"@type":"WebSite","@id":"https:\/\/stilorganizat.com\/#website","url":"https:\/\/stilorganizat.com\/","name":"StilOrganizat","description":"","publisher":{"@id":"https:\/\/stilorganizat.com\/#\/schema\/person\/925650ea34ea4181154192c09316af88"},"potentialAction":[{"@type":"SearchAction","target":{"@type":"EntryPoint","urlTemplate":"https:\/\/stilorganizat.com\/?s={search_term_string}"},"query-input":"required name=search_term_string"}],"inLanguage":"en-US"},{"@type":"ImageObject","@id":"https:\/\/stilorganizat.com\/?p=8381#primaryimage","inLanguage":"en-US","url":"https:\/\/stilorganizat.com\/wp-content\/uploads\/2026\/05\/1-bucat-org-scaled.jpg","contentUrl":"https:\/\/stilorganizat.com\/wp-content\/uploads\/2026\/05\/1-bucat-org-scaled.jpg","width":2560,"height":1441,"caption":"imagine bucatarie din hol"},{"@type":"WebPage","@id":"https:\/\/stilorganizat.com\/?p=8381#webpage","url":"https:\/\/stilorganizat.com\/?p=8381","name":"1. O buc\u0103t\u0103rie perfect organizat\u0103 - StilOrganizat","isPartOf":{"@id":"https:\/\/stilorganizat.com\/#website"},"primaryImageOfPage":{"@id":"https:\/\/stilorganizat.com\/?p=8381#primaryimage"},"datePublished":"2026-05-03T10:01:08+00:00","dateModified":"2026-05-03T10:01:09+00:00","description":"O buc\u0103t\u0103rie perfect organizata: cum a evoluat \u00een timp, cu fotografii de atunci \u0219i de acum, luate din acelea\u0219i unghiuri","breadcrumb":{"@id":"https:\/\/stilorganizat.com\/?p=8381#breadcrumb"},"inLanguage":"en-US","potentialAction":[{"@type":"ReadAction","target":["https:\/\/stilorganizat.com\/?p=8381"]}]},{"@type":"BreadcrumbList","@id":"https:\/\/stilorganizat.com\/?p=8381#breadcrumb","itemListElement":[{"@type":"ListItem","position":1,"name":"Home","item":"https:\/\/stilorganizat.com\/"},{"@type":"ListItem","position":2,"name":"Organizarea casei","item":"https:\/\/stilorganizat.com\/?cat=4"},{"@type":"ListItem","position":3,"name":"1. O buc\u0103t\u0103rie perfect organizat\u0103"}]},{"@type":"Article","@id":"https:\/\/stilorganizat.com\/?p=8381#article","isPartOf":{"@id":"https:\/\/stilorganizat.com\/?p=8381#webpage"},"author":{"@id":"https:\/\/stilorganizat.com\/#\/schema\/person\/925650ea34ea4181154192c09316af88"},"headline":"1. O buc\u0103t\u0103rie perfect organizat\u0103","datePublished":"2026-05-03T10:01:08+00:00","dateModified":"2026-05-03T10:01:09+00:00","mainEntityOfPage":{"@id":"https:\/\/stilorganizat.com\/?p=8381#webpage"},"wordCount":494,"commentCount":0,"publisher":{"@id":"https:\/\/stilorganizat.com\/#\/schema\/person\/925650ea34ea4181154192c09316af88"},"image":{"@id":"https:\/\/stilorganizat.com\/?p=8381#primaryimage"},"thumbnailUrl":"https:\/\/stilorganizat.com\/wp-content\/uploads\/2026\/05\/1-bucat-org-scaled.jpg","keywords":["bucatarie","organizare","organizarea bucatariei","organizarea casei"],"articleSection":["Featured","Organizarea casei","Organizarea pe camere"],"inLanguage":"en-US","potentialAction":[{"@type":"CommentAction","name":"Comment","target":["https:\/\/stilorganizat.com\/?p=8381#respond"]}]},{"@type":["Person","Organization"],"@id":"https:\/\/stilorganizat.com\/#\/schema\/person\/925650ea34ea4181154192c09316af88","name":"Ela","image":{"@type":"ImageObject","@id":"https:\/\/stilorganizat.com\/#personlogo","inLanguage":"en-US","url":"https:\/\/secure.gravatar.com\/avatar\/8760904c7f0aa36ea71caf9864f47f82?s=96&d=identicon&r=g","contentUrl":"https:\/\/secure.gravatar.com\/avatar\/8760904c7f0aa36ea71caf9864f47f82?s=96&d=identicon&r=g","caption":"Ela"},"logo":{"@id":"https:\/\/stilorganizat.com\/#personlogo"},"sameAs":["http:\/\/stilorganizat.ro"]}]}},"_links":{"self":[{"href":"https:\/\/stilorganizat.com\/index.php?rest_route=\/wp\/v2\/posts\/8381"}],"collection":[{"href":"https:\/\/stilorganizat.com\/index.php?rest_route=\/wp\/v2\/posts"}],"about":[{"href":"https:\/\/stilorganizat.com\/index.php?rest_route=\/wp\/v2\/types\/post"}],"author":[{"embeddable":true,"href":"https:\/\/stilorganizat.com\/index.php?rest_route=\/wp\/v2\/users\/1"}],"replies":[{"embeddable":true,"href":"https:\/\/stilorganizat.com\/index.php?rest_route=%2Fwp%2Fv2%2Fcomments&post=8381"}],"version-history":[{"count":14,"href":"https:\/\/stilorganizat.com\/index.php?rest_route=\/wp\/v2\/posts\/8381\/revisions"}],"predecessor-version":[{"id":8397,"href":"https:\/\/stilorganizat.com\/index.php?rest_route=\/wp\/v2\/posts\/8381\/revisions\/8397"}],"wp:featuredmedia":[{"embeddable":true,"href":"https:\/\/stilorganizat.com\/index.php?rest_route=\/wp\/v2\/media\/8386"}],"wp:attachment":[{"href":"https:\/\/stilorganizat.com\/index.php?rest_route=%2Fwp%2Fv2%2Fmedia&parent=8381"}],"wp:term":[{"taxonomy":"category","embeddable":true,"href":"https:\/\/stilorganizat.com\/index.php?rest_route=%2Fwp%2Fv2%2Fcategories&post=8381"},{"taxonomy":"post_tag","embeddable":true,"href":"https:\/\/stilorganizat.com\/index.php?rest_route=%2Fwp%2Fv2%2Ftags&post=8381"}],"curies":[{"name":"wp","href":"https:\/\/api.w.org\/{rel}","templated":true}]}}