{"id":8167,"date":"2023-04-15T15:03:27","date_gmt":"2023-04-15T12:03:27","guid":{"rendered":"https:\/\/stilorganizat.com\/?p=8167"},"modified":"2023-04-15T15:03:31","modified_gmt":"2023-04-15T12:03:31","slug":"gradina-de-aprilie-cu-florile-ei","status":"publish","type":"post","link":"https:\/\/stilorganizat.com\/?p=8167","title":{"rendered":"Gr\u0103dina de aprilie cu florile ei"},"content":{"rendered":"\n<p>Reiau articolele despre gr\u0103dina. Ast\u0103zi scriu despre gr\u0103dina de aprilie, \u00een care includ plantele care sunt la apogeu \u00een aceast\u0103 perioad\u0103. <\/p>\n\n\n\n<figure class=\"wp-block-image size-large\"><a href=\"https:\/\/stilorganizat.com\/wp-content\/uploads\/2023\/04\/cires-inflorit.jpg\" rel=\"wp-prettyPhoto[8167]\"><img loading=\"lazy\" width=\"1024\" height=\"1024\" src=\"https:\/\/stilorganizat.com\/wp-content\/uploads\/2023\/04\/cires-inflorit-1024x1024.jpg\" alt=\"cires inflorit\" class=\"wp-image-8199\" srcset=\"https:\/\/stilorganizat.com\/wp-content\/uploads\/2023\/04\/cires-inflorit-1024x1024.jpg 1024w, https:\/\/stilorganizat.com\/wp-content\/uploads\/2023\/04\/cires-inflorit-300x300.jpg 300w, https:\/\/stilorganizat.com\/wp-content\/uploads\/2023\/04\/cires-inflorit-150x150.jpg 150w, https:\/\/stilorganizat.com\/wp-content\/uploads\/2023\/04\/cires-inflorit-768x768.jpg 768w, https:\/\/stilorganizat.com\/wp-content\/uploads\/2023\/04\/cires-inflorit-1536x1536.jpg 1536w, https:\/\/stilorganizat.com\/wp-content\/uploads\/2023\/04\/cires-inflorit.jpg 1800w\" sizes=\"(max-width: 1024px) 100vw, 1024px\" \/><\/a><\/figure>\n\n\n\n<h2>Florile de aprilie<\/h2>\n\n\n\n<p>Narcisele &#8211; am numeroase soiuri, simple sau b\u0103tute, \u00een toate nuan\u021bele de galben. Cele mai multe formeaz\u0103 straturi compacte pentru c\u0103 le-am l\u0103sat s\u0103 se dezvolte \u00een voie.<\/p>\n\n\n\n<figure class=\"wp-block-image size-large\"><a href=\"https:\/\/stilorganizat.com\/wp-content\/uploads\/2023\/04\/narcise-albe.jpg\" rel=\"wp-prettyPhoto[8167]\"><img loading=\"lazy\" width=\"1024\" height=\"1024\" src=\"https:\/\/stilorganizat.com\/wp-content\/uploads\/2023\/04\/narcise-albe-1024x1024.jpg\" alt=\"strat cu narcise\" class=\"wp-image-8194\" srcset=\"https:\/\/stilorganizat.com\/wp-content\/uploads\/2023\/04\/narcise-albe-1024x1024.jpg 1024w, https:\/\/stilorganizat.com\/wp-content\/uploads\/2023\/04\/narcise-albe-300x300.jpg 300w, https:\/\/stilorganizat.com\/wp-content\/uploads\/2023\/04\/narcise-albe-150x150.jpg 150w, https:\/\/stilorganizat.com\/wp-content\/uploads\/2023\/04\/narcise-albe-768x768.jpg 768w, https:\/\/stilorganizat.com\/wp-content\/uploads\/2023\/04\/narcise-albe-1536x1536.jpg 1536w, https:\/\/stilorganizat.com\/wp-content\/uploads\/2023\/04\/narcise-albe.jpg 1800w\" sizes=\"(max-width: 1024px) 100vw, 1024px\" \/><\/a><\/figure>\n\n\n\n<figure class=\"wp-block-image size-large\"><a href=\"https:\/\/stilorganizat.com\/wp-content\/uploads\/2023\/04\/narcise-batute.jpg\" rel=\"wp-prettyPhoto[8167]\"><img loading=\"lazy\" width=\"1024\" height=\"1024\" src=\"https:\/\/stilorganizat.com\/wp-content\/uploads\/2023\/04\/narcise-batute-1024x1024.jpg\" alt=\"narcise\" class=\"wp-image-8183\" srcset=\"https:\/\/stilorganizat.com\/wp-content\/uploads\/2023\/04\/narcise-batute-1024x1024.jpg 1024w, https:\/\/stilorganizat.com\/wp-content\/uploads\/2023\/04\/narcise-batute-300x300.jpg 300w, https:\/\/stilorganizat.com\/wp-content\/uploads\/2023\/04\/narcise-batute-150x150.jpg 150w, https:\/\/stilorganizat.com\/wp-content\/uploads\/2023\/04\/narcise-batute-768x768.jpg 768w, https:\/\/stilorganizat.com\/wp-content\/uploads\/2023\/04\/narcise-batute-1536x1536.jpg 1536w, https:\/\/stilorganizat.com\/wp-content\/uploads\/2023\/04\/narcise-batute.jpg 1800w\" sizes=\"(max-width: 1024px) 100vw, 1024px\" \/><\/a><\/figure>\n\n\n\n<p>Am foarte multe zambile b\u0103tute pe care le-am plantat din ghivece cump\u0103rate sau primite prim\u0103vara. (\u00cemi place s\u0103 primesc zambile \u0219i narcise deosebite la ghiveci pentru c\u0103 \u0219tiu c\u0103 vor ajunge s\u0103 \u00eembog\u0103\u021beasc\u0103 straturile din gr\u0103din\u0103).<\/p>\n\n\n\n<figure class=\"wp-block-image size-large\"><a href=\"https:\/\/stilorganizat.com\/wp-content\/uploads\/2023\/04\/zambile-mov-si-albe.jpg\" rel=\"wp-prettyPhoto[8167]\"><img loading=\"lazy\" width=\"1024\" height=\"1024\" src=\"https:\/\/stilorganizat.com\/wp-content\/uploads\/2023\/04\/zambile-mov-si-albe-1024x1024.jpg\" alt=\"zambile mov si albe\" class=\"wp-image-8188\" srcset=\"https:\/\/stilorganizat.com\/wp-content\/uploads\/2023\/04\/zambile-mov-si-albe-1024x1024.jpg 1024w, https:\/\/stilorganizat.com\/wp-content\/uploads\/2023\/04\/zambile-mov-si-albe-300x300.jpg 300w, https:\/\/stilorganizat.com\/wp-content\/uploads\/2023\/04\/zambile-mov-si-albe-150x150.jpg 150w, https:\/\/stilorganizat.com\/wp-content\/uploads\/2023\/04\/zambile-mov-si-albe-768x768.jpg 768w, https:\/\/stilorganizat.com\/wp-content\/uploads\/2023\/04\/zambile-mov-si-albe-1536x1536.jpg 1536w, https:\/\/stilorganizat.com\/wp-content\/uploads\/2023\/04\/zambile-mov-si-albe.jpg 1800w\" sizes=\"(max-width: 1024px) 100vw, 1024px\" \/><\/a><\/figure>\n\n\n\n<p>Muscari este foarte frumos.<\/p>\n\n\n\n<figure class=\"wp-block-image size-large\"><a href=\"https:\/\/stilorganizat.com\/wp-content\/uploads\/2023\/04\/muscari.jpg\" rel=\"wp-prettyPhoto[8167]\"><img loading=\"lazy\" width=\"1024\" height=\"1024\" src=\"https:\/\/stilorganizat.com\/wp-content\/uploads\/2023\/04\/muscari-1024x1024.jpg\" alt=\"muscari\" class=\"wp-image-8182\" srcset=\"https:\/\/stilorganizat.com\/wp-content\/uploads\/2023\/04\/muscari-1024x1024.jpg 1024w, https:\/\/stilorganizat.com\/wp-content\/uploads\/2023\/04\/muscari-300x300.jpg 300w, https:\/\/stilorganizat.com\/wp-content\/uploads\/2023\/04\/muscari-150x150.jpg 150w, https:\/\/stilorganizat.com\/wp-content\/uploads\/2023\/04\/muscari-768x768.jpg 768w, https:\/\/stilorganizat.com\/wp-content\/uploads\/2023\/04\/muscari-1536x1536.jpg 1536w, https:\/\/stilorganizat.com\/wp-content\/uploads\/2023\/04\/muscari.jpg 1800w\" sizes=\"(max-width: 1024px) 100vw, 1024px\" \/><\/a><\/figure>\n\n\n\n<p>Lalelele au \u00eenceput s\u0103 \u00eenfloreasc\u0103. Pentru c\u0103 \u00een a doua jum\u0103tate a anului trecut nu am f\u0103cut nimic \u00een gr\u0103din\u0103, am l\u0103sat \u00een voia sor\u021bii lalelele cump\u0103rate \u0219i plantate cu o toamn\u0103 \u00een urm\u0103. (Poate v\u0103 aminti\u021bi sacii de bulbi pe care i-am fotografiat). A fost \u00eentr-un fel \u0219i un experiment, \u0219tiut fiind c\u0103 lalelele nu revin \u00een anii urm\u0103tori dec\u00e2t \u00een anumite condi\u021bii. M\u0103 bucur acum s\u0103 v\u0103d c\u0103 au reap\u0103rut destul de multe.<\/p>\n\n\n\n<figure class=\"wp-block-image size-large\"><a href=\"https:\/\/stilorganizat.com\/wp-content\/uploads\/2023\/04\/strat-lalele-roz-si-mov.jpg\" rel=\"wp-prettyPhoto[8167]\"><img loading=\"lazy\" width=\"1024\" height=\"1024\" src=\"https:\/\/stilorganizat.com\/wp-content\/uploads\/2023\/04\/strat-lalele-roz-si-mov-1024x1024.jpg\" alt=\"lalele mov si rosii in strat\" class=\"wp-image-8196\" srcset=\"https:\/\/stilorganizat.com\/wp-content\/uploads\/2023\/04\/strat-lalele-roz-si-mov-1024x1024.jpg 1024w, https:\/\/stilorganizat.com\/wp-content\/uploads\/2023\/04\/strat-lalele-roz-si-mov-300x300.jpg 300w, https:\/\/stilorganizat.com\/wp-content\/uploads\/2023\/04\/strat-lalele-roz-si-mov-150x150.jpg 150w, https:\/\/stilorganizat.com\/wp-content\/uploads\/2023\/04\/strat-lalele-roz-si-mov-768x768.jpg 768w, https:\/\/stilorganizat.com\/wp-content\/uploads\/2023\/04\/strat-lalele-roz-si-mov-1536x1536.jpg 1536w, https:\/\/stilorganizat.com\/wp-content\/uploads\/2023\/04\/strat-lalele-roz-si-mov.jpg 1800w\" sizes=\"(max-width: 1024px) 100vw, 1024px\" \/><\/a><\/figure>\n\n\n\n<p>Am multe soiuri de lalele \u00een gr\u0103din\u0103. Le-am aranjat \u00een grupuri mari de cel pu\u021bin 10 fire, fie amestecate, fie de o singur\u0103 culoare. Ambele moduri de aranjare sunt interesante \u0219i acum nu a\u0219 putea s\u0103 spun c\u0103 prefer una din ele. Cu men\u021biunea c\u0103 \u00een ghivece nu am amestecat mai mult de dou\u0103 culori.<\/p>\n\n\n\n<figure class=\"wp-block-image size-large\"><a href=\"https:\/\/stilorganizat.com\/wp-content\/uploads\/2023\/04\/lalele-rosii-in-strat.jpg\" rel=\"wp-prettyPhoto[8167]\"><img loading=\"lazy\" width=\"1024\" height=\"926\" src=\"https:\/\/stilorganizat.com\/wp-content\/uploads\/2023\/04\/lalele-rosii-in-strat-1024x926.jpg\" alt=\"lalele rosii in strat\" class=\"wp-image-8191\" srcset=\"https:\/\/stilorganizat.com\/wp-content\/uploads\/2023\/04\/lalele-rosii-in-strat-1024x926.jpg 1024w, https:\/\/stilorganizat.com\/wp-content\/uploads\/2023\/04\/lalele-rosii-in-strat-300x271.jpg 300w, https:\/\/stilorganizat.com\/wp-content\/uploads\/2023\/04\/lalele-rosii-in-strat-768x694.jpg 768w, https:\/\/stilorganizat.com\/wp-content\/uploads\/2023\/04\/lalele-rosii-in-strat-1536x1388.jpg 1536w, https:\/\/stilorganizat.com\/wp-content\/uploads\/2023\/04\/lalele-rosii-in-strat.jpg 1800w\" sizes=\"(max-width: 1024px) 100vw, 1024px\" \/><\/a><\/figure>\n\n\n\n<figure class=\"wp-block-image size-large\"><a href=\"https:\/\/stilorganizat.com\/wp-content\/uploads\/2023\/04\/lalele-1.jpg\" rel=\"wp-prettyPhoto[8167]\"><img loading=\"lazy\" width=\"1024\" height=\"1024\" src=\"https:\/\/stilorganizat.com\/wp-content\/uploads\/2023\/04\/lalele-1-1024x1024.jpg\" alt=\"lalele albe si mov\" class=\"wp-image-8193\" srcset=\"https:\/\/stilorganizat.com\/wp-content\/uploads\/2023\/04\/lalele-1-1024x1024.jpg 1024w, https:\/\/stilorganizat.com\/wp-content\/uploads\/2023\/04\/lalele-1-300x300.jpg 300w, https:\/\/stilorganizat.com\/wp-content\/uploads\/2023\/04\/lalele-1-150x150.jpg 150w, https:\/\/stilorganizat.com\/wp-content\/uploads\/2023\/04\/lalele-1-768x768.jpg 768w, https:\/\/stilorganizat.com\/wp-content\/uploads\/2023\/04\/lalele-1-1536x1536.jpg 1536w, https:\/\/stilorganizat.com\/wp-content\/uploads\/2023\/04\/lalele-1.jpg 1800w\" sizes=\"(max-width: 1024px) 100vw, 1024px\" \/><\/a><\/figure>\n\n\n\n<p><\/p>\n\n\n\n<figure class=\"wp-block-image size-large\"><a href=\"https:\/\/stilorganizat.com\/wp-content\/uploads\/2023\/04\/lalele-roz-verde-1.jpg\" rel=\"wp-prettyPhoto[8167]\"><img loading=\"lazy\" width=\"1024\" height=\"939\" src=\"https:\/\/stilorganizat.com\/wp-content\/uploads\/2023\/04\/lalele-roz-verde-1-1024x939.jpg\" alt=\"lalele roz\" class=\"wp-image-8198\" srcset=\"https:\/\/stilorganizat.com\/wp-content\/uploads\/2023\/04\/lalele-roz-verde-1-1024x939.jpg 1024w, https:\/\/stilorganizat.com\/wp-content\/uploads\/2023\/04\/lalele-roz-verde-1-300x275.jpg 300w, https:\/\/stilorganizat.com\/wp-content\/uploads\/2023\/04\/lalele-roz-verde-1-768x704.jpg 768w, https:\/\/stilorganizat.com\/wp-content\/uploads\/2023\/04\/lalele-roz-verde-1-1536x1409.jpg 1536w, https:\/\/stilorganizat.com\/wp-content\/uploads\/2023\/04\/lalele-roz-verde-1.jpg 1800w\" sizes=\"(max-width: 1024px) 100vw, 1024px\" \/><\/a><\/figure>\n\n\n\n<figure class=\"wp-block-image size-large\"><a href=\"https:\/\/stilorganizat.com\/wp-content\/uploads\/2023\/04\/lalele-in-ghiveci.jpg\" rel=\"wp-prettyPhoto[8167]\"><img loading=\"lazy\" width=\"1024\" height=\"1024\" src=\"https:\/\/stilorganizat.com\/wp-content\/uploads\/2023\/04\/lalele-in-ghiveci-1024x1024.jpg\" alt=\"lalele in ghiveci\" class=\"wp-image-8180\" srcset=\"https:\/\/stilorganizat.com\/wp-content\/uploads\/2023\/04\/lalele-in-ghiveci-1024x1024.jpg 1024w, https:\/\/stilorganizat.com\/wp-content\/uploads\/2023\/04\/lalele-in-ghiveci-300x300.jpg 300w, https:\/\/stilorganizat.com\/wp-content\/uploads\/2023\/04\/lalele-in-ghiveci-150x150.jpg 150w, https:\/\/stilorganizat.com\/wp-content\/uploads\/2023\/04\/lalele-in-ghiveci-768x768.jpg 768w, https:\/\/stilorganizat.com\/wp-content\/uploads\/2023\/04\/lalele-in-ghiveci-1536x1536.jpg 1536w, https:\/\/stilorganizat.com\/wp-content\/uploads\/2023\/04\/lalele-in-ghiveci.jpg 1800w\" sizes=\"(max-width: 1024px) 100vw, 1024px\" \/><\/a><\/figure>\n\n\n\n<h2>Flori deosebite<\/h2>\n\n\n\n<p>Am adus \u00een curte plante mai pu\u021bin folosite \u00een gr\u0103dini. Iar una care \u00eemi este deosebit de drag\u0103 este Helleborus. Cu fiecare an este tot mai frumoas\u0103, mai plin\u0103 de flori. Din p\u0103cate nu am dec\u00e2t una (alte fire nu s-au prins) \u0219i tot din p\u0103cate nu se \u00eenmul\u021be\u0219te singur\u0103, de\u0219i a\u0219a am auzit c\u0103 se \u00eent\u00e2mpl\u0103 la mul\u021bi gr\u0103dinari.<\/p>\n\n\n\n<figure class=\"wp-block-image size-large\"><a href=\"https:\/\/stilorganizat.com\/wp-content\/uploads\/2023\/04\/helleborus.jpg\" rel=\"wp-prettyPhoto[8167]\"><img loading=\"lazy\" width=\"1024\" height=\"1024\" src=\"https:\/\/stilorganizat.com\/wp-content\/uploads\/2023\/04\/helleborus-1024x1024.jpg\" alt=\"helleborus\" class=\"wp-image-8178\" srcset=\"https:\/\/stilorganizat.com\/wp-content\/uploads\/2023\/04\/helleborus-1024x1024.jpg 1024w, https:\/\/stilorganizat.com\/wp-content\/uploads\/2023\/04\/helleborus-300x300.jpg 300w, https:\/\/stilorganizat.com\/wp-content\/uploads\/2023\/04\/helleborus-150x150.jpg 150w, https:\/\/stilorganizat.com\/wp-content\/uploads\/2023\/04\/helleborus-768x768.jpg 768w, https:\/\/stilorganizat.com\/wp-content\/uploads\/2023\/04\/helleborus-1536x1536.jpg 1536w, https:\/\/stilorganizat.com\/wp-content\/uploads\/2023\/04\/helleborus.jpg 1801w\" sizes=\"(max-width: 1024px) 100vw, 1024px\" \/><\/a><\/figure>\n\n\n\n<p>Tot o plant\u0103 rar\u0103 este iberis. Anul trecut a fost firav\u0103, dar acum este ca o cascad\u0103 alb\u0103. Am crescut-o din semin\u021be \u0219i mai am c\u00e2teva fire mai mici prinse. Este potrivit\u0103 \u00een st\u00e2nc\u0103rii, de aceea am a\u0219ezat-o la marginea stratului.<\/p>\n\n\n\n<figure class=\"wp-block-image size-large\"><a href=\"https:\/\/stilorganizat.com\/wp-content\/uploads\/2023\/04\/iberis.jpg\" rel=\"wp-prettyPhoto[8167]\"><img loading=\"lazy\" width=\"1024\" height=\"1024\" src=\"https:\/\/stilorganizat.com\/wp-content\/uploads\/2023\/04\/iberis-1024x1024.jpg\" alt=\"iberis\" class=\"wp-image-8179\" srcset=\"https:\/\/stilorganizat.com\/wp-content\/uploads\/2023\/04\/iberis-1024x1024.jpg 1024w, https:\/\/stilorganizat.com\/wp-content\/uploads\/2023\/04\/iberis-300x300.jpg 300w, https:\/\/stilorganizat.com\/wp-content\/uploads\/2023\/04\/iberis-150x150.jpg 150w, https:\/\/stilorganizat.com\/wp-content\/uploads\/2023\/04\/iberis-768x768.jpg 768w, https:\/\/stilorganizat.com\/wp-content\/uploads\/2023\/04\/iberis-1536x1536.jpg 1536w, https:\/\/stilorganizat.com\/wp-content\/uploads\/2023\/04\/iberis.jpg 1800w\" sizes=\"(max-width: 1024px) 100vw, 1024px\" \/><\/a><\/figure>\n\n\n\n<p>Erytrium este o plant\u0103 de prim\u0103var\u0103 pe care \u00eencerc s\u0103 o naturalizez. Poate c\u0103 locul ales nu a fost potrivit pentru c\u0103 nu a \u00eenflorit dec\u00e2t una. Dar delicate\u021bea ei o face remarcabil\u0103 \u00een strat.<\/p>\n\n\n\n<figure class=\"wp-block-image size-large\"><a href=\"https:\/\/stilorganizat.com\/wp-content\/uploads\/2023\/04\/erytrium.jpg\" rel=\"wp-prettyPhoto[8167]\"><img loading=\"lazy\" width=\"1024\" height=\"1024\" src=\"https:\/\/stilorganizat.com\/wp-content\/uploads\/2023\/04\/erytrium-1024x1024.jpg\" alt=\"erythronium\" class=\"wp-image-8197\" srcset=\"https:\/\/stilorganizat.com\/wp-content\/uploads\/2023\/04\/erytrium-1024x1024.jpg 1024w, https:\/\/stilorganizat.com\/wp-content\/uploads\/2023\/04\/erytrium-300x300.jpg 300w, https:\/\/stilorganizat.com\/wp-content\/uploads\/2023\/04\/erytrium-150x150.jpg 150w, https:\/\/stilorganizat.com\/wp-content\/uploads\/2023\/04\/erytrium-768x768.jpg 768w, https:\/\/stilorganizat.com\/wp-content\/uploads\/2023\/04\/erytrium-1536x1536.jpg 1536w, https:\/\/stilorganizat.com\/wp-content\/uploads\/2023\/04\/erytrium.jpg 1800w\" sizes=\"(max-width: 1024px) 100vw, 1024px\" \/><\/a><\/figure>\n\n\n\n<h2>Straturi mari de flori<\/h2>\n\n\n\n<p>Am \u00eencercat s\u0103 creez straturi mari de flori care s\u0103 arate coerent. Se vede clar c\u0103 nu am reu\u0219it pe deplin, dar sunt pe drumul cel bun. Ideea unui strat memorabil este s\u0103 aib\u0103 structur\u0103 \u0219i frumuse\u021be.<\/p>\n\n\n\n<figure class=\"wp-block-image size-large\"><a href=\"https:\/\/stilorganizat.com\/wp-content\/uploads\/2023\/04\/strat-cu-lalele-si-iberis.jpg\" rel=\"wp-prettyPhoto[8167]\"><img loading=\"lazy\" width=\"1024\" height=\"1024\" src=\"https:\/\/stilorganizat.com\/wp-content\/uploads\/2023\/04\/strat-cu-lalele-si-iberis-1024x1024.jpg\" alt=\"strat cu iberis\" class=\"wp-image-8184\" srcset=\"https:\/\/stilorganizat.com\/wp-content\/uploads\/2023\/04\/strat-cu-lalele-si-iberis-1024x1024.jpg 1024w, https:\/\/stilorganizat.com\/wp-content\/uploads\/2023\/04\/strat-cu-lalele-si-iberis-300x300.jpg 300w, https:\/\/stilorganizat.com\/wp-content\/uploads\/2023\/04\/strat-cu-lalele-si-iberis-150x150.jpg 150w, https:\/\/stilorganizat.com\/wp-content\/uploads\/2023\/04\/strat-cu-lalele-si-iberis-768x768.jpg 768w, https:\/\/stilorganizat.com\/wp-content\/uploads\/2023\/04\/strat-cu-lalele-si-iberis-1536x1536.jpg 1536w, https:\/\/stilorganizat.com\/wp-content\/uploads\/2023\/04\/strat-cu-lalele-si-iberis.jpg 1800w\" sizes=\"(max-width: 1024px) 100vw, 1024px\" \/><\/a><\/figure>\n\n\n\n<p>Structura e dat\u0103 de elementele rigide \u0219i de plantele ve\u0219nic verzi. Iar aceasta trebuie s\u0103 sus\u021bin\u0103 frumuse\u021bea plantelor de sezon. Munca mea din acest an \u00een gr\u0103din\u0103 va fi \u00een primul r\u00e2nd s\u0103 ajut s\u0103 capete chip aceast\u0103 coeren\u021b\u0103.<\/p>\n\n\n\n<figure class=\"wp-block-image size-large\"><a href=\"https:\/\/stilorganizat.com\/wp-content\/uploads\/2023\/04\/strat-incarcat-de-plante.jpg\" rel=\"wp-prettyPhoto[8167]\"><img loading=\"lazy\" width=\"1024\" height=\"1024\" src=\"https:\/\/stilorganizat.com\/wp-content\/uploads\/2023\/04\/strat-incarcat-de-plante-1024x1024.jpg\" alt=\"strat de primavara\" class=\"wp-image-8187\" srcset=\"https:\/\/stilorganizat.com\/wp-content\/uploads\/2023\/04\/strat-incarcat-de-plante-1024x1024.jpg 1024w, https:\/\/stilorganizat.com\/wp-content\/uploads\/2023\/04\/strat-incarcat-de-plante-300x300.jpg 300w, https:\/\/stilorganizat.com\/wp-content\/uploads\/2023\/04\/strat-incarcat-de-plante-150x150.jpg 150w, https:\/\/stilorganizat.com\/wp-content\/uploads\/2023\/04\/strat-incarcat-de-plante-768x768.jpg 768w, https:\/\/stilorganizat.com\/wp-content\/uploads\/2023\/04\/strat-incarcat-de-plante-1536x1536.jpg 1536w, https:\/\/stilorganizat.com\/wp-content\/uploads\/2023\/04\/strat-incarcat-de-plante.jpg 1800w\" sizes=\"(max-width: 1024px) 100vw, 1024px\" \/><\/a><\/figure>\n\n\n\n<p>Articolul urm\u0103tor despre gr\u0103din\u0103 \u00eei va ar\u0103ta locurile \u00een care am de lucru, de organizat \u0219i de \u00eengrijit la nivelul micro, ca s\u0103 spun a\u0219a. Am neglijat-o un an \u00eentreg \u0219i de acum v\u0103 voi face parte a acestei c\u0103l\u0103torii de recuperare a unei gr\u0103dini cu mare poten\u021bial. Un fel de &#8211; \u00een spatele scenelor spectaculoase cu flori pe care le-am ar\u0103tat azi.<\/p>\n","protected":false},"excerpt":{"rendered":"<p>Reiau articolele despre gr\u0103dina. Ast\u0103zi scriu despre gr\u0103dina de aprilie, \u00een care includ plantele care sunt la apogeu \u00een aceast\u0103 perioad\u0103. Florile de aprilie Narcisele &#8211; am numeroase soiuri, simple sau b\u0103tute, \u00een toate nuan\u021bele de galben. Cele mai multe formeaz\u0103 straturi compacte pentru c\u0103 le-am l\u0103sat s\u0103 se dezvolte \u00een voie. Am foarte multe zambile b\u0103tute pe care le-am plantat din ghivece cump\u0103rate sau primite prim\u0103vara. (\u00cemi place s\u0103 primesc zambile \u0219i narcise deosebite la ghiveci pentru c\u0103 \u0219tiu<\/p>\n","protected":false},"author":1,"featured_media":8199,"comment_status":"open","ping_status":"open","sticky":false,"template":"","format":"standard","meta":[],"categories":[37,8,25,1],"tags":[410,148,393,81,411,324,409],"yoast_head":"<!-- This site is optimized with the Yoast SEO plugin v17.7.1 - https:\/\/yoast.com\/wordpress\/plugins\/seo\/ -->\n<title>Gr\u0103dina de aprilie cu florile ei - StilOrganizat<\/title>\n<meta name=\"description\" content=\"Gr\u0103dina de aprilie are flori interesante, straturi spectaculoase, iar eu am o dorin\u021b\u0103 fierbinte s\u0103 o fac \u0219i mai frumoas\u0103\" \/>\n<meta name=\"robots\" content=\"index, follow, max-snippet:-1, max-image-preview:large, max-video-preview:-1\" \/>\n<link rel=\"canonical\" href=\"https:\/\/stilorganizat.com\/?p=8167\" \/>\n<meta property=\"og:locale\" content=\"en_US\" \/>\n<meta property=\"og:type\" content=\"article\" \/>\n<meta property=\"og:title\" content=\"Gr\u0103dina de aprilie cu florile ei - StilOrganizat\" \/>\n<meta property=\"og:description\" content=\"Gr\u0103dina de aprilie are flori interesante, straturi spectaculoase, iar eu am o dorin\u021b\u0103 fierbinte s\u0103 o fac \u0219i mai frumoas\u0103\" \/>\n<meta property=\"og:url\" content=\"https:\/\/stilorganizat.com\/?p=8167\" \/>\n<meta property=\"og:site_name\" content=\"StilOrganizat\" \/>\n<meta property=\"article:published_time\" content=\"2023-04-15T12:03:27+00:00\" \/>\n<meta property=\"article:modified_time\" content=\"2023-04-15T12:03:31+00:00\" \/>\n<meta property=\"og:image\" content=\"https:\/\/stilorganizat.com\/wp-content\/uploads\/2023\/04\/cires-inflorit.jpg\" \/>\n\t<meta property=\"og:image:width\" content=\"1800\" \/>\n\t<meta property=\"og:image:height\" content=\"1800\" \/>\n<meta name=\"twitter:card\" content=\"summary_large_image\" \/>\n<meta name=\"twitter:label1\" content=\"Written by\" \/>\n\t<meta name=\"twitter:data1\" content=\"Ela\" \/>\n\t<meta name=\"twitter:label2\" content=\"Est. reading time\" \/>\n\t<meta name=\"twitter:data2\" content=\"6 minutes\" \/>\n<script type=\"application\/ld+json\" class=\"yoast-schema-graph\">{\"@context\":\"https:\/\/schema.org\",\"@graph\":[{\"@type\":\"WebSite\",\"@id\":\"https:\/\/stilorganizat.com\/#website\",\"url\":\"https:\/\/stilorganizat.com\/\",\"name\":\"StilOrganizat\",\"description\":\"\",\"publisher\":{\"@id\":\"https:\/\/stilorganizat.com\/#\/schema\/person\/925650ea34ea4181154192c09316af88\"},\"potentialAction\":[{\"@type\":\"SearchAction\",\"target\":{\"@type\":\"EntryPoint\",\"urlTemplate\":\"https:\/\/stilorganizat.com\/?s={search_term_string}\"},\"query-input\":\"required name=search_term_string\"}],\"inLanguage\":\"en-US\"},{\"@type\":\"ImageObject\",\"@id\":\"https:\/\/stilorganizat.com\/?p=8167#primaryimage\",\"inLanguage\":\"en-US\",\"url\":\"https:\/\/stilorganizat.com\/wp-content\/uploads\/2023\/04\/cires-inflorit.jpg\",\"contentUrl\":\"https:\/\/stilorganizat.com\/wp-content\/uploads\/2023\/04\/cires-inflorit.jpg\",\"width\":1800,\"height\":1800,\"caption\":\"cires inflorit\"},{\"@type\":\"WebPage\",\"@id\":\"https:\/\/stilorganizat.com\/?p=8167#webpage\",\"url\":\"https:\/\/stilorganizat.com\/?p=8167\",\"name\":\"Gr\\u0103dina de aprilie cu florile ei - StilOrganizat\",\"isPartOf\":{\"@id\":\"https:\/\/stilorganizat.com\/#website\"},\"primaryImageOfPage\":{\"@id\":\"https:\/\/stilorganizat.com\/?p=8167#primaryimage\"},\"datePublished\":\"2023-04-15T12:03:27+00:00\",\"dateModified\":\"2023-04-15T12:03:31+00:00\",\"description\":\"Gr\\u0103dina de aprilie are flori interesante, straturi spectaculoase, iar eu am o dorin\\u021b\\u0103 fierbinte s\\u0103 o fac \\u0219i mai frumoas\\u0103\",\"breadcrumb\":{\"@id\":\"https:\/\/stilorganizat.com\/?p=8167#breadcrumb\"},\"inLanguage\":\"en-US\",\"potentialAction\":[{\"@type\":\"ReadAction\",\"target\":[\"https:\/\/stilorganizat.com\/?p=8167\"]}]},{\"@type\":\"BreadcrumbList\",\"@id\":\"https:\/\/stilorganizat.com\/?p=8167#breadcrumb\",\"itemListElement\":[{\"@type\":\"ListItem\",\"position\":1,\"name\":\"Home\",\"item\":\"https:\/\/stilorganizat.com\/\"},{\"@type\":\"ListItem\",\"position\":2,\"name\":\"Gradina\",\"item\":\"https:\/\/stilorganizat.com\/?cat=8\"},{\"@type\":\"ListItem\",\"position\":3,\"name\":\"Gradina pe luni\",\"item\":\"https:\/\/stilorganizat.com\/?cat=25\"},{\"@type\":\"ListItem\",\"position\":4,\"name\":\"Gr\\u0103dina de aprilie cu florile ei\"}]},{\"@type\":\"Article\",\"@id\":\"https:\/\/stilorganizat.com\/?p=8167#article\",\"isPartOf\":{\"@id\":\"https:\/\/stilorganizat.com\/?p=8167#webpage\"},\"author\":{\"@id\":\"https:\/\/stilorganizat.com\/#\/schema\/person\/925650ea34ea4181154192c09316af88\"},\"headline\":\"Gr\\u0103dina de aprilie cu florile ei\",\"datePublished\":\"2023-04-15T12:03:27+00:00\",\"dateModified\":\"2023-04-15T12:03:31+00:00\",\"mainEntityOfPage\":{\"@id\":\"https:\/\/stilorganizat.com\/?p=8167#webpage\"},\"wordCount\":571,\"commentCount\":4,\"publisher\":{\"@id\":\"https:\/\/stilorganizat.com\/#\/schema\/person\/925650ea34ea4181154192c09316af88\"},\"image\":{\"@id\":\"https:\/\/stilorganizat.com\/?p=8167#primaryimage\"},\"thumbnailUrl\":\"https:\/\/stilorganizat.com\/wp-content\/uploads\/2023\/04\/cires-inflorit.jpg\",\"keywords\":[\"erythronium\",\"flori de primavara\",\"gradina in aprilie\",\"gradina pe luni\",\"helleborus\",\"lalele\",\"zambile\"],\"articleSection\":[\"Featured\",\"Gradina\",\"Gradina pe luni\"],\"inLanguage\":\"en-US\",\"potentialAction\":[{\"@type\":\"CommentAction\",\"name\":\"Comment\",\"target\":[\"https:\/\/stilorganizat.com\/?p=8167#respond\"]}]},{\"@type\":[\"Person\",\"Organization\"],\"@id\":\"https:\/\/stilorganizat.com\/#\/schema\/person\/925650ea34ea4181154192c09316af88\",\"name\":\"Ela\",\"image\":{\"@type\":\"ImageObject\",\"@id\":\"https:\/\/stilorganizat.com\/#personlogo\",\"inLanguage\":\"en-US\",\"url\":\"https:\/\/secure.gravatar.com\/avatar\/8760904c7f0aa36ea71caf9864f47f82?s=96&d=identicon&r=g\",\"contentUrl\":\"https:\/\/secure.gravatar.com\/avatar\/8760904c7f0aa36ea71caf9864f47f82?s=96&d=identicon&r=g\",\"caption\":\"Ela\"},\"logo\":{\"@id\":\"https:\/\/stilorganizat.com\/#personlogo\"},\"sameAs\":[\"http:\/\/stilorganizat.ro\"]}]}<\/script>\n<!-- \/ Yoast SEO plugin. -->","yoast_head_json":{"title":"Gr\u0103dina de aprilie cu florile ei - StilOrganizat","description":"Gr\u0103dina de aprilie are flori interesante, straturi spectaculoase, iar eu am o dorin\u021b\u0103 fierbinte s\u0103 o fac \u0219i mai frumoas\u0103","robots":{"index":"index","follow":"follow","max-snippet":"max-snippet:-1","max-image-preview":"max-image-preview:large","max-video-preview":"max-video-preview:-1"},"canonical":"https:\/\/stilorganizat.com\/?p=8167","og_locale":"en_US","og_type":"article","og_title":"Gr\u0103dina de aprilie cu florile ei - StilOrganizat","og_description":"Gr\u0103dina de aprilie are flori interesante, straturi spectaculoase, iar eu am o dorin\u021b\u0103 fierbinte s\u0103 o fac \u0219i mai frumoas\u0103","og_url":"https:\/\/stilorganizat.com\/?p=8167","og_site_name":"StilOrganizat","article_published_time":"2023-04-15T12:03:27+00:00","article_modified_time":"2023-04-15T12:03:31+00:00","og_image":[{"width":1800,"height":1800,"url":"https:\/\/stilorganizat.com\/wp-content\/uploads\/2023\/04\/cires-inflorit.jpg","type":"image\/jpeg"}],"twitter_card":"summary_large_image","twitter_misc":{"Written by":"Ela","Est. reading time":"6 minutes"},"schema":{"@context":"https:\/\/schema.org","@graph":[{"@type":"WebSite","@id":"https:\/\/stilorganizat.com\/#website","url":"https:\/\/stilorganizat.com\/","name":"StilOrganizat","description":"","publisher":{"@id":"https:\/\/stilorganizat.com\/#\/schema\/person\/925650ea34ea4181154192c09316af88"},"potentialAction":[{"@type":"SearchAction","target":{"@type":"EntryPoint","urlTemplate":"https:\/\/stilorganizat.com\/?s={search_term_string}"},"query-input":"required name=search_term_string"}],"inLanguage":"en-US"},{"@type":"ImageObject","@id":"https:\/\/stilorganizat.com\/?p=8167#primaryimage","inLanguage":"en-US","url":"https:\/\/stilorganizat.com\/wp-content\/uploads\/2023\/04\/cires-inflorit.jpg","contentUrl":"https:\/\/stilorganizat.com\/wp-content\/uploads\/2023\/04\/cires-inflorit.jpg","width":1800,"height":1800,"caption":"cires inflorit"},{"@type":"WebPage","@id":"https:\/\/stilorganizat.com\/?p=8167#webpage","url":"https:\/\/stilorganizat.com\/?p=8167","name":"Gr\u0103dina de aprilie cu florile ei - StilOrganizat","isPartOf":{"@id":"https:\/\/stilorganizat.com\/#website"},"primaryImageOfPage":{"@id":"https:\/\/stilorganizat.com\/?p=8167#primaryimage"},"datePublished":"2023-04-15T12:03:27+00:00","dateModified":"2023-04-15T12:03:31+00:00","description":"Gr\u0103dina de aprilie are flori interesante, straturi spectaculoase, iar eu am o dorin\u021b\u0103 fierbinte s\u0103 o fac \u0219i mai frumoas\u0103","breadcrumb":{"@id":"https:\/\/stilorganizat.com\/?p=8167#breadcrumb"},"inLanguage":"en-US","potentialAction":[{"@type":"ReadAction","target":["https:\/\/stilorganizat.com\/?p=8167"]}]},{"@type":"BreadcrumbList","@id":"https:\/\/stilorganizat.com\/?p=8167#breadcrumb","itemListElement":[{"@type":"ListItem","position":1,"name":"Home","item":"https:\/\/stilorganizat.com\/"},{"@type":"ListItem","position":2,"name":"Gradina","item":"https:\/\/stilorganizat.com\/?cat=8"},{"@type":"ListItem","position":3,"name":"Gradina pe luni","item":"https:\/\/stilorganizat.com\/?cat=25"},{"@type":"ListItem","position":4,"name":"Gr\u0103dina de aprilie cu florile ei"}]},{"@type":"Article","@id":"https:\/\/stilorganizat.com\/?p=8167#article","isPartOf":{"@id":"https:\/\/stilorganizat.com\/?p=8167#webpage"},"author":{"@id":"https:\/\/stilorganizat.com\/#\/schema\/person\/925650ea34ea4181154192c09316af88"},"headline":"Gr\u0103dina de aprilie cu florile ei","datePublished":"2023-04-15T12:03:27+00:00","dateModified":"2023-04-15T12:03:31+00:00","mainEntityOfPage":{"@id":"https:\/\/stilorganizat.com\/?p=8167#webpage"},"wordCount":571,"commentCount":4,"publisher":{"@id":"https:\/\/stilorganizat.com\/#\/schema\/person\/925650ea34ea4181154192c09316af88"},"image":{"@id":"https:\/\/stilorganizat.com\/?p=8167#primaryimage"},"thumbnailUrl":"https:\/\/stilorganizat.com\/wp-content\/uploads\/2023\/04\/cires-inflorit.jpg","keywords":["erythronium","flori de primavara","gradina in aprilie","gradina pe luni","helleborus","lalele","zambile"],"articleSection":["Featured","Gradina","Gradina pe luni"],"inLanguage":"en-US","potentialAction":[{"@type":"CommentAction","name":"Comment","target":["https:\/\/stilorganizat.com\/?p=8167#respond"]}]},{"@type":["Person","Organization"],"@id":"https:\/\/stilorganizat.com\/#\/schema\/person\/925650ea34ea4181154192c09316af88","name":"Ela","image":{"@type":"ImageObject","@id":"https:\/\/stilorganizat.com\/#personlogo","inLanguage":"en-US","url":"https:\/\/secure.gravatar.com\/avatar\/8760904c7f0aa36ea71caf9864f47f82?s=96&d=identicon&r=g","contentUrl":"https:\/\/secure.gravatar.com\/avatar\/8760904c7f0aa36ea71caf9864f47f82?s=96&d=identicon&r=g","caption":"Ela"},"logo":{"@id":"https:\/\/stilorganizat.com\/#personlogo"},"sameAs":["http:\/\/stilorganizat.ro"]}]}},"_links":{"self":[{"href":"https:\/\/stilorganizat.com\/index.php?rest_route=\/wp\/v2\/posts\/8167"}],"collection":[{"href":"https:\/\/stilorganizat.com\/index.php?rest_route=\/wp\/v2\/posts"}],"about":[{"href":"https:\/\/stilorganizat.com\/index.php?rest_route=\/wp\/v2\/types\/post"}],"author":[{"embeddable":true,"href":"https:\/\/stilorganizat.com\/index.php?rest_route=\/wp\/v2\/users\/1"}],"replies":[{"embeddable":true,"href":"https:\/\/stilorganizat.com\/index.php?rest_route=%2Fwp%2Fv2%2Fcomments&post=8167"}],"version-history":[{"count":6,"href":"https:\/\/stilorganizat.com\/index.php?rest_route=\/wp\/v2\/posts\/8167\/revisions"}],"predecessor-version":[{"id":8203,"href":"https:\/\/stilorganizat.com\/index.php?rest_route=\/wp\/v2\/posts\/8167\/revisions\/8203"}],"wp:featuredmedia":[{"embeddable":true,"href":"https:\/\/stilorganizat.com\/index.php?rest_route=\/wp\/v2\/media\/8199"}],"wp:attachment":[{"href":"https:\/\/stilorganizat.com\/index.php?rest_route=%2Fwp%2Fv2%2Fmedia&parent=8167"}],"wp:term":[{"taxonomy":"category","embeddable":true,"href":"https:\/\/stilorganizat.com\/index.php?rest_route=%2Fwp%2Fv2%2Fcategories&post=8167"},{"taxonomy":"post_tag","embeddable":true,"href":"https:\/\/stilorganizat.com\/index.php?rest_route=%2Fwp%2Fv2%2Ftags&post=8167"}],"curies":[{"name":"wp","href":"https:\/\/api.w.org\/{rel}","templated":true}]}}