{"id":8101,"date":"2026-03-21T12:39:18","date_gmt":"2026-03-21T09:39:18","guid":{"rendered":"https:\/\/stilorganizat.com\/?p=8101"},"modified":"2026-03-21T12:45:22","modified_gmt":"2026-03-21T09:45:22","slug":"masa-de-paste-multicolora","status":"publish","type":"post","link":"https:\/\/stilorganizat.com\/?p=8101","title":{"rendered":"Mas\u0103 de Pa\u0219te multicolor\u0103"},"content":{"rendered":"\n<p><\/p>\n\n\n\n<p>Am redatat acest articol pentru c\u0103 este mereu simpatic s\u0103 revezi mese din trecut \u0219i s\u0103 te inspiri din ele.<\/p>\n\n\n\n<p>&#8230;&#8230;&#8230;&#8230;&#8230;&#8230;&#8230;&#8230;&#8230;&#8230;&#8230;&#8230;&#8230;&#8230;&#8230;&#8230;&#8230;&#8230;&#8230;&#8230;&#8230;&#8230;&#8230;&#8230;&#8230;&#8230;&#8230;&#8230;&#8230;. <\/p>\n\n\n\n<p>Anul acesta am imaginat o mas\u0103 de Pa\u0219te multicolor\u0103. <\/p>\n\n\n\n<figure class=\"wp-block-image size-large\"><a href=\"https:\/\/stilorganizat.com\/wp-content\/uploads\/2022\/04\/masa-de-Paste2.jpg\" rel=\"wp-prettyPhoto[8101]\"><img loading=\"lazy\" width=\"1024\" height=\"768\" src=\"https:\/\/stilorganizat.com\/wp-content\/uploads\/2022\/04\/masa-de-Paste2-1024x768.jpg\" alt=\"masa de Paste\" class=\"wp-image-8108\" srcset=\"https:\/\/stilorganizat.com\/wp-content\/uploads\/2022\/04\/masa-de-Paste2-1024x768.jpg 1024w, https:\/\/stilorganizat.com\/wp-content\/uploads\/2022\/04\/masa-de-Paste2-300x225.jpg 300w, https:\/\/stilorganizat.com\/wp-content\/uploads\/2022\/04\/masa-de-Paste2-768x576.jpg 768w, https:\/\/stilorganizat.com\/wp-content\/uploads\/2022\/04\/masa-de-Paste2-1536x1152.jpg 1536w, https:\/\/stilorganizat.com\/wp-content\/uploads\/2022\/04\/masa-de-Paste2.jpg 1800w\" sizes=\"(max-width: 1024px) 100vw, 1024px\" \/><\/a><\/figure>\n\n\n\n<p>Vesela e cea pe care am folosit-o la nenum\u0103rate mese de prim\u0103var\u0103. Am combinat obiectele altfel \u0219i m-am bucurat \u00eenc\u0103 o dat\u0103 de ele. De castroanele \u0219i farfuriile  Bordallo Pinheiro, de cele de la Zara Home, de paharele Ikea \u0219i de cele din cristal fin mo\u0219tenite. Singurul element nou este iepurele verde pe care l-am cump\u0103rat recent.<\/p>\n\n\n\n<p>Fa\u021ba de mas\u0103 nu trebuie neap\u0103rat s\u0103 acopere toat\u0103 masa. Se vede c\u0103 aceasta, din damasc \u00een picouri, e foarte mic\u0103, aproape ca un Tischlaufer. De aceea am a\u0219ezat \u0219ervete sub fiecare tac\u00e2m.<\/p>\n\n\n\n<figure class=\"wp-block-image size-large\"><a href=\"https:\/\/stilorganizat.com\/wp-content\/uploads\/2022\/04\/masa-de-Paste1.jpg\" rel=\"wp-prettyPhoto[8101]\"><img loading=\"lazy\" width=\"1024\" height=\"768\" src=\"https:\/\/stilorganizat.com\/wp-content\/uploads\/2022\/04\/masa-de-Paste1-1024x768.jpg\" alt=\"masa de Paste\" class=\"wp-image-8107\" srcset=\"https:\/\/stilorganizat.com\/wp-content\/uploads\/2022\/04\/masa-de-Paste1-1024x768.jpg 1024w, https:\/\/stilorganizat.com\/wp-content\/uploads\/2022\/04\/masa-de-Paste1-300x225.jpg 300w, https:\/\/stilorganizat.com\/wp-content\/uploads\/2022\/04\/masa-de-Paste1-768x576.jpg 768w, https:\/\/stilorganizat.com\/wp-content\/uploads\/2022\/04\/masa-de-Paste1-1536x1152.jpg 1536w, https:\/\/stilorganizat.com\/wp-content\/uploads\/2022\/04\/masa-de-Paste1.jpg 1800w\" sizes=\"(max-width: 1024px) 100vw, 1024px\" \/><\/a><\/figure>\n\n\n\n<p>Pe mas\u0103 nu sunt flori. Nu am sim\u021bit nevoia s\u0103 adaug, pentru c\u0103 zona de mas\u0103 din buc\u0103t\u0103rie e gr\u0103dina de iarn\u0103 acum, plin\u0103 de plante a\u0219ezate pe multiple \u00een\u0103l\u021bimi. Iar ceea ce nu apare \u00een fotografii: prin ferestre se vede gr\u0103dina plin\u0103 de lalele multicolore.<\/p>\n\n\n\n<p>Nu am elaborat un centru de mas\u0103 complicat pentru aceast\u0103 mas\u0103 de Pa\u0219te. Iepurele din mu\u0219chi sintetic e foarte nostim \u0219i p\u0103ze\u0219te ou\u0103le.<\/p>\n\n\n\n<figure class=\"wp-block-image size-large\"><a href=\"https:\/\/stilorganizat.com\/wp-content\/uploads\/2022\/04\/iepure-de-Paste.jpg\" rel=\"wp-prettyPhoto[8101]\"><img loading=\"lazy\" width=\"1024\" height=\"768\" src=\"https:\/\/stilorganizat.com\/wp-content\/uploads\/2022\/04\/iepure-de-Paste-1024x768.jpg\" alt=\"iepure de Paste\" class=\"wp-image-8104\" srcset=\"https:\/\/stilorganizat.com\/wp-content\/uploads\/2022\/04\/iepure-de-Paste-1024x768.jpg 1024w, https:\/\/stilorganizat.com\/wp-content\/uploads\/2022\/04\/iepure-de-Paste-300x225.jpg 300w, https:\/\/stilorganizat.com\/wp-content\/uploads\/2022\/04\/iepure-de-Paste-768x576.jpg 768w, https:\/\/stilorganizat.com\/wp-content\/uploads\/2022\/04\/iepure-de-Paste-1536x1152.jpg 1536w, https:\/\/stilorganizat.com\/wp-content\/uploads\/2022\/04\/iepure-de-Paste.jpg 1800w\" sizes=\"(max-width: 1024px) 100vw, 1024px\" \/><\/a><\/figure>\n\n\n\n<h2>C\u00e2teva preparate<\/h2>\n\n\n\n<p>Am cump\u0103rat demult o farfurie special\u0103 pentru ou\u0103, din colec\u021bia de prim\u0103var\u0103 de la Villeroy &amp; Boch \u0219i am folosit-o destul de rar. E foarte  frumoas\u0103 pentru ou\u0103 umplute. Rozmarinul \u00eenflorit din mijloc \u0219i p\u0103trunjelul cre\u021b sunt din gr\u0103dina de mirodenii.<\/p>\n\n\n\n<figure class=\"wp-block-image size-large\"><a href=\"https:\/\/stilorganizat.com\/wp-content\/uploads\/2022\/04\/oua-umplute-ornate-cu-patrunjel.jpg\" rel=\"wp-prettyPhoto[8101]\"><img loading=\"lazy\" width=\"1024\" height=\"768\" src=\"https:\/\/stilorganizat.com\/wp-content\/uploads\/2022\/04\/oua-umplute-ornate-cu-patrunjel-1024x768.jpg\" alt=\"oua umplute\" class=\"wp-image-8109\" srcset=\"https:\/\/stilorganizat.com\/wp-content\/uploads\/2022\/04\/oua-umplute-ornate-cu-patrunjel-1024x768.jpg 1024w, https:\/\/stilorganizat.com\/wp-content\/uploads\/2022\/04\/oua-umplute-ornate-cu-patrunjel-300x225.jpg 300w, https:\/\/stilorganizat.com\/wp-content\/uploads\/2022\/04\/oua-umplute-ornate-cu-patrunjel-768x576.jpg 768w, https:\/\/stilorganizat.com\/wp-content\/uploads\/2022\/04\/oua-umplute-ornate-cu-patrunjel-1536x1152.jpg 1536w, https:\/\/stilorganizat.com\/wp-content\/uploads\/2022\/04\/oua-umplute-ornate-cu-patrunjel.jpg 1800w\" sizes=\"(max-width: 1024px) 100vw, 1024px\" \/><\/a><\/figure>\n\n\n\n<p>\u00cemi place ca prim\u0103vara s\u0103 prepar dulciuri cu fructe de p\u0103dure. <\/p>\n\n\n\n<p>La re\u021beta de <a href=\"https:\/\/stilorganizat.com\/?p=476\" target=\"_blank\" rel=\"noreferrer noopener\">Panna Cotta am ad\u0103ugat acum un piure de c\u0103p\u0219uni<\/a> \u0219i am ornat-o cu afine \u0219i ment\u0103.<\/p>\n\n\n\n<figure class=\"wp-block-image size-large\"><a href=\"https:\/\/stilorganizat.com\/wp-content\/uploads\/2022\/04\/panna-cotta-cu-capsuni.jpg\" rel=\"wp-prettyPhoto[8101]\"><img loading=\"lazy\" width=\"1024\" height=\"768\" src=\"https:\/\/stilorganizat.com\/wp-content\/uploads\/2022\/04\/panna-cotta-cu-capsuni-1024x768.jpg\" alt=\"panna cotta cu piure de capsuni\" class=\"wp-image-8110\" srcset=\"https:\/\/stilorganizat.com\/wp-content\/uploads\/2022\/04\/panna-cotta-cu-capsuni-1024x768.jpg 1024w, https:\/\/stilorganizat.com\/wp-content\/uploads\/2022\/04\/panna-cotta-cu-capsuni-300x225.jpg 300w, https:\/\/stilorganizat.com\/wp-content\/uploads\/2022\/04\/panna-cotta-cu-capsuni-768x576.jpg 768w, https:\/\/stilorganizat.com\/wp-content\/uploads\/2022\/04\/panna-cotta-cu-capsuni-1536x1152.jpg 1536w, https:\/\/stilorganizat.com\/wp-content\/uploads\/2022\/04\/panna-cotta-cu-capsuni.jpg 1800w\" sizes=\"(max-width: 1024px) 100vw, 1024px\" \/><\/a><\/figure>\n\n\n\n<p><a href=\"https:\/\/stilorganizat.com\/?p=4412\" target=\"_blank\" rel=\"noreferrer noopener\">Charlota de ciocolat\u0103 alb\u0103 <\/a> e un desert clasic pe care \u00eel fac de c\u00e2te ori am ocazia. Acum am umplut-o cu c\u0103p\u0219uni.<\/p>\n\n\n\n<figure class=\"wp-block-image size-large\"><a href=\"https:\/\/stilorganizat.com\/wp-content\/uploads\/2022\/04\/charlota-cu-ciocolata.jpg\" rel=\"wp-prettyPhoto[8101]\"><img loading=\"lazy\" width=\"1024\" height=\"768\" src=\"https:\/\/stilorganizat.com\/wp-content\/uploads\/2022\/04\/charlota-cu-ciocolata-1024x768.jpg\" alt=\"charlota de ciocolata alba\" class=\"wp-image-8103\" srcset=\"https:\/\/stilorganizat.com\/wp-content\/uploads\/2022\/04\/charlota-cu-ciocolata-1024x768.jpg 1024w, https:\/\/stilorganizat.com\/wp-content\/uploads\/2022\/04\/charlota-cu-ciocolata-300x225.jpg 300w, https:\/\/stilorganizat.com\/wp-content\/uploads\/2022\/04\/charlota-cu-ciocolata-768x576.jpg 768w, https:\/\/stilorganizat.com\/wp-content\/uploads\/2022\/04\/charlota-cu-ciocolata-1536x1152.jpg 1536w, https:\/\/stilorganizat.com\/wp-content\/uploads\/2022\/04\/charlota-cu-ciocolata.jpg 1800w\" sizes=\"(max-width: 1024px) 100vw, 1024px\" \/><\/a><\/figure>\n\n\n\n<p>V\u0103 dest\u0103inuiesc c\u0103 aceast\u0103 mas\u0103 a avut loc deja. \u00centr-un fel, anul acesta s\u0103rb\u0103torim Pa\u0219tele de dou\u0103 ori: \u0219i pe cel catolic \u0219i pe cel ortodox. \u00cent\u00e2lnirea cu dragii no\u0219tri copii e binecuv\u00e2ntat\u0103 oric\u00e2nd s-ar petrece.<\/p>\n\n\n\n<figure class=\"wp-block-image size-large\"><a href=\"https:\/\/stilorganizat.com\/wp-content\/uploads\/2022\/04\/masa-de-paste.jpg\" rel=\"wp-prettyPhoto[8101]\"><img loading=\"lazy\" width=\"1024\" height=\"768\" src=\"https:\/\/stilorganizat.com\/wp-content\/uploads\/2022\/04\/masa-de-paste-1024x768.jpg\" alt=\"masa de Paste\" class=\"wp-image-8106\" srcset=\"https:\/\/stilorganizat.com\/wp-content\/uploads\/2022\/04\/masa-de-paste-1024x768.jpg 1024w, https:\/\/stilorganizat.com\/wp-content\/uploads\/2022\/04\/masa-de-paste-300x225.jpg 300w, https:\/\/stilorganizat.com\/wp-content\/uploads\/2022\/04\/masa-de-paste-768x576.jpg 768w, https:\/\/stilorganizat.com\/wp-content\/uploads\/2022\/04\/masa-de-paste-1536x1152.jpg 1536w, https:\/\/stilorganizat.com\/wp-content\/uploads\/2022\/04\/masa-de-paste.jpg 1800w\" sizes=\"(max-width: 1024px) 100vw, 1024px\" \/><\/a><\/figure>\n\n\n\n<p><\/p>\n\n\n\n<p><\/p>\n\n\n\n<h2>Alte mese de prim\u0103var\u0103, dac\u0103 vre\u021bi s\u0103 revede\u021bi:  <\/h2>\n\n\n\n<p><\/p>\n\n\n\n<figure class=\"wp-block-image size-large\"><a href=\"https:\/\/stilorganizat.com\/wp-content\/uploads\/2020\/04\/masa-de-primavara-cu-lalele-mov.jpg\" rel=\"wp-prettyPhoto[8101]\"><img loading=\"lazy\" width=\"1024\" height=\"726\" src=\"https:\/\/stilorganizat.com\/wp-content\/uploads\/2020\/04\/masa-de-primavara-cu-lalele-mov-1024x726.jpg\" alt=\"masa cu lalele\" class=\"wp-image-7001\" srcset=\"https:\/\/stilorganizat.com\/wp-content\/uploads\/2020\/04\/masa-de-primavara-cu-lalele-mov-1024x726.jpg 1024w, https:\/\/stilorganizat.com\/wp-content\/uploads\/2020\/04\/masa-de-primavara-cu-lalele-mov-300x213.jpg 300w, https:\/\/stilorganizat.com\/wp-content\/uploads\/2020\/04\/masa-de-primavara-cu-lalele-mov-768x545.jpg 768w, https:\/\/stilorganizat.com\/wp-content\/uploads\/2020\/04\/masa-de-primavara-cu-lalele-mov-1536x1090.jpg 1536w, https:\/\/stilorganizat.com\/wp-content\/uploads\/2020\/04\/masa-de-primavara-cu-lalele-mov.jpg 1800w\" sizes=\"(max-width: 1024px) 100vw, 1024px\" \/><\/a><\/figure>\n\n\n\n<p class=\"has-text-align-center\"><a href=\"https:\/\/stilorganizat.com\/?p=6994\" target=\"_blank\" rel=\"noreferrer noopener\">Mas\u0103 cu lalele<\/a><\/p>\n\n\n\n<figure class=\"wp-block-image size-large\"><a href=\"https:\/\/stilorganizat.com\/wp-content\/uploads\/2019\/04\/masa-festiva-cu-flori.jpg\" rel=\"wp-prettyPhoto[8101]\"><img loading=\"lazy\" width=\"1024\" height=\"683\" src=\"https:\/\/stilorganizat.com\/wp-content\/uploads\/2019\/04\/masa-festiva-cu-flori-1024x683.jpg\" alt=\"masa festiva cu flori\" class=\"wp-image-5998\" srcset=\"https:\/\/stilorganizat.com\/wp-content\/uploads\/2019\/04\/masa-festiva-cu-flori-1024x683.jpg 1024w, https:\/\/stilorganizat.com\/wp-content\/uploads\/2019\/04\/masa-festiva-cu-flori-300x200.jpg 300w, https:\/\/stilorganizat.com\/wp-content\/uploads\/2019\/04\/masa-festiva-cu-flori-768x512.jpg 768w, https:\/\/stilorganizat.com\/wp-content\/uploads\/2019\/04\/masa-festiva-cu-flori.jpg 1800w\" sizes=\"(max-width: 1024px) 100vw, 1024px\" \/><\/a><\/figure>\n\n\n\n<p class=\"has-text-align-center\">O m<a href=\"https:\/\/stilorganizat.com\/?p=5992\" target=\"_blank\" rel=\"noreferrer noopener\">as\u0103 festiv\u0103 cu flori<\/a><\/p>\n\n\n\n<figure class=\"wp-block-image size-large\"><a href=\"https:\/\/stilorganizat.com\/wp-content\/uploads\/2019\/04\/masa-festiva-de-primavara-in-roz-si-verde-2.jpg\" rel=\"wp-prettyPhoto[8101]\"><img loading=\"lazy\" width=\"1024\" height=\"713\" src=\"https:\/\/stilorganizat.com\/wp-content\/uploads\/2019\/04\/masa-festiva-de-primavara-in-roz-si-verde-2-1024x713.jpg\" alt=\"masa festiva de primavara in roz si verde\" class=\"wp-image-5958\" srcset=\"https:\/\/stilorganizat.com\/wp-content\/uploads\/2019\/04\/masa-festiva-de-primavara-in-roz-si-verde-2-1024x713.jpg 1024w, https:\/\/stilorganizat.com\/wp-content\/uploads\/2019\/04\/masa-festiva-de-primavara-in-roz-si-verde-2-300x209.jpg 300w, https:\/\/stilorganizat.com\/wp-content\/uploads\/2019\/04\/masa-festiva-de-primavara-in-roz-si-verde-2-768x535.jpg 768w, https:\/\/stilorganizat.com\/wp-content\/uploads\/2019\/04\/masa-festiva-de-primavara-in-roz-si-verde-2.jpg 1800w\" sizes=\"(max-width: 1024px) 100vw, 1024px\" \/><\/a><\/figure>\n\n\n\n<p class=\"has-text-align-center\"><a href=\"https:\/\/stilorganizat.com\/?p=5949\" target=\"_blank\" rel=\"noreferrer noopener\">Mas\u0103 \u00een roz \u0219i verde<\/a><\/p>\n\n\n\n<div class=\"wp-block-image\"><figure class=\"aligncenter size-full\"><a href=\"https:\/\/stilorganizat.com\/wp-content\/uploads\/2015\/02\/Masa-cu-gargarite-3.jpg\" rel=\"wp-prettyPhoto[8101]\"><img loading=\"lazy\" width=\"620\" height=\"460\" src=\"https:\/\/stilorganizat.com\/wp-content\/uploads\/2015\/02\/Masa-cu-gargarite-3.jpg\" alt=\"\" class=\"wp-image-3771\" srcset=\"https:\/\/stilorganizat.com\/wp-content\/uploads\/2015\/02\/Masa-cu-gargarite-3.jpg 620w, https:\/\/stilorganizat.com\/wp-content\/uploads\/2015\/02\/Masa-cu-gargarite-3-300x223.jpg 300w\" sizes=\"(max-width: 620px) 100vw, 620px\" \/><\/a><\/figure><\/div>\n\n\n\n<p class=\"has-text-align-center\">O <a href=\"https:\/\/stilorganizat.com\/?p=3767\" target=\"_blank\" rel=\"noreferrer noopener\">mas\u0103 cu buburuze<\/a><\/p>\n\n\n\n<div class=\"wp-block-image\"><figure class=\"aligncenter size-full\"><a href=\"https:\/\/stilorganizat.com\/wp-content\/uploads\/2015\/02\/Masa-de-primavara-6.jpg\" rel=\"wp-prettyPhoto[8101]\"><img loading=\"lazy\" width=\"620\" height=\"436\" src=\"https:\/\/stilorganizat.com\/wp-content\/uploads\/2015\/02\/Masa-de-primavara-6.jpg\" alt=\"Spring tablescape\" class=\"wp-image-3758\" srcset=\"https:\/\/stilorganizat.com\/wp-content\/uploads\/2015\/02\/Masa-de-primavara-6.jpg 620w, https:\/\/stilorganizat.com\/wp-content\/uploads\/2015\/02\/Masa-de-primavara-6-300x211.jpg 300w\" sizes=\"(max-width: 620px) 100vw, 620px\" \/><\/a><\/figure><\/div>\n\n\n\n<p class=\"has-text-align-center\"><a href=\"https:\/\/stilorganizat.com\/?p=3751\" target=\"_blank\" rel=\"noreferrer noopener\">Mas\u0103 suav\u0103 de prim\u0103var\u0103<\/a><\/p>\n\n\n\n<div class=\"wp-block-image\"><figure class=\"aligncenter size-full\"><a href=\"https:\/\/stilorganizat.com\/wp-content\/uploads\/2014\/04\/Masa-de-primavara-cu-flori-si-fluturi-7.jpg\" rel=\"wp-prettyPhoto[8101]\"><img loading=\"lazy\" width=\"620\" height=\"398\" src=\"https:\/\/stilorganizat.com\/wp-content\/uploads\/2014\/04\/Masa-de-primavara-cu-flori-si-fluturi-7.jpg\" alt=\"masa de primavara\" class=\"wp-image-3098\" srcset=\"https:\/\/stilorganizat.com\/wp-content\/uploads\/2014\/04\/Masa-de-primavara-cu-flori-si-fluturi-7.jpg 620w, https:\/\/stilorganizat.com\/wp-content\/uploads\/2014\/04\/Masa-de-primavara-cu-flori-si-fluturi-7-300x192.jpg 300w\" sizes=\"(max-width: 620px) 100vw, 620px\" \/><\/a><\/figure><\/div>\n\n\n\n<p class=\"has-text-align-center\">O m<a href=\"https:\/\/stilorganizat.com\/?p=3090\" target=\"_blank\" rel=\"noreferrer noopener\">as\u0103 de prim\u0103var\u0103 cu flori \u0219i fluturi<\/a><\/p>\n","protected":false},"excerpt":{"rendered":"<p>Am redatat acest articol pentru c\u0103 este mereu simpatic s\u0103 revezi mese din trecut \u0219i s\u0103 te inspiri din ele. &#8230;&#8230;&#8230;&#8230;&#8230;&#8230;&#8230;&#8230;&#8230;&#8230;&#8230;&#8230;&#8230;&#8230;&#8230;&#8230;&#8230;&#8230;&#8230;&#8230;&#8230;&#8230;&#8230;&#8230;&#8230;&#8230;&#8230;&#8230;&#8230;. Anul acesta am imaginat o mas\u0103 de Pa\u0219te multicolor\u0103. Vesela e cea pe care am folosit-o la nenum\u0103rate mese de prim\u0103var\u0103. Am combinat obiectele altfel \u0219i m-am bucurat \u00eenc\u0103 o dat\u0103 de ele. De castroanele \u0219i farfuriile Bordallo Pinheiro, de cele de la Zara Home, de paharele Ikea \u0219i de cele din cristal fin mo\u0219tenite. Singurul element nou este<\/p>\n","protected":false},"author":1,"featured_media":8106,"comment_status":"open","ping_status":"open","sticky":false,"template":"","format":"standard","meta":[],"categories":[38,37,5],"tags":[32,296,164,129],"yoast_head":"<!-- This site is optimized with the Yoast SEO plugin v17.7.1 - https:\/\/yoast.com\/wordpress\/plugins\/seo\/ -->\n<title>Mas\u0103 de Pa\u0219te multicolor\u0103 - StilOrganizat<\/title>\n<meta name=\"description\" content=\"Masa de Pa\u0219te de anul acesta este multicolor\u0103. Urm\u0103ri\u021bi cum am aranjat-o \u0219i revede\u021bi mesele de prim\u0103var\u0103 din anii trecu\u021bi.\" \/>\n<meta name=\"robots\" content=\"index, follow, max-snippet:-1, max-image-preview:large, max-video-preview:-1\" \/>\n<link rel=\"canonical\" href=\"https:\/\/stilorganizat.com\/?p=8101\" \/>\n<meta property=\"og:locale\" content=\"en_US\" \/>\n<meta property=\"og:type\" content=\"article\" \/>\n<meta property=\"og:title\" content=\"Mas\u0103 de Pa\u0219te multicolor\u0103 - StilOrganizat\" \/>\n<meta property=\"og:description\" content=\"Masa de Pa\u0219te de anul acesta este multicolor\u0103. Urm\u0103ri\u021bi cum am aranjat-o \u0219i revede\u021bi mesele de prim\u0103var\u0103 din anii trecu\u021bi.\" \/>\n<meta property=\"og:url\" content=\"https:\/\/stilorganizat.com\/?p=8101\" \/>\n<meta property=\"og:site_name\" content=\"StilOrganizat\" \/>\n<meta property=\"article:published_time\" content=\"2026-03-21T09:39:18+00:00\" \/>\n<meta property=\"article:modified_time\" content=\"2026-03-21T09:45:22+00:00\" \/>\n<meta property=\"og:image\" content=\"https:\/\/stilorganizat.com\/wp-content\/uploads\/2022\/04\/masa-de-paste.jpg\" \/>\n\t<meta property=\"og:image:width\" content=\"1800\" \/>\n\t<meta property=\"og:image:height\" content=\"1350\" \/>\n<meta name=\"twitter:card\" content=\"summary_large_image\" \/>\n<meta name=\"twitter:label1\" content=\"Written by\" \/>\n\t<meta name=\"twitter:data1\" content=\"Ela\" \/>\n\t<meta name=\"twitter:label2\" content=\"Est. reading time\" \/>\n\t<meta name=\"twitter:data2\" content=\"5 minutes\" \/>\n<script type=\"application\/ld+json\" class=\"yoast-schema-graph\">{\"@context\":\"https:\/\/schema.org\",\"@graph\":[{\"@type\":\"WebSite\",\"@id\":\"https:\/\/stilorganizat.com\/#website\",\"url\":\"https:\/\/stilorganizat.com\/\",\"name\":\"StilOrganizat\",\"description\":\"\",\"publisher\":{\"@id\":\"https:\/\/stilorganizat.com\/#\/schema\/person\/925650ea34ea4181154192c09316af88\"},\"potentialAction\":[{\"@type\":\"SearchAction\",\"target\":{\"@type\":\"EntryPoint\",\"urlTemplate\":\"https:\/\/stilorganizat.com\/?s={search_term_string}\"},\"query-input\":\"required name=search_term_string\"}],\"inLanguage\":\"en-US\"},{\"@type\":\"ImageObject\",\"@id\":\"https:\/\/stilorganizat.com\/?p=8101#primaryimage\",\"inLanguage\":\"en-US\",\"url\":\"https:\/\/stilorganizat.com\/wp-content\/uploads\/2022\/04\/masa-de-paste.jpg\",\"contentUrl\":\"https:\/\/stilorganizat.com\/wp-content\/uploads\/2022\/04\/masa-de-paste.jpg\",\"width\":1800,\"height\":1350,\"caption\":\"masa de Paste\"},{\"@type\":\"WebPage\",\"@id\":\"https:\/\/stilorganizat.com\/?p=8101#webpage\",\"url\":\"https:\/\/stilorganizat.com\/?p=8101\",\"name\":\"Mas\\u0103 de Pa\\u0219te multicolor\\u0103 - StilOrganizat\",\"isPartOf\":{\"@id\":\"https:\/\/stilorganizat.com\/#website\"},\"primaryImageOfPage\":{\"@id\":\"https:\/\/stilorganizat.com\/?p=8101#primaryimage\"},\"datePublished\":\"2026-03-21T09:39:18+00:00\",\"dateModified\":\"2026-03-21T09:45:22+00:00\",\"description\":\"Masa de Pa\\u0219te de anul acesta este multicolor\\u0103. Urm\\u0103ri\\u021bi cum am aranjat-o \\u0219i revede\\u021bi mesele de prim\\u0103var\\u0103 din anii trecu\\u021bi.\",\"breadcrumb\":{\"@id\":\"https:\/\/stilorganizat.com\/?p=8101#breadcrumb\"},\"inLanguage\":\"en-US\",\"potentialAction\":[{\"@type\":\"ReadAction\",\"target\":[\"https:\/\/stilorganizat.com\/?p=8101\"]}]},{\"@type\":\"BreadcrumbList\",\"@id\":\"https:\/\/stilorganizat.com\/?p=8101#breadcrumb\",\"itemListElement\":[{\"@type\":\"ListItem\",\"position\":1,\"name\":\"Home\",\"item\":\"https:\/\/stilorganizat.com\/\"},{\"@type\":\"ListItem\",\"position\":2,\"name\":\"Organizarea mesei\",\"item\":\"https:\/\/stilorganizat.com\/?cat=5\"},{\"@type\":\"ListItem\",\"position\":3,\"name\":\"Aranjarea meselor\",\"item\":\"https:\/\/stilorganizat.com\/?cat=38\"},{\"@type\":\"ListItem\",\"position\":4,\"name\":\"Mas\\u0103 de Pa\\u0219te multicolor\\u0103\"}]},{\"@type\":\"Article\",\"@id\":\"https:\/\/stilorganizat.com\/?p=8101#article\",\"isPartOf\":{\"@id\":\"https:\/\/stilorganizat.com\/?p=8101#webpage\"},\"author\":{\"@id\":\"https:\/\/stilorganizat.com\/#\/schema\/person\/925650ea34ea4181154192c09316af88\"},\"headline\":\"Mas\\u0103 de Pa\\u0219te multicolor\\u0103\",\"datePublished\":\"2026-03-21T09:39:18+00:00\",\"dateModified\":\"2026-03-21T09:45:22+00:00\",\"mainEntityOfPage\":{\"@id\":\"https:\/\/stilorganizat.com\/?p=8101#webpage\"},\"wordCount\":411,\"commentCount\":0,\"publisher\":{\"@id\":\"https:\/\/stilorganizat.com\/#\/schema\/person\/925650ea34ea4181154192c09316af88\"},\"image\":{\"@id\":\"https:\/\/stilorganizat.com\/?p=8101#primaryimage\"},\"thumbnailUrl\":\"https:\/\/stilorganizat.com\/wp-content\/uploads\/2022\/04\/masa-de-paste.jpg\",\"keywords\":[\"aranjarea mesei\",\"masa de Paste\",\"masa de primavara\",\"masa festiva\"],\"articleSection\":[\"Aranjarea meselor\",\"Featured\",\"Organizarea mesei\"],\"inLanguage\":\"en-US\",\"potentialAction\":[{\"@type\":\"CommentAction\",\"name\":\"Comment\",\"target\":[\"https:\/\/stilorganizat.com\/?p=8101#respond\"]}]},{\"@type\":[\"Person\",\"Organization\"],\"@id\":\"https:\/\/stilorganizat.com\/#\/schema\/person\/925650ea34ea4181154192c09316af88\",\"name\":\"Ela\",\"image\":{\"@type\":\"ImageObject\",\"@id\":\"https:\/\/stilorganizat.com\/#personlogo\",\"inLanguage\":\"en-US\",\"url\":\"https:\/\/secure.gravatar.com\/avatar\/8760904c7f0aa36ea71caf9864f47f82?s=96&d=identicon&r=g\",\"contentUrl\":\"https:\/\/secure.gravatar.com\/avatar\/8760904c7f0aa36ea71caf9864f47f82?s=96&d=identicon&r=g\",\"caption\":\"Ela\"},\"logo\":{\"@id\":\"https:\/\/stilorganizat.com\/#personlogo\"},\"sameAs\":[\"http:\/\/stilorganizat.ro\"]}]}<\/script>\n<!-- \/ Yoast SEO plugin. -->","yoast_head_json":{"title":"Mas\u0103 de Pa\u0219te multicolor\u0103 - StilOrganizat","description":"Masa de Pa\u0219te de anul acesta este multicolor\u0103. Urm\u0103ri\u021bi cum am aranjat-o \u0219i revede\u021bi mesele de prim\u0103var\u0103 din anii trecu\u021bi.","robots":{"index":"index","follow":"follow","max-snippet":"max-snippet:-1","max-image-preview":"max-image-preview:large","max-video-preview":"max-video-preview:-1"},"canonical":"https:\/\/stilorganizat.com\/?p=8101","og_locale":"en_US","og_type":"article","og_title":"Mas\u0103 de Pa\u0219te multicolor\u0103 - StilOrganizat","og_description":"Masa de Pa\u0219te de anul acesta este multicolor\u0103. Urm\u0103ri\u021bi cum am aranjat-o \u0219i revede\u021bi mesele de prim\u0103var\u0103 din anii trecu\u021bi.","og_url":"https:\/\/stilorganizat.com\/?p=8101","og_site_name":"StilOrganizat","article_published_time":"2026-03-21T09:39:18+00:00","article_modified_time":"2026-03-21T09:45:22+00:00","og_image":[{"width":1800,"height":1350,"url":"https:\/\/stilorganizat.com\/wp-content\/uploads\/2022\/04\/masa-de-paste.jpg","type":"image\/jpeg"}],"twitter_card":"summary_large_image","twitter_misc":{"Written by":"Ela","Est. reading time":"5 minutes"},"schema":{"@context":"https:\/\/schema.org","@graph":[{"@type":"WebSite","@id":"https:\/\/stilorganizat.com\/#website","url":"https:\/\/stilorganizat.com\/","name":"StilOrganizat","description":"","publisher":{"@id":"https:\/\/stilorganizat.com\/#\/schema\/person\/925650ea34ea4181154192c09316af88"},"potentialAction":[{"@type":"SearchAction","target":{"@type":"EntryPoint","urlTemplate":"https:\/\/stilorganizat.com\/?s={search_term_string}"},"query-input":"required name=search_term_string"}],"inLanguage":"en-US"},{"@type":"ImageObject","@id":"https:\/\/stilorganizat.com\/?p=8101#primaryimage","inLanguage":"en-US","url":"https:\/\/stilorganizat.com\/wp-content\/uploads\/2022\/04\/masa-de-paste.jpg","contentUrl":"https:\/\/stilorganizat.com\/wp-content\/uploads\/2022\/04\/masa-de-paste.jpg","width":1800,"height":1350,"caption":"masa de Paste"},{"@type":"WebPage","@id":"https:\/\/stilorganizat.com\/?p=8101#webpage","url":"https:\/\/stilorganizat.com\/?p=8101","name":"Mas\u0103 de Pa\u0219te multicolor\u0103 - StilOrganizat","isPartOf":{"@id":"https:\/\/stilorganizat.com\/#website"},"primaryImageOfPage":{"@id":"https:\/\/stilorganizat.com\/?p=8101#primaryimage"},"datePublished":"2026-03-21T09:39:18+00:00","dateModified":"2026-03-21T09:45:22+00:00","description":"Masa de Pa\u0219te de anul acesta este multicolor\u0103. Urm\u0103ri\u021bi cum am aranjat-o \u0219i revede\u021bi mesele de prim\u0103var\u0103 din anii trecu\u021bi.","breadcrumb":{"@id":"https:\/\/stilorganizat.com\/?p=8101#breadcrumb"},"inLanguage":"en-US","potentialAction":[{"@type":"ReadAction","target":["https:\/\/stilorganizat.com\/?p=8101"]}]},{"@type":"BreadcrumbList","@id":"https:\/\/stilorganizat.com\/?p=8101#breadcrumb","itemListElement":[{"@type":"ListItem","position":1,"name":"Home","item":"https:\/\/stilorganizat.com\/"},{"@type":"ListItem","position":2,"name":"Organizarea mesei","item":"https:\/\/stilorganizat.com\/?cat=5"},{"@type":"ListItem","position":3,"name":"Aranjarea meselor","item":"https:\/\/stilorganizat.com\/?cat=38"},{"@type":"ListItem","position":4,"name":"Mas\u0103 de Pa\u0219te multicolor\u0103"}]},{"@type":"Article","@id":"https:\/\/stilorganizat.com\/?p=8101#article","isPartOf":{"@id":"https:\/\/stilorganizat.com\/?p=8101#webpage"},"author":{"@id":"https:\/\/stilorganizat.com\/#\/schema\/person\/925650ea34ea4181154192c09316af88"},"headline":"Mas\u0103 de Pa\u0219te multicolor\u0103","datePublished":"2026-03-21T09:39:18+00:00","dateModified":"2026-03-21T09:45:22+00:00","mainEntityOfPage":{"@id":"https:\/\/stilorganizat.com\/?p=8101#webpage"},"wordCount":411,"commentCount":0,"publisher":{"@id":"https:\/\/stilorganizat.com\/#\/schema\/person\/925650ea34ea4181154192c09316af88"},"image":{"@id":"https:\/\/stilorganizat.com\/?p=8101#primaryimage"},"thumbnailUrl":"https:\/\/stilorganizat.com\/wp-content\/uploads\/2022\/04\/masa-de-paste.jpg","keywords":["aranjarea mesei","masa de Paste","masa de primavara","masa festiva"],"articleSection":["Aranjarea meselor","Featured","Organizarea mesei"],"inLanguage":"en-US","potentialAction":[{"@type":"CommentAction","name":"Comment","target":["https:\/\/stilorganizat.com\/?p=8101#respond"]}]},{"@type":["Person","Organization"],"@id":"https:\/\/stilorganizat.com\/#\/schema\/person\/925650ea34ea4181154192c09316af88","name":"Ela","image":{"@type":"ImageObject","@id":"https:\/\/stilorganizat.com\/#personlogo","inLanguage":"en-US","url":"https:\/\/secure.gravatar.com\/avatar\/8760904c7f0aa36ea71caf9864f47f82?s=96&d=identicon&r=g","contentUrl":"https:\/\/secure.gravatar.com\/avatar\/8760904c7f0aa36ea71caf9864f47f82?s=96&d=identicon&r=g","caption":"Ela"},"logo":{"@id":"https:\/\/stilorganizat.com\/#personlogo"},"sameAs":["http:\/\/stilorganizat.ro"]}]}},"_links":{"self":[{"href":"https:\/\/stilorganizat.com\/index.php?rest_route=\/wp\/v2\/posts\/8101"}],"collection":[{"href":"https:\/\/stilorganizat.com\/index.php?rest_route=\/wp\/v2\/posts"}],"about":[{"href":"https:\/\/stilorganizat.com\/index.php?rest_route=\/wp\/v2\/types\/post"}],"author":[{"embeddable":true,"href":"https:\/\/stilorganizat.com\/index.php?rest_route=\/wp\/v2\/users\/1"}],"replies":[{"embeddable":true,"href":"https:\/\/stilorganizat.com\/index.php?rest_route=%2Fwp%2Fv2%2Fcomments&post=8101"}],"version-history":[{"count":7,"href":"https:\/\/stilorganizat.com\/index.php?rest_route=\/wp\/v2\/posts\/8101\/revisions"}],"predecessor-version":[{"id":8363,"href":"https:\/\/stilorganizat.com\/index.php?rest_route=\/wp\/v2\/posts\/8101\/revisions\/8363"}],"wp:featuredmedia":[{"embeddable":true,"href":"https:\/\/stilorganizat.com\/index.php?rest_route=\/wp\/v2\/media\/8106"}],"wp:attachment":[{"href":"https:\/\/stilorganizat.com\/index.php?rest_route=%2Fwp%2Fv2%2Fmedia&parent=8101"}],"wp:term":[{"taxonomy":"category","embeddable":true,"href":"https:\/\/stilorganizat.com\/index.php?rest_route=%2Fwp%2Fv2%2Fcategories&post=8101"},{"taxonomy":"post_tag","embeddable":true,"href":"https:\/\/stilorganizat.com\/index.php?rest_route=%2Fwp%2Fv2%2Ftags&post=8101"}],"curies":[{"name":"wp","href":"https:\/\/api.w.org\/{rel}","templated":true}]}}