{"id":7772,"date":"2021-07-09T22:51:27","date_gmt":"2021-07-09T19:51:27","guid":{"rendered":"https:\/\/stilorganizat.com\/?p=7772"},"modified":"2021-07-10T08:16:47","modified_gmt":"2021-07-10T05:16:47","slug":"secretul-muscatelor-si-alte-amanunte","status":"publish","type":"post","link":"https:\/\/stilorganizat.com\/?p=7772","title":{"rendered":"Secretul mu\u0219catelor \u0219i alte am\u0103nunte"},"content":{"rendered":"\n<p>Una din plantele cele mai frumoase ale verii, mu\u0219cata (Pelargonium) vine \u00eentr-o diversitate de culori \u0219i soiuri. Nu numai florile, ci \u0219i frunzele sunt extrem de decorative, iar unele sunt chiar parfumate! \u00cen condi\u021biile actuale ale schimb\u0103rilor climatice, cu temperaturi mari \u0219i secet\u0103 vara, este alegerea perfect\u0103. Nu e prima dat\u0103 c\u00e2nd cresc mu\u0219cate. Totu\u0219i, niciodat\u0103 nu au fost at\u00e2t de spectaculoase. Plesnind de s\u0103n\u0103tate, cu zeci de flori desf\u0103cute, r\u00e2z\u00e2nd \u00een fiecare zi la soare! Secretul mu\u0219catelor este p\u0103m\u00e2ntul potrivit, a\u0219a cum am constatat de cur\u00e2nd. <\/p>\n\n\n\n<p>Dar alte mici am\u0103nunte au marcat drumul c\u0103tre rezultatul de acum. S\u0103 le lu\u0103m pe r\u00e2nd:<\/p>\n\n\n\n<figure class=\"wp-block-image size-large\"><a href=\"https:\/\/stilorganizat.com\/wp-content\/uploads\/2021\/07\/secretul-muscatelor-din-gradina.jpg\" rel=\"wp-prettyPhoto[7772]\"><img loading=\"lazy\" width=\"1024\" height=\"683\" src=\"https:\/\/stilorganizat.com\/wp-content\/uploads\/2021\/07\/secretul-muscatelor-din-gradina-1024x683.jpg\" alt=\"secretul muscatelor din gradina\" class=\"wp-image-7782\" srcset=\"https:\/\/stilorganizat.com\/wp-content\/uploads\/2021\/07\/secretul-muscatelor-din-gradina-1024x683.jpg 1024w, https:\/\/stilorganizat.com\/wp-content\/uploads\/2021\/07\/secretul-muscatelor-din-gradina-300x200.jpg 300w, https:\/\/stilorganizat.com\/wp-content\/uploads\/2021\/07\/secretul-muscatelor-din-gradina-768x512.jpg 768w, https:\/\/stilorganizat.com\/wp-content\/uploads\/2021\/07\/secretul-muscatelor-din-gradina-1536x1024.jpg 1536w, https:\/\/stilorganizat.com\/wp-content\/uploads\/2021\/07\/secretul-muscatelor-din-gradina.jpg 1800w\" sizes=\"(max-width: 1024px) 100vw, 1024px\" \/><\/a><\/figure>\n\n\n\n<h2>Ghivecele \u0219i substratul<\/h2>\n\n\n\n<p>Mu\u0219catele pot cre\u0219te direct \u00een straturile din gr\u0103din\u0103, \u00een ghivece sau \u00een co\u0219uri suspendate. Ele au nevoie de un loc \u00eensorit pentru a performa. Eu prefer s\u0103 le cultiv \u00een ghivece, de\u0219i am \u00eencercat \u0219i varianta gr\u0103dinii \u0219i le-a mers bine. Dar toamna oricum trebuie s\u0103 le scot din strat pentru c\u0103 nu rezist\u0103 la frig. <\/p>\n\n\n\n<p>Cu c\u00e2t ghiveciul e mai mare, implicit cantitatea de p\u0103m\u00e2nt folosit\u0103 mai mult\u0103, cu at\u00e2t mai bine. Mu\u0219catelor le place s\u0103 se desfete \u00een containere generoase. Dac\u0103 acestea au dimensiuni foarte mari, se pot folosi dou\u0103 sau trei exemplare, iar rezultatul va fi cu at\u00e2t mai impresionant.<\/p>\n\n\n\n<p>Anul acesta am folosit <a href=\"https:\/\/www.dedeman.ro\/pamant-pentru-muscate-si-flori-de-balcon-agro-cs-50-l\/p\/7027579\" target=\"_blank\" rel=\"noreferrer noopener\">p\u0103m\u00e2nt special de mu\u0219cate de la Agro<\/a>. Alt\u0103dat\u0103 consideram c\u0103 fac economie pun\u00e2nd ceva compost \u0219i, \u00een rest, p\u0103m\u00e2nt din gr\u0103din\u0103. S\u0103 \u0219ti\u021bi (sau poate \u0219ti\u021bi) c\u0103 nu func\u021bioneaz\u0103 a\u0219a! P\u0103m\u00e2ntul special pentru ghivece merit\u0103 fiecare b\u0103nu\u021b dat pe el. Cel de gr\u0103din\u0103 se compacteaz\u0103 \u0219i nu va l\u0103sa r\u0103d\u0103cinile s\u0103 respire \u0219i s\u0103 se dezvolte \u00een voie, iar planta va suferi. <\/p>\n\n\n\n<figure class=\"wp-block-image size-large\"><a href=\"https:\/\/stilorganizat.com\/wp-content\/uploads\/2021\/07\/secretul-muscatelor.jpg\" rel=\"wp-prettyPhoto[7772]\"><img loading=\"lazy\" width=\"1024\" height=\"683\" src=\"https:\/\/stilorganizat.com\/wp-content\/uploads\/2021\/07\/secretul-muscatelor-1024x683.jpg\" alt=\"secretul muscatelor\" class=\"wp-image-7783\" srcset=\"https:\/\/stilorganizat.com\/wp-content\/uploads\/2021\/07\/secretul-muscatelor-1024x683.jpg 1024w, https:\/\/stilorganizat.com\/wp-content\/uploads\/2021\/07\/secretul-muscatelor-300x200.jpg 300w, https:\/\/stilorganizat.com\/wp-content\/uploads\/2021\/07\/secretul-muscatelor-768x512.jpg 768w, https:\/\/stilorganizat.com\/wp-content\/uploads\/2021\/07\/secretul-muscatelor-1536x1024.jpg 1536w, https:\/\/stilorganizat.com\/wp-content\/uploads\/2021\/07\/secretul-muscatelor.jpg 1800w\" sizes=\"(max-width: 1024px) 100vw, 1024px\" \/><\/a><\/figure>\n\n\n\n<h2>Apa \u0219i \u00eengr\u0103\u0219\u0103mintele<\/h2>\n\n\n\n<p>Mu\u0219catele sunt rezistente la secet\u0103 \u0219i suport\u0103 ca \u00eentr-o zi s\u0103 nu primeasc\u0103 ap\u0103. Totu\u0219i, trebuie udate regulat \u00een perioadele caniculare, mai ales dac\u0103 ghivecele sunt mici (deci au p\u0103m\u00e2nt pu\u021bin la dispozi\u021bie).<\/p>\n\n\n\n<p>Substratul special men\u021bionat mai sus con\u021bine fertilizant pentru \u0219ase s\u0103pt\u0103m\u00e2ni. De\u0219i a trecut mai mult timp de la plantare, mu\u0219catele sunt \u00een continuare pline de flori \u0219i de boboci. \u00cen urm\u0103toarele s\u0103pt\u0103m\u00e2ni voi \u00eencepe s\u0103 adaug un fertilizant lichid bogat \u00een potasiu, \u00een concentra\u021bie mai mic\u0103 dec\u00e2t cea recomandat\u0103 \u00een instruc\u021biuni. Doar dac\u0103 acestea vor sim\u021bi nevoia, le voi preg\u0103ti hrana cu concentra\u021bia indicat\u0103 pe sticl\u0103.<\/p>\n\n\n\n<p>Procedez astfel pentru c\u0103 \u00een materie de fertilizan\u021bi, ce e prea mult d\u0103uneaz\u0103 s\u0103n\u0103t\u0103\u021bii plantelor, chiar dac\u0103, teoretic, ar trebui s\u0103 le fie mai bine.<\/p>\n\n\n\n<p>Aceast\u0103 opera\u021biune va dura p\u00e2n\u0103 \u00een toamn\u0103, apoi le las s\u0103 se odihneasc\u0103 \u00een sezonul rece. Pe timpul iernii le voi pune doar pu\u021bin\u0103 ap\u0103, atunci c\u00e2nd p\u0103m\u00e2ntul se usuc\u0103.<\/p>\n\n\n\n<figure class=\"wp-block-image size-large\"><a href=\"https:\/\/stilorganizat.com\/wp-content\/uploads\/2021\/07\/muscate-2.jpg\" rel=\"wp-prettyPhoto[7772]\"><img loading=\"lazy\" width=\"1024\" height=\"683\" src=\"https:\/\/stilorganizat.com\/wp-content\/uploads\/2021\/07\/muscate-2-1024x683.jpg\" alt=\"muscate\" class=\"wp-image-7780\" srcset=\"https:\/\/stilorganizat.com\/wp-content\/uploads\/2021\/07\/muscate-2-1024x683.jpg 1024w, https:\/\/stilorganizat.com\/wp-content\/uploads\/2021\/07\/muscate-2-300x200.jpg 300w, https:\/\/stilorganizat.com\/wp-content\/uploads\/2021\/07\/muscate-2-768x512.jpg 768w, https:\/\/stilorganizat.com\/wp-content\/uploads\/2021\/07\/muscate-2-1536x1024.jpg 1536w, https:\/\/stilorganizat.com\/wp-content\/uploads\/2021\/07\/muscate-2.jpg 1800w\" sizes=\"(max-width: 1024px) 100vw, 1024px\" \/><\/a><\/figure>\n\n\n\n<p><\/p>\n\n\n\n<h2>R\u0103saduri noi din plante vechi<\/h2>\n\n\n\n<p>Mu\u0219catele de acum provin din plante vechi, lemnoase, pe care am hot\u0103r\u00e2t anul trecut s\u0103 le \u00eentineresc. <\/p>\n\n\n\n<p>Astfel am ajuns la un num\u0103r foarte mare de noi plante cu care am \u00eempodobit gr\u0103dina \u0219i din care deasemenea am d\u0103ruit.<\/p>\n\n\n\n<p>Condi\u021biile de microclimat pe care le-am oferit pentru prinderea r\u0103sadurilor au fost suficiente. Nu am avut nevoie de hormoni de \u00eenr\u0103d\u0103cinare. Doar de un p\u0103m\u00e2nt special pentru r\u0103saduri, la care am ad\u0103ugat un surplus de nisip (pentru c\u0103 el deja avea \u00een compozi\u021bie nisip) \u0219i pu\u021bin perlit.<\/p>\n\n\n\n<p>Am a\u0219ezat l\u0103starii de mu\u0219cate \u00een ghivece, c\u00e2te trei, lipi\u021bi de marginea lor. Nu \u0219tiu de ce se procedeaz\u0103 astfel, dar a func\u021bionat. <\/p>\n\n\n\n<p>Am t\u0103iat tulpini noi, fragede, \u0219i am rupt frunzele de la baza lor, l\u0103s\u00e2nd cel pu\u021bin un nod din care se va forma r\u0103d\u0103cina.<\/p>\n\n\n\n<p>Am eliminat o parte din frunze pentru ca plantele s\u0103 nu piarda ap\u0103 prin respira\u021bie. Pentru c\u0103 ele trebuie s\u0103 se concentreze pe dezvoltarea r\u0103d\u0103cinilor. Le-am udat doar c\u00e2nd p\u0103m\u00e2ntul se usca. E foarte important s\u0103 nu fie udate prea mult pentru c\u0103 r\u0103d\u0103cinile \u00een formare pot putrezi repede.<\/p>\n\n\n\n<figure class=\"wp-block-image size-large\"><a href=\"https:\/\/stilorganizat.com\/wp-content\/uploads\/2021\/07\/plantare-muscate.jpg\" rel=\"wp-prettyPhoto[7772]\"><img loading=\"lazy\" width=\"1024\" height=\"683\" src=\"https:\/\/stilorganizat.com\/wp-content\/uploads\/2021\/07\/plantare-muscate-1024x683.jpg\" alt=\"plantare muscate\" class=\"wp-image-7784\" srcset=\"https:\/\/stilorganizat.com\/wp-content\/uploads\/2021\/07\/plantare-muscate-1024x683.jpg 1024w, https:\/\/stilorganizat.com\/wp-content\/uploads\/2021\/07\/plantare-muscate-300x200.jpg 300w, https:\/\/stilorganizat.com\/wp-content\/uploads\/2021\/07\/plantare-muscate-768x512.jpg 768w, https:\/\/stilorganizat.com\/wp-content\/uploads\/2021\/07\/plantare-muscate-1536x1024.jpg 1536w, https:\/\/stilorganizat.com\/wp-content\/uploads\/2021\/07\/plantare-muscate.jpg 1800w\" sizes=\"(max-width: 1024px) 100vw, 1024px\" \/><\/a><\/figure>\n\n\n\n<p>Din cele c\u00e2teva zeci de r\u0103saduri puse toamna trecut\u0103, doar trei-patru nu s-au prins. Ceea ce a dus la o dilem\u0103: ce  fac cu at\u00e2tea plante?!? Am g\u0103sit p\u00e2n\u0103 la urm\u0103 ghivece, am improvizat, am d\u0103ruit din ele \u0219i de celelalte m\u0103 voi bucura p\u00e2n\u0103 la toamn\u0103. De acest spectacol minunat pe care mi-l ofer\u0103 sutele de flori roz \u0219i ro\u0219ii.<\/p>\n\n\n\n<p>Opera\u021biunea de \u00eentinerire a mu\u0219catelor nu trebuie f\u0103cut\u0103 \u00een fiecare an. Ci doar atunci c\u00e2nd tulpinile devin prea lungi, lemnoase \u0219i gola\u0219e. <\/p>\n\n\n\n<p>Altfel, e necesar ca m\u0103car o parte din p\u0103m\u00e2nt s\u0103 fie schimbat pentru a asigura o \u00eenflorire bogat\u0103 \u00een sezonul urm\u0103tor.<\/p>\n\n\n\n<h2>Trecerea prin anotimpuri<\/h2>\n\n\n\n<p>Mu\u0219catele sunt plante exotice care nu rezist\u0103 afar\u0103 iarna. Ele sunt perene, deci pot fi \u021binute la ad\u0103post \u00een timpul iernii, iar c\u00e2nd temperaturile devin iar pozitive, sunt scoase \u00een aer liber. <\/p>\n\n\n\n<p>Unii gr\u0103dinari sf\u0103tuiesc s\u0103 le consider\u0103m anuale \u0219i s\u0103 le arunc\u0103m iarna, apoi prim\u0103vara s\u0103 cump\u0103r\u0103m plante noi. Nu m\u0103 pot g\u00e2ndi la un astfel de scenariu!<\/p>\n\n\n\n<h3 class=\"has-text-align-center\">Iarna<\/h3>\n\n\n\n<p>Pe timpul sezonului rece le \u021bin \u00een atelierul din subsol, a\u0219ezate pe rafturi, la ferestre sau \u00een apropierea lor. Temperaturile sunt de 10-15 C, suficient de mari pentru perioada lor de repaus. <\/p>\n\n\n\n<figure class=\"wp-block-image size-large\"><a href=\"https:\/\/stilorganizat.com\/wp-content\/uploads\/2021\/03\/raft-cu-plante.jpg\" rel=\"wp-prettyPhoto[7772]\"><img loading=\"lazy\" width=\"1024\" height=\"683\" src=\"https:\/\/stilorganizat.com\/wp-content\/uploads\/2021\/03\/raft-cu-plante-1024x683.jpg\" alt=\"jurnalul gradinii in martie - garajul\" class=\"wp-image-7678\" srcset=\"https:\/\/stilorganizat.com\/wp-content\/uploads\/2021\/03\/raft-cu-plante-1024x683.jpg 1024w, https:\/\/stilorganizat.com\/wp-content\/uploads\/2021\/03\/raft-cu-plante-300x200.jpg 300w, https:\/\/stilorganizat.com\/wp-content\/uploads\/2021\/03\/raft-cu-plante-768x512.jpg 768w, https:\/\/stilorganizat.com\/wp-content\/uploads\/2021\/03\/raft-cu-plante-1536x1024.jpg 1536w, https:\/\/stilorganizat.com\/wp-content\/uploads\/2021\/03\/raft-cu-plante.jpg 1800w\" sizes=\"(max-width: 1024px) 100vw, 1024px\" \/><\/a><\/figure>\n\n\n\n<p>Spre prim\u0103var\u0103, c\u00e2nd zilele sunt mai lungi \u0219i \u00eensorite, \u00eencep chiar s\u0103 \u00eenfloreasc\u0103. Aici primesc suficient\u0103 lumin\u0103 ca s\u0103 nu \u00ee\u0219i alungeasc\u0103 tulpinile \u00een c\u0103utarea ei. Astfel cresc viguroase \u0219i s\u0103n\u0103toase. Le ud moderat, doar c\u00e2nd p\u0103m\u00e2ntul se usuc\u0103.<\/p>\n\n\n\n<p>R\u0103sadurile stau ini\u021bial departe de soare, dar pe m\u0103sur\u0103 ce plantele se \u00eenr\u0103d\u0103cineaz\u0103 \u0219i \u00eencep s\u0103 se dezvolte frumos, le apropii \u0219i pe ele pe c\u00e2t posibil de ferestre.<\/p>\n\n\n\n<h3 class=\"has-text-align-center\">Prim\u0103vara<\/h3>\n\n\n\n<p>Prim\u0103vara, c\u00e2nd gerurile de noapte au trecut, le duc mai \u00eent\u00e2i \u00een ser\u0103 pentru a le obi\u0219nui cu diferen\u021bele de temperatur\u0103 zi-noapte. Este a\u0219a-zisul proces de \u00eent\u0103rire a rezisten\u021bei sau aclimatizare. Sera are sistem de  umbrire, astfel c\u0103 soarele nu este prea puternic ziua, iar noaptea sunt destul de protejate de temperaturile mici \u0219i de v\u00e2ntul rece.<\/p>\n\n\n\n<p>Pentru cine nu are ser\u0103, o verand\u0103 sau alt loc ferit de frig \u0219i v\u00e2nd e suficient de bun pentru aclimatizare.<\/p>\n\n\n\n<h3 class=\"has-text-align-center\">Vara<\/h3>\n\n\n\n<p>Dup\u0103 c\u00e2teva s\u0103pt\u0103m\u00e2ni, c\u00e2nd temperaturile sub zero grade nu mai sunt posibile \u0219i nop\u021bile au temperaturi de aproximativ 10 C \u00een majoritate, e timpul ca mu\u0219catele s\u0103 ajung\u0103 \u00een aer liber.<\/p>\n\n\n\n<figure class=\"wp-block-image size-large\"><a href=\"https:\/\/stilorganizat.com\/wp-content\/uploads\/2021\/07\/secretul-muscatelor-4.jpg\" rel=\"wp-prettyPhoto[7772]\"><img loading=\"lazy\" width=\"1024\" height=\"683\" src=\"https:\/\/stilorganizat.com\/wp-content\/uploads\/2021\/07\/secretul-muscatelor-4-1024x683.jpg\" alt=\"secretul muscatelor\" class=\"wp-image-7781\" srcset=\"https:\/\/stilorganizat.com\/wp-content\/uploads\/2021\/07\/secretul-muscatelor-4-1024x683.jpg 1024w, https:\/\/stilorganizat.com\/wp-content\/uploads\/2021\/07\/secretul-muscatelor-4-300x200.jpg 300w, https:\/\/stilorganizat.com\/wp-content\/uploads\/2021\/07\/secretul-muscatelor-4-768x512.jpg 768w, https:\/\/stilorganizat.com\/wp-content\/uploads\/2021\/07\/secretul-muscatelor-4-1536x1024.jpg 1536w, https:\/\/stilorganizat.com\/wp-content\/uploads\/2021\/07\/secretul-muscatelor-4.jpg 1800w\" sizes=\"(max-width: 1024px) 100vw, 1024px\" \/><\/a><\/figure>\n\n\n\n<h3 class=\"has-text-align-center\">Toamna<\/h3>\n\n\n\n<p>La fel, toamna, sunt cu ochii pe buletinul meteorologic \u00eencep\u00e2nd din octombrie, pentru a evita o catastrof\u0103 \u00een cazul unui \u00eenghe\u021b timpuriu. Plantele sunt destul de rezistente acum, dar mai bine evit riscul de a le vedea pierdute.<\/p>\n\n\n\n<h2>\u00centre\u021binere<\/h2>\n\n\n\n<p>Pe timpul iernii \u0219i \u00een perioada de aclimatizare inspectez regulat armata de ghivece \u0219i rup frunzele care s-au uscat.<\/p>\n\n\n\n<p>Pe timpul verii, am grij\u0103 s\u0103 tai florile uscate pentru a \u00eencuraja formarea de boboci noi. E unul din dezavantajele acestor plante. Pentru cei cu timp limitat, e o b\u0103taie de cap s\u0103 treac\u0103 \u00een mod regulat peste toate mu\u0219catele \u0219i s\u0103 le taie florile ofilite pentru a \u00eempiedica formarea semin\u021belor. Dar aceasta e o condi\u021bie pentru ca mu\u0219catele s\u0103 \u00eenfloreasc\u0103 intens.<\/p>\n\n\n\n<figure class=\"wp-block-image\"><img alt=\"\"\/><\/figure>\n\n\n\n<h2>\u00cen final&#8230;<\/h2>\n\n\n\n<p>Pot spune c\u0103 mu\u0219catele sunt plante care se cresc u\u0219or, cu condi\u021bia unor mici \u00eengrijiri&#8230; \u0219i a unui p\u0103m\u00eent special.<\/p>\n\n\n\n<figure class=\"wp-block-image size-large\"><a href=\"https:\/\/stilorganizat.com\/wp-content\/uploads\/2021\/07\/muscate-1.jpg\" rel=\"wp-prettyPhoto[7772]\"><img loading=\"lazy\" width=\"1024\" height=\"768\" src=\"https:\/\/stilorganizat.com\/wp-content\/uploads\/2021\/07\/muscate-1-1024x768.jpg\" alt=\"secretul muscatelor\" class=\"wp-image-7779\" srcset=\"https:\/\/stilorganizat.com\/wp-content\/uploads\/2021\/07\/muscate-1-1024x768.jpg 1024w, https:\/\/stilorganizat.com\/wp-content\/uploads\/2021\/07\/muscate-1-300x225.jpg 300w, https:\/\/stilorganizat.com\/wp-content\/uploads\/2021\/07\/muscate-1-768x576.jpg 768w, https:\/\/stilorganizat.com\/wp-content\/uploads\/2021\/07\/muscate-1-1536x1152.jpg 1536w, https:\/\/stilorganizat.com\/wp-content\/uploads\/2021\/07\/muscate-1.jpg 1800w\" sizes=\"(max-width: 1024px) 100vw, 1024px\" \/><\/a><\/figure>\n\n\n\n<p><\/p>\n","protected":false},"excerpt":{"rendered":"<p>Una din plantele cele mai frumoase ale verii, mu\u0219cata (Pelargonium) vine \u00eentr-o diversitate de culori \u0219i soiuri. Nu numai florile, ci \u0219i frunzele sunt extrem de decorative, iar unele sunt chiar parfumate! \u00cen condi\u021biile actuale ale schimb\u0103rilor climatice, cu temperaturi mari \u0219i secet\u0103 vara, este alegerea perfect\u0103. Nu e prima dat\u0103 c\u00e2nd cresc mu\u0219cate. Totu\u0219i, niciodat\u0103 nu au fost at\u00e2t de spectaculoase. Plesnind de s\u0103n\u0103tate, cu zeci de flori desf\u0103cute, r\u00e2z\u00e2nd \u00een fiecare zi la soare! Secretul mu\u0219catelor este p\u0103m\u00e2ntul<\/p>\n","protected":false},"author":1,"featured_media":7782,"comment_status":"open","ping_status":"open","sticky":false,"template":"","format":"standard","meta":[],"categories":[37,8,26],"tags":[206,81,395,295],"yoast_head":"<!-- This site is optimized with the Yoast SEO plugin v17.7.1 - https:\/\/yoast.com\/wordpress\/plugins\/seo\/ -->\n<title>Secretul mu\u0219catelor \u0219i alte am\u0103nunte - StilOrganizat<\/title>\n<meta name=\"description\" content=\"Care este secretul unor mu\u0219cate pline de flori? Acestea sunt plante u\u0219or de crescut, dar au nevoie de c\u00e2teva \u00eengrijiri pentru a performa.\" \/>\n<meta name=\"robots\" content=\"index, follow, max-snippet:-1, max-image-preview:large, max-video-preview:-1\" \/>\n<link rel=\"canonical\" href=\"https:\/\/stilorganizat.com\/?p=7772\" \/>\n<meta property=\"og:locale\" content=\"en_US\" \/>\n<meta property=\"og:type\" content=\"article\" \/>\n<meta property=\"og:title\" content=\"Secretul mu\u0219catelor \u0219i alte am\u0103nunte - StilOrganizat\" \/>\n<meta property=\"og:description\" content=\"Care este secretul unor mu\u0219cate pline de flori? Acestea sunt plante u\u0219or de crescut, dar au nevoie de c\u00e2teva \u00eengrijiri pentru a performa.\" \/>\n<meta property=\"og:url\" content=\"https:\/\/stilorganizat.com\/?p=7772\" \/>\n<meta property=\"og:site_name\" content=\"StilOrganizat\" \/>\n<meta property=\"article:published_time\" content=\"2021-07-09T19:51:27+00:00\" \/>\n<meta property=\"article:modified_time\" content=\"2021-07-10T05:16:47+00:00\" \/>\n<meta property=\"og:image\" content=\"https:\/\/stilorganizat.com\/wp-content\/uploads\/2021\/07\/secretul-muscatelor-din-gradina.jpg\" \/>\n\t<meta property=\"og:image:width\" content=\"1800\" \/>\n\t<meta property=\"og:image:height\" content=\"1200\" \/>\n<meta name=\"twitter:card\" content=\"summary_large_image\" \/>\n<meta name=\"twitter:label1\" content=\"Written by\" \/>\n\t<meta name=\"twitter:data1\" content=\"Ela\" \/>\n\t<meta name=\"twitter:label2\" content=\"Est. reading time\" \/>\n\t<meta name=\"twitter:data2\" content=\"7 minutes\" \/>\n<script type=\"application\/ld+json\" class=\"yoast-schema-graph\">{\"@context\":\"https:\/\/schema.org\",\"@graph\":[{\"@type\":\"WebSite\",\"@id\":\"https:\/\/stilorganizat.com\/#website\",\"url\":\"https:\/\/stilorganizat.com\/\",\"name\":\"StilOrganizat\",\"description\":\"\",\"publisher\":{\"@id\":\"https:\/\/stilorganizat.com\/#\/schema\/person\/925650ea34ea4181154192c09316af88\"},\"potentialAction\":[{\"@type\":\"SearchAction\",\"target\":{\"@type\":\"EntryPoint\",\"urlTemplate\":\"https:\/\/stilorganizat.com\/?s={search_term_string}\"},\"query-input\":\"required name=search_term_string\"}],\"inLanguage\":\"en-US\"},{\"@type\":\"ImageObject\",\"@id\":\"https:\/\/stilorganizat.com\/?p=7772#primaryimage\",\"inLanguage\":\"en-US\",\"url\":\"https:\/\/stilorganizat.com\/wp-content\/uploads\/2021\/07\/secretul-muscatelor-din-gradina.jpg\",\"contentUrl\":\"https:\/\/stilorganizat.com\/wp-content\/uploads\/2021\/07\/secretul-muscatelor-din-gradina.jpg\",\"width\":1800,\"height\":1200,\"caption\":\"secretul muscatelor din gradina\"},{\"@type\":\"WebPage\",\"@id\":\"https:\/\/stilorganizat.com\/?p=7772#webpage\",\"url\":\"https:\/\/stilorganizat.com\/?p=7772\",\"name\":\"Secretul mu\\u0219catelor \\u0219i alte am\\u0103nunte - StilOrganizat\",\"isPartOf\":{\"@id\":\"https:\/\/stilorganizat.com\/#website\"},\"primaryImageOfPage\":{\"@id\":\"https:\/\/stilorganizat.com\/?p=7772#primaryimage\"},\"datePublished\":\"2021-07-09T19:51:27+00:00\",\"dateModified\":\"2021-07-10T05:16:47+00:00\",\"description\":\"Care este secretul unor mu\\u0219cate pline de flori? Acestea sunt plante u\\u0219or de crescut, dar au nevoie de c\\u00e2teva \\u00eengrijiri pentru a performa.\",\"breadcrumb\":{\"@id\":\"https:\/\/stilorganizat.com\/?p=7772#breadcrumb\"},\"inLanguage\":\"en-US\",\"potentialAction\":[{\"@type\":\"ReadAction\",\"target\":[\"https:\/\/stilorganizat.com\/?p=7772\"]}]},{\"@type\":\"BreadcrumbList\",\"@id\":\"https:\/\/stilorganizat.com\/?p=7772#breadcrumb\",\"itemListElement\":[{\"@type\":\"ListItem\",\"position\":1,\"name\":\"Home\",\"item\":\"https:\/\/stilorganizat.com\/\"},{\"@type\":\"ListItem\",\"position\":2,\"name\":\"Gradina\",\"item\":\"https:\/\/stilorganizat.com\/?cat=8\"},{\"@type\":\"ListItem\",\"position\":3,\"name\":\"Utile in gradina\",\"item\":\"https:\/\/stilorganizat.com\/?cat=26\"},{\"@type\":\"ListItem\",\"position\":4,\"name\":\"Secretul mu\\u0219catelor \\u0219i alte am\\u0103nunte\"}]},{\"@type\":\"Article\",\"@id\":\"https:\/\/stilorganizat.com\/?p=7772#article\",\"isPartOf\":{\"@id\":\"https:\/\/stilorganizat.com\/?p=7772#webpage\"},\"author\":{\"@id\":\"https:\/\/stilorganizat.com\/#\/schema\/person\/925650ea34ea4181154192c09316af88\"},\"headline\":\"Secretul mu\\u0219catelor \\u0219i alte am\\u0103nunte\",\"datePublished\":\"2021-07-09T19:51:27+00:00\",\"dateModified\":\"2021-07-10T05:16:47+00:00\",\"mainEntityOfPage\":{\"@id\":\"https:\/\/stilorganizat.com\/?p=7772#webpage\"},\"wordCount\":1343,\"commentCount\":2,\"publisher\":{\"@id\":\"https:\/\/stilorganizat.com\/#\/schema\/person\/925650ea34ea4181154192c09316af88\"},\"image\":{\"@id\":\"https:\/\/stilorganizat.com\/?p=7772#primaryimage\"},\"thumbnailUrl\":\"https:\/\/stilorganizat.com\/wp-content\/uploads\/2021\/07\/secretul-muscatelor-din-gradina.jpg\",\"keywords\":[\"ghivece cu plante\",\"gradina pe luni\",\"muscate\",\"plantari\"],\"articleSection\":[\"Featured\",\"Gradina\",\"Utile in gradina\"],\"inLanguage\":\"en-US\",\"potentialAction\":[{\"@type\":\"CommentAction\",\"name\":\"Comment\",\"target\":[\"https:\/\/stilorganizat.com\/?p=7772#respond\"]}]},{\"@type\":[\"Person\",\"Organization\"],\"@id\":\"https:\/\/stilorganizat.com\/#\/schema\/person\/925650ea34ea4181154192c09316af88\",\"name\":\"Ela\",\"image\":{\"@type\":\"ImageObject\",\"@id\":\"https:\/\/stilorganizat.com\/#personlogo\",\"inLanguage\":\"en-US\",\"url\":\"https:\/\/secure.gravatar.com\/avatar\/8760904c7f0aa36ea71caf9864f47f82?s=96&d=identicon&r=g\",\"contentUrl\":\"https:\/\/secure.gravatar.com\/avatar\/8760904c7f0aa36ea71caf9864f47f82?s=96&d=identicon&r=g\",\"caption\":\"Ela\"},\"logo\":{\"@id\":\"https:\/\/stilorganizat.com\/#personlogo\"},\"sameAs\":[\"http:\/\/stilorganizat.ro\"]}]}<\/script>\n<!-- \/ Yoast SEO plugin. -->","yoast_head_json":{"title":"Secretul mu\u0219catelor \u0219i alte am\u0103nunte - StilOrganizat","description":"Care este secretul unor mu\u0219cate pline de flori? Acestea sunt plante u\u0219or de crescut, dar au nevoie de c\u00e2teva \u00eengrijiri pentru a performa.","robots":{"index":"index","follow":"follow","max-snippet":"max-snippet:-1","max-image-preview":"max-image-preview:large","max-video-preview":"max-video-preview:-1"},"canonical":"https:\/\/stilorganizat.com\/?p=7772","og_locale":"en_US","og_type":"article","og_title":"Secretul mu\u0219catelor \u0219i alte am\u0103nunte - StilOrganizat","og_description":"Care este secretul unor mu\u0219cate pline de flori? Acestea sunt plante u\u0219or de crescut, dar au nevoie de c\u00e2teva \u00eengrijiri pentru a performa.","og_url":"https:\/\/stilorganizat.com\/?p=7772","og_site_name":"StilOrganizat","article_published_time":"2021-07-09T19:51:27+00:00","article_modified_time":"2021-07-10T05:16:47+00:00","og_image":[{"width":1800,"height":1200,"url":"https:\/\/stilorganizat.com\/wp-content\/uploads\/2021\/07\/secretul-muscatelor-din-gradina.jpg","type":"image\/jpeg"}],"twitter_card":"summary_large_image","twitter_misc":{"Written by":"Ela","Est. reading time":"7 minutes"},"schema":{"@context":"https:\/\/schema.org","@graph":[{"@type":"WebSite","@id":"https:\/\/stilorganizat.com\/#website","url":"https:\/\/stilorganizat.com\/","name":"StilOrganizat","description":"","publisher":{"@id":"https:\/\/stilorganizat.com\/#\/schema\/person\/925650ea34ea4181154192c09316af88"},"potentialAction":[{"@type":"SearchAction","target":{"@type":"EntryPoint","urlTemplate":"https:\/\/stilorganizat.com\/?s={search_term_string}"},"query-input":"required name=search_term_string"}],"inLanguage":"en-US"},{"@type":"ImageObject","@id":"https:\/\/stilorganizat.com\/?p=7772#primaryimage","inLanguage":"en-US","url":"https:\/\/stilorganizat.com\/wp-content\/uploads\/2021\/07\/secretul-muscatelor-din-gradina.jpg","contentUrl":"https:\/\/stilorganizat.com\/wp-content\/uploads\/2021\/07\/secretul-muscatelor-din-gradina.jpg","width":1800,"height":1200,"caption":"secretul muscatelor din gradina"},{"@type":"WebPage","@id":"https:\/\/stilorganizat.com\/?p=7772#webpage","url":"https:\/\/stilorganizat.com\/?p=7772","name":"Secretul mu\u0219catelor \u0219i alte am\u0103nunte - StilOrganizat","isPartOf":{"@id":"https:\/\/stilorganizat.com\/#website"},"primaryImageOfPage":{"@id":"https:\/\/stilorganizat.com\/?p=7772#primaryimage"},"datePublished":"2021-07-09T19:51:27+00:00","dateModified":"2021-07-10T05:16:47+00:00","description":"Care este secretul unor mu\u0219cate pline de flori? Acestea sunt plante u\u0219or de crescut, dar au nevoie de c\u00e2teva \u00eengrijiri pentru a performa.","breadcrumb":{"@id":"https:\/\/stilorganizat.com\/?p=7772#breadcrumb"},"inLanguage":"en-US","potentialAction":[{"@type":"ReadAction","target":["https:\/\/stilorganizat.com\/?p=7772"]}]},{"@type":"BreadcrumbList","@id":"https:\/\/stilorganizat.com\/?p=7772#breadcrumb","itemListElement":[{"@type":"ListItem","position":1,"name":"Home","item":"https:\/\/stilorganizat.com\/"},{"@type":"ListItem","position":2,"name":"Gradina","item":"https:\/\/stilorganizat.com\/?cat=8"},{"@type":"ListItem","position":3,"name":"Utile in gradina","item":"https:\/\/stilorganizat.com\/?cat=26"},{"@type":"ListItem","position":4,"name":"Secretul mu\u0219catelor \u0219i alte am\u0103nunte"}]},{"@type":"Article","@id":"https:\/\/stilorganizat.com\/?p=7772#article","isPartOf":{"@id":"https:\/\/stilorganizat.com\/?p=7772#webpage"},"author":{"@id":"https:\/\/stilorganizat.com\/#\/schema\/person\/925650ea34ea4181154192c09316af88"},"headline":"Secretul mu\u0219catelor \u0219i alte am\u0103nunte","datePublished":"2021-07-09T19:51:27+00:00","dateModified":"2021-07-10T05:16:47+00:00","mainEntityOfPage":{"@id":"https:\/\/stilorganizat.com\/?p=7772#webpage"},"wordCount":1343,"commentCount":2,"publisher":{"@id":"https:\/\/stilorganizat.com\/#\/schema\/person\/925650ea34ea4181154192c09316af88"},"image":{"@id":"https:\/\/stilorganizat.com\/?p=7772#primaryimage"},"thumbnailUrl":"https:\/\/stilorganizat.com\/wp-content\/uploads\/2021\/07\/secretul-muscatelor-din-gradina.jpg","keywords":["ghivece cu plante","gradina pe luni","muscate","plantari"],"articleSection":["Featured","Gradina","Utile in gradina"],"inLanguage":"en-US","potentialAction":[{"@type":"CommentAction","name":"Comment","target":["https:\/\/stilorganizat.com\/?p=7772#respond"]}]},{"@type":["Person","Organization"],"@id":"https:\/\/stilorganizat.com\/#\/schema\/person\/925650ea34ea4181154192c09316af88","name":"Ela","image":{"@type":"ImageObject","@id":"https:\/\/stilorganizat.com\/#personlogo","inLanguage":"en-US","url":"https:\/\/secure.gravatar.com\/avatar\/8760904c7f0aa36ea71caf9864f47f82?s=96&d=identicon&r=g","contentUrl":"https:\/\/secure.gravatar.com\/avatar\/8760904c7f0aa36ea71caf9864f47f82?s=96&d=identicon&r=g","caption":"Ela"},"logo":{"@id":"https:\/\/stilorganizat.com\/#personlogo"},"sameAs":["http:\/\/stilorganizat.ro"]}]}},"_links":{"self":[{"href":"https:\/\/stilorganizat.com\/index.php?rest_route=\/wp\/v2\/posts\/7772"}],"collection":[{"href":"https:\/\/stilorganizat.com\/index.php?rest_route=\/wp\/v2\/posts"}],"about":[{"href":"https:\/\/stilorganizat.com\/index.php?rest_route=\/wp\/v2\/types\/post"}],"author":[{"embeddable":true,"href":"https:\/\/stilorganizat.com\/index.php?rest_route=\/wp\/v2\/users\/1"}],"replies":[{"embeddable":true,"href":"https:\/\/stilorganizat.com\/index.php?rest_route=%2Fwp%2Fv2%2Fcomments&post=7772"}],"version-history":[{"count":17,"href":"https:\/\/stilorganizat.com\/index.php?rest_route=\/wp\/v2\/posts\/7772\/revisions"}],"predecessor-version":[{"id":7799,"href":"https:\/\/stilorganizat.com\/index.php?rest_route=\/wp\/v2\/posts\/7772\/revisions\/7799"}],"wp:featuredmedia":[{"embeddable":true,"href":"https:\/\/stilorganizat.com\/index.php?rest_route=\/wp\/v2\/media\/7782"}],"wp:attachment":[{"href":"https:\/\/stilorganizat.com\/index.php?rest_route=%2Fwp%2Fv2%2Fmedia&parent=7772"}],"wp:term":[{"taxonomy":"category","embeddable":true,"href":"https:\/\/stilorganizat.com\/index.php?rest_route=%2Fwp%2Fv2%2Fcategories&post=7772"},{"taxonomy":"post_tag","embeddable":true,"href":"https:\/\/stilorganizat.com\/index.php?rest_route=%2Fwp%2Fv2%2Ftags&post=7772"}],"curies":[{"name":"wp","href":"https:\/\/api.w.org\/{rel}","templated":true}]}}