{"id":7695,"date":"2021-04-11T23:36:09","date_gmt":"2021-04-11T20:36:09","guid":{"rendered":"https:\/\/stilorganizat.com\/?p=7695"},"modified":"2021-04-18T14:14:50","modified_gmt":"2021-04-18T11:14:50","slug":"paine-cu-mirodenii-si-o-metoda","status":"publish","type":"post","link":"https:\/\/stilorganizat.com\/?p=7695","title":{"rendered":"P\u00e2ine cu mirodenii \u0219i o metod\u0103"},"content":{"rendered":"\n<p>\u00cen buc\u0103t\u0103rie, am o metod\u0103 pentru ca orice re\u021bet\u0103 s\u0103 fie simpl\u0103, chiar \u0219i una cu 17 ingrediente, ca aceasta de azi, de p\u00e2ine cu mirodenii. Este aceea\u0219i metod\u0103 pe care o folosesc \u00een multe alte ocazii, mai ales atunci c\u00e2nd nu prea am chef s\u0103 fac ceva sau mi se pare complicat. <\/p>\n\n\n\n<p>Englezii folosesc o expresie foarte potrivit\u0103: &#8220;<em>set the stage<\/em>&#8220;. Adic\u0103 trebuie s\u0103 creez toate condi\u021biile care s\u0103 m\u0103 determine s\u0103 ac\u021bionez \u0219i s\u0103 \u00eenchei o activitate. Am amintit de aceast\u0103 &#8220;punere \u00een scen\u0103&#8221; \u00een multe articole de-a lungul timpului. Ultima dat\u0103, la <a href=\"https:\/\/stilorganizat.com\/?p=7607\" target=\"_blank\" rel=\"noreferrer noopener\">organizarea spa\u021biului pentru plantat semin\u021be<\/a>, un real succes dac\u0103 \u021bin cont c\u0103 nu mai am pe unde s\u0103 \u021bin r\u0103sadurile de multe ce sunt.<\/p>\n\n\n\n<p>Despre <a href=\"https:\/\/stilorganizat.com\/?p=3090\" target=\"_blank\" rel=\"noreferrer noopener\">p\u00e2inea cu mirodenii am scris acum c\u00e2\u021biva ani, la aranjarea unei mese de Pa\u0219te<\/a> (cea cu flori \u0219i fluturi). Este o p\u00e2ine picant\u0103 \u0219i aromat\u0103. Acum v\u0103 voi da re\u021beta.<\/p>\n\n\n\n<div class=\"wp-block-image\"><figure class=\"aligncenter size-large\"><a href=\"https:\/\/stilorganizat.com\/wp-content\/uploads\/2014\/04\/Masa-de-primavara-cu-flori-si-fluturi-10.jpg\" rel=\"wp-prettyPhoto[7695]\"><img loading=\"lazy\" width=\"620\" height=\"475\" src=\"https:\/\/stilorganizat.com\/wp-content\/uploads\/2014\/04\/Masa-de-primavara-cu-flori-si-fluturi-10.jpg\" alt=\"masa de primavara\" class=\"wp-image-3101\" srcset=\"https:\/\/stilorganizat.com\/wp-content\/uploads\/2014\/04\/Masa-de-primavara-cu-flori-si-fluturi-10.jpg 620w, https:\/\/stilorganizat.com\/wp-content\/uploads\/2014\/04\/Masa-de-primavara-cu-flori-si-fluturi-10-300x229.jpg 300w\" sizes=\"(max-width: 620px) 100vw, 620px\" \/><\/a><\/figure><\/div>\n\n\n\n<p>\u00cen cazul de fa\u021b\u0103, metoda const\u0103 \u00een a \u00eemp\u0103r\u021bi re\u021beta \u00een pa\u0219i sau a o incrementa. Cum procedez:<\/p>\n\n\n\n<h2>Verific ingredientele \u0219i cump\u0103r ce lipse\u0219te<\/h2>\n\n\n\n<p>Lista de ingrediente arat\u0103 destul de intimidant, nu? Mai ales dac\u0103 faci prima dat\u0103 aceast\u0103 p\u00e2ine cu mirodenii.<\/p>\n\n\n\n<p>Dar g\u00e2ndit\u0103 \u00een c\u00e2\u021biva pa\u0219i logici, va fi mult mai simplu. Toate ingredientele trebuie aduse \u00een buc\u0103t\u0103rie pentru a ajunge la temperatura ambiant\u0103. <\/p>\n\n\n\n<p>\u00cen acest punct le \u00eempart \u00een: ingrediente uscate, umede \u0219i lichide. Am folosit coduri de culoare c\u00e2nd le-am \u00eemp\u0103r\u021bit \u00een categorii. Pentru fiecare categorie desemnez un castron.<\/p>\n\n\n\n<ul><li><span class=\"has-inline-color has-vivid-red-color\">300 grame f\u0103in\u0103<\/span><\/li><li><span class=\"has-inline-color has-vivid-red-color\">1\/2 linguri\u021b\u0103 bicarbonat de sodiu<\/span><\/li><li><span class=\"has-inline-color has-vivid-red-color\">2 linguri\u021be praf de copt<\/span><\/li><li><span class=\"has-inline-color has-vivid-red-color\">1 linguri\u021b\u0103 sare<\/span><\/li><li><span class=\"has-inline-color has-vivid-red-color\">1 linguri\u021b\u0103 piper<\/span><\/li><li><span class=\"has-inline-color has-vivid-red-color\">1\/2 linguri\u021b\u0103 pudr\u0103 de mu\u0219tar<\/span><\/li><li><span class=\"has-inline-color has-vivid-green-cyan-color\">60 grame parmezan ras<\/span><\/li><li><span class=\"has-inline-color has-vivid-green-cyan-color\">60 grame cheddar ras<\/span><\/li><li><span class=\"has-inline-color has-vivid-green-cyan-color\">1\/2 can\u0103 de m\u0103sline verzi, t\u0103iate<\/span><\/li><li><span class=\"has-inline-color has-vivid-green-cyan-color\">8 buc\u0103\u021bi ro\u0219ii uscate, t\u0103iate (sau 3 linguri)<\/span><\/li><li><span class=\"has-inline-color has-vivid-green-cyan-color\">1\/4 can\u0103 amestec de ceap\u0103 verde \u0219i p\u0103trunjel, tocate<\/span><\/li><li><span class=\"has-inline-color has-vivid-green-cyan-color\">2 linguri\u021be cimbru proasp\u0103t (sau 1 de cimbru uscat)<\/span><\/li><li><span class=\"has-inline-color has-vivid-cyan-blue-color\">2 ou\u0103<\/span><\/li><li><span class=\"has-inline-color has-vivid-cyan-blue-color\">dou\u0103 linguri \u0219i jum\u0103tate de ulei de m\u0103sline<\/span><\/li><li><span class=\"has-inline-color has-vivid-cyan-blue-color\">lapte b\u0103tut (f\u0103cut din 300 ml lapte \u0219i 1 lingur\u0103 de o\u021bet alb sau l\u0103m\u00e2ie)<\/span><\/li><\/ul>\n\n\n\n<p>Pentru topping:<\/p>\n\n\n\n<ul><li><span class=\"has-inline-color has-luminous-vivid-orange-color\">1 g\u0103lbenu\u0219<\/span><\/li><li><span class=\"has-inline-color has-luminous-vivid-orange-color\">2 linguri\u021be de ap\u0103<\/span><\/li><li><span class=\"has-inline-color has-luminous-vivid-orange-color\">c\u00e2teva r\u0103murele de cimbru verde pentru decor<\/span><\/li><li><span class=\"has-inline-color has-luminous-vivid-orange-color\">un praf de sare<\/span><\/li><\/ul>\n\n\n\n<figure class=\"wp-block-image size-large\"><a href=\"https:\/\/stilorganizat.com\/wp-content\/uploads\/2021\/04\/ingrediente-pentru-paine-cu-mirodenii.jpg\" rel=\"wp-prettyPhoto[7695]\"><img loading=\"lazy\" width=\"1024\" height=\"684\" src=\"https:\/\/stilorganizat.com\/wp-content\/uploads\/2021\/04\/ingrediente-pentru-paine-cu-mirodenii-1024x684.jpg\" alt=\"ingrediente pentru paine cu mirodenii\" class=\"wp-image-7699\" srcset=\"https:\/\/stilorganizat.com\/wp-content\/uploads\/2021\/04\/ingrediente-pentru-paine-cu-mirodenii-1024x684.jpg 1024w, https:\/\/stilorganizat.com\/wp-content\/uploads\/2021\/04\/ingrediente-pentru-paine-cu-mirodenii-300x201.jpg 300w, https:\/\/stilorganizat.com\/wp-content\/uploads\/2021\/04\/ingrediente-pentru-paine-cu-mirodenii-768x513.jpg 768w, https:\/\/stilorganizat.com\/wp-content\/uploads\/2021\/04\/ingrediente-pentru-paine-cu-mirodenii-1536x1027.jpg 1536w, https:\/\/stilorganizat.com\/wp-content\/uploads\/2021\/04\/ingrediente-pentru-paine-cu-mirodenii.jpg 1800w\" sizes=\"(max-width: 1024px) 100vw, 1024px\" \/><\/a><figcaption>Ingredientele \u00eemp\u0103r\u021bite pe categorii<\/figcaption><\/figure>\n\n\n\n<p>(M\u0103surile pe care le-am folosit sunt o combina\u021bie \u00eentre sistemul european \u0219i cel american. Deci ar fi bine s\u0103 ave\u021bi m\u0103suri de c\u0103ni, linguri \u0219i linguri\u021be. \u00cen extremis, pute\u021bi folosi \u0219i ce ave\u021bi de la vesel\u0103.)<\/p>\n\n\n\n<h2>Prepararea laptelui b\u0103tut <\/h2>\n\n\n\n<p>Primul lucru pe care \u00eel fac este s\u0103 preg\u0103tesc laptele b\u0103tut. Laptele la temperatura camerei sau u\u0219or c\u0103ldu\u021b trebuie &#8220;t\u0103iat&#8221; cu 1 lingur\u0103 de o\u021bet alb sau de l\u0103m\u00e2ie. Eu pun o\u021bet, mi se pare mai eficient. Se amestec\u0103. Dup\u0103 aproximativ 10 minute se observ\u0103 cum se coaguleaz\u0103. <\/p>\n\n\n\n<p>Laptele b\u0103tut este necesar pentru c\u0103 acidul acestuia reac\u021bioneaz\u0103 cu bicarbonatul \u0219i cu praful de copt, f\u0103c\u00e2nd p\u00e2inea fraged\u0103 \u0219i aerat\u0103.<\/p>\n\n\n\n<p>Bine\u00een\u021beles c\u0103 \u00eel pute\u021bi cump\u0103ra, dar eu am folosit mereu acest substitut.<\/p>\n\n\n\n<h2>Cuptorul \u0219i tava<\/h2>\n\n\n\n<p>\u00cenc\u0103lzesc cuptorul la 180 C. Preg\u0103tesc o tav\u0103 de chec sau similar\u0103. Fie o ung \u0219i o tapetez cu f\u0103in\u0103, fie o tapetez cu h\u00e2rtie de copt lipit\u0103 de pere\u021bi cu un pic de unt. A doua variant\u0103 e mai practic\u0103.<\/p>\n\n\n\n<h2><span class=\"has-inline-color has-vivid-red-color\">Ingredientele uscate<\/span><\/h2>\n\n\n\n<p>Primele \u0219ase ingrediente se amestec\u0103 \u00eentr-un castron. Acestea sunt: f\u0103ina, bicarbonatul de sodiu, praful de copt, sarea, piperul \u0219i pudra de mu\u0219tar. Le d\u0103m deoparte. <\/p>\n\n\n\n<h2><span class=\"has-inline-color has-vivid-green-cyan-color\">Ingredientele umede<\/span><\/h2>\n\n\n\n<p>Am ajuns la partea de ras br\u00e2nz\u0103 \u0219i tocat verdea\u021ba.<\/p>\n\n\n\n<p>Parmezanul \u0219i cheddar-ul le rad pe r\u0103z\u0103toarea fin\u0103. Toc apoi m\u0103slinele, ro\u0219iile uscate, ceapa verde, p\u0103trunjelul \u0219i cimbrul.<\/p>\n\n\n\n<p>Le amestec bine pe toate \u00eentr-un castron.<\/p>\n\n\n\n<h2><span class=\"has-inline-color has-vivid-cyan-blue-color\">Ingredientele lichide<\/span><\/h2>\n\n\n\n<p>Bat bine ou\u0103le. Adaug apoi uleiul de m\u0103sline \u0219i laptele b\u0103tut \u0219i amestec \u00een continuare.<\/p>\n\n\n\n<h2>Prepararea p\u00e2inii<\/h2>\n\n\n\n<p>Am trei castroane cu trei tipuri de ingrediente.<\/p>\n\n\n\n<p>Acum e momentul unirii lor. Mai \u00eent\u00e2i le amestec bine pe cele uscate cu cele umede.<\/p>\n\n\n\n<p>Apoi fac o gaur\u0103 \u00een centrul f\u0103inii \u00eembog\u0103\u021bite cu br\u00e2nzeturi \u0219i verde\u021buri. Torn ingredientele lichide. <\/p>\n\n\n\n<figure class=\"wp-block-image size-large\"><a href=\"https:\/\/stilorganizat.com\/wp-content\/uploads\/2021\/04\/amestec-pentru-paine-cu-mirodenii.jpg\" rel=\"wp-prettyPhoto[7695]\"><img loading=\"lazy\" width=\"1024\" height=\"674\" src=\"https:\/\/stilorganizat.com\/wp-content\/uploads\/2021\/04\/amestec-pentru-paine-cu-mirodenii-1024x674.jpg\" alt=\"prepararea unei paini cu mirodenii\" class=\"wp-image-7698\" srcset=\"https:\/\/stilorganizat.com\/wp-content\/uploads\/2021\/04\/amestec-pentru-paine-cu-mirodenii-1024x674.jpg 1024w, https:\/\/stilorganizat.com\/wp-content\/uploads\/2021\/04\/amestec-pentru-paine-cu-mirodenii-300x198.jpg 300w, https:\/\/stilorganizat.com\/wp-content\/uploads\/2021\/04\/amestec-pentru-paine-cu-mirodenii-768x506.jpg 768w, https:\/\/stilorganizat.com\/wp-content\/uploads\/2021\/04\/amestec-pentru-paine-cu-mirodenii-1536x1011.jpg 1536w, https:\/\/stilorganizat.com\/wp-content\/uploads\/2021\/04\/amestec-pentru-paine-cu-mirodenii.jpg 1800w\" sizes=\"(max-width: 1024px) 100vw, 1024px\" \/><\/a><figcaption>F\u0103ina \u00eembog\u0103\u021bit\u0103 \u0219i ingredientele lichide<\/figcaption><\/figure>\n\n\n\n<p>Amestec p\u00e2n\u0103 se formeaz\u0103 un aluat moale \u0219i cleios. \u00cel torn \u00een form\u0103.<\/p>\n\n\n\n<h2><span class=\"has-inline-color has-luminous-vivid-orange-color\">Topping-ul<\/span><\/h2>\n\n\n\n<p>Bat g\u0103lbenu\u0219ul cu ap\u0103 \u0219i un praf de sare.<\/p>\n\n\n\n<p>Ung suprafa\u021ba cu topping-ul astfel preg\u0103tit.<\/p>\n\n\n\n<p>Ornez cu r\u0103murele de cimbru verde.<\/p>\n\n\n\n<h2>Coacerea<\/h2>\n\n\n\n<p>Se coace timp de 40-45 minute la 180 C. Verific spre final dac\u0103 e gata cu o scobitoare introdus\u0103 \u00een mijlocul p\u00e2inii. C\u00e2nd o scot, pe ea nu trebuie s\u0103 fie lipit aluat.<\/p>\n\n\n\n<figure class=\"wp-block-image size-large\"><a href=\"https:\/\/stilorganizat.com\/wp-content\/uploads\/2021\/04\/paine-cu-mirodenii.jpg\" rel=\"wp-prettyPhoto[7695]\"><img loading=\"lazy\" width=\"1024\" height=\"683\" src=\"https:\/\/stilorganizat.com\/wp-content\/uploads\/2021\/04\/paine-cu-mirodenii-1024x683.jpg\" alt=\"paine cu mirodenii\" class=\"wp-image-7700\" srcset=\"https:\/\/stilorganizat.com\/wp-content\/uploads\/2021\/04\/paine-cu-mirodenii-1024x683.jpg 1024w, https:\/\/stilorganizat.com\/wp-content\/uploads\/2021\/04\/paine-cu-mirodenii-300x200.jpg 300w, https:\/\/stilorganizat.com\/wp-content\/uploads\/2021\/04\/paine-cu-mirodenii-768x512.jpg 768w, https:\/\/stilorganizat.com\/wp-content\/uploads\/2021\/04\/paine-cu-mirodenii-1536x1024.jpg 1536w, https:\/\/stilorganizat.com\/wp-content\/uploads\/2021\/04\/paine-cu-mirodenii.jpg 1800w\" sizes=\"(max-width: 1024px) 100vw, 1024px\" \/><\/a><\/figure>\n\n\n\n<p>Iat\u0103 ce minun\u0103\u021bie de p\u00e2ine cu mirodenii a ie\u0219it din cuptor!<\/p>\n\n\n\n<p>Las c\u00e2teva minute s\u0103 se r\u0103coreasc\u0103 apoi o extrag din tav\u0103 o a\u0219ez pe un rack. Nu o tai dec\u00e2t dup\u0103 ce s-a r\u0103cit complet.<\/p>\n\n\n\n<h2>\u00cen final&#8230;<\/h2>\n\n\n\n<p>La g\u0103tit ajut\u0103 nu numai modul de organizare a buc\u0103t\u0103riei, ci \u0219i aceast\u0103 punere \u00een scen\u0103, cu ingredientele \u00eemp\u0103r\u021bite pe categorii. O \u00een\u0219iruire kilometric\u0103 de ingrediente este manageriat\u0103 separat. <\/p>\n\n\n\n<p>\u00cen func\u021bie de context, aleg s\u0103 \u00eencep re\u021beta \u00een alt mod. Uneori preg\u0103tesc mai \u00eent\u00e2i partea umed\u0103 din list\u0103. Aici se pierde mai mult timp, la tocat verde\u021buri \u0219i ras br\u00e2nz\u0103. Cuptorul \u00eel pornesc doar atunci c\u00e2nd sunt hot\u0103r\u00e2t\u0103 s\u0103 \u00eenchei re\u021beta. <\/p>\n\n\n\n<p>Bine\u00een\u021beles c\u0103 alteori o iau cap-coad\u0103 f\u0103r\u0103 s\u0103 m\u0103 mai alint a\u0219a mult. Dar \u00eemp\u0103r\u021birea aceasta pe capitole  este foarte util\u0103 c\u00e2nd ne urnim mai greu sau c\u00e2nd avem timp limitat.<\/p>\n\n\n\n<p>Sper c\u0103 v-a pl\u0103cut re\u021beta de azi.<\/p>\n\n\n\n<p>Poft\u0103 bun\u0103!<\/p>\n","protected":false},"excerpt":{"rendered":"<p>\u00cen buc\u0103t\u0103rie, am o metod\u0103 pentru ca orice re\u021bet\u0103 s\u0103 fie simpl\u0103, chiar \u0219i una cu 17 ingrediente, ca aceasta de azi, de p\u00e2ine cu mirodenii. Este aceea\u0219i metod\u0103 pe care o folosesc \u00een multe alte ocazii, mai ales atunci c\u00e2nd nu prea am chef s\u0103 fac ceva sau mi se pare complicat. Englezii folosesc o expresie foarte potrivit\u0103: &#8220;set the stage&#8220;. Adic\u0103 trebuie s\u0103 creez toate condi\u021biile care s\u0103 m\u0103 determine s\u0103 ac\u021bionez \u0219i s\u0103 \u00eenchei o activitate. Am<\/p>\n","protected":false},"author":1,"featured_media":7700,"comment_status":"open","ping_status":"open","sticky":false,"template":"","format":"standard","meta":[],"categories":[37,5,17],"tags":[296,390,96,253],"yoast_head":"<!-- This site is optimized with the Yoast SEO plugin v17.7.1 - https:\/\/yoast.com\/wordpress\/plugins\/seo\/ -->\n<title>P\u00e2ine cu mirodenii \u0219i o metod\u0103 - Retete - StilOrganizat<\/title>\n<meta name=\"description\" content=\"Cum preg\u0103tesc o p\u00e2ine cu mirodenii, aromat\u0103 \u0219i potrivit\u0103 pentru o mas\u0103 de prim\u0103var\u0103. Prezint re\u021beta \u0219i o metod\u0103 de a organiza prepararea ei\" \/>\n<meta name=\"robots\" content=\"index, follow, max-snippet:-1, max-image-preview:large, max-video-preview:-1\" \/>\n<link rel=\"canonical\" href=\"https:\/\/stilorganizat.com\/?p=7695\" \/>\n<meta property=\"og:locale\" content=\"en_US\" \/>\n<meta property=\"og:type\" content=\"article\" \/>\n<meta property=\"og:title\" content=\"P\u00e2ine cu mirodenii \u0219i o metod\u0103 - Retete - StilOrganizat\" \/>\n<meta property=\"og:description\" content=\"Cum preg\u0103tesc o p\u00e2ine cu mirodenii, aromat\u0103 \u0219i potrivit\u0103 pentru o mas\u0103 de prim\u0103var\u0103. Prezint re\u021beta \u0219i o metod\u0103 de a organiza prepararea ei\" \/>\n<meta property=\"og:url\" content=\"https:\/\/stilorganizat.com\/?p=7695\" \/>\n<meta property=\"og:site_name\" content=\"StilOrganizat\" \/>\n<meta property=\"article:published_time\" content=\"2021-04-11T20:36:09+00:00\" \/>\n<meta property=\"article:modified_time\" content=\"2021-04-18T11:14:50+00:00\" \/>\n<meta property=\"og:image\" content=\"https:\/\/stilorganizat.com\/wp-content\/uploads\/2021\/04\/paine-cu-mirodenii.jpg\" \/>\n\t<meta property=\"og:image:width\" content=\"1800\" \/>\n\t<meta property=\"og:image:height\" content=\"1200\" \/>\n<meta name=\"twitter:card\" content=\"summary_large_image\" \/>\n<meta name=\"twitter:label1\" content=\"Written by\" \/>\n\t<meta name=\"twitter:data1\" content=\"Ela\" \/>\n\t<meta name=\"twitter:label2\" content=\"Est. reading time\" \/>\n\t<meta name=\"twitter:data2\" content=\"5 minutes\" \/>\n<script type=\"application\/ld+json\" class=\"yoast-schema-graph\">{\"@context\":\"https:\/\/schema.org\",\"@graph\":[{\"@type\":\"WebSite\",\"@id\":\"https:\/\/stilorganizat.com\/#website\",\"url\":\"https:\/\/stilorganizat.com\/\",\"name\":\"StilOrganizat\",\"description\":\"\",\"publisher\":{\"@id\":\"https:\/\/stilorganizat.com\/#\/schema\/person\/925650ea34ea4181154192c09316af88\"},\"potentialAction\":[{\"@type\":\"SearchAction\",\"target\":{\"@type\":\"EntryPoint\",\"urlTemplate\":\"https:\/\/stilorganizat.com\/?s={search_term_string}\"},\"query-input\":\"required name=search_term_string\"}],\"inLanguage\":\"en-US\"},{\"@type\":\"ImageObject\",\"@id\":\"https:\/\/stilorganizat.com\/?p=7695#primaryimage\",\"inLanguage\":\"en-US\",\"url\":\"https:\/\/stilorganizat.com\/wp-content\/uploads\/2021\/04\/paine-cu-mirodenii.jpg\",\"contentUrl\":\"https:\/\/stilorganizat.com\/wp-content\/uploads\/2021\/04\/paine-cu-mirodenii.jpg\",\"width\":1800,\"height\":1200,\"caption\":\"paine cu mirodenii\"},{\"@type\":\"WebPage\",\"@id\":\"https:\/\/stilorganizat.com\/?p=7695#webpage\",\"url\":\"https:\/\/stilorganizat.com\/?p=7695\",\"name\":\"P\\u00e2ine cu mirodenii \\u0219i o metod\\u0103 - Retete - StilOrganizat\",\"isPartOf\":{\"@id\":\"https:\/\/stilorganizat.com\/#website\"},\"primaryImageOfPage\":{\"@id\":\"https:\/\/stilorganizat.com\/?p=7695#primaryimage\"},\"datePublished\":\"2021-04-11T20:36:09+00:00\",\"dateModified\":\"2021-04-18T11:14:50+00:00\",\"description\":\"Cum preg\\u0103tesc o p\\u00e2ine cu mirodenii, aromat\\u0103 \\u0219i potrivit\\u0103 pentru o mas\\u0103 de prim\\u0103var\\u0103. Prezint re\\u021beta \\u0219i o metod\\u0103 de a organiza prepararea ei\",\"breadcrumb\":{\"@id\":\"https:\/\/stilorganizat.com\/?p=7695#breadcrumb\"},\"inLanguage\":\"en-US\",\"potentialAction\":[{\"@type\":\"ReadAction\",\"target\":[\"https:\/\/stilorganizat.com\/?p=7695\"]}]},{\"@type\":\"BreadcrumbList\",\"@id\":\"https:\/\/stilorganizat.com\/?p=7695#breadcrumb\",\"itemListElement\":[{\"@type\":\"ListItem\",\"position\":1,\"name\":\"Home\",\"item\":\"https:\/\/stilorganizat.com\/\"},{\"@type\":\"ListItem\",\"position\":2,\"name\":\"Organizarea mesei\",\"item\":\"https:\/\/stilorganizat.com\/?cat=5\"},{\"@type\":\"ListItem\",\"position\":3,\"name\":\"Retete\",\"item\":\"https:\/\/stilorganizat.com\/?cat=17\"},{\"@type\":\"ListItem\",\"position\":4,\"name\":\"P\\u00e2ine cu mirodenii \\u0219i o metod\\u0103\"}]},{\"@type\":\"Article\",\"@id\":\"https:\/\/stilorganizat.com\/?p=7695#article\",\"isPartOf\":{\"@id\":\"https:\/\/stilorganizat.com\/?p=7695#webpage\"},\"author\":{\"@id\":\"https:\/\/stilorganizat.com\/#\/schema\/person\/925650ea34ea4181154192c09316af88\"},\"headline\":\"P\\u00e2ine cu mirodenii \\u0219i o metod\\u0103\",\"datePublished\":\"2021-04-11T20:36:09+00:00\",\"dateModified\":\"2021-04-18T11:14:50+00:00\",\"mainEntityOfPage\":{\"@id\":\"https:\/\/stilorganizat.com\/?p=7695#webpage\"},\"wordCount\":994,\"commentCount\":4,\"publisher\":{\"@id\":\"https:\/\/stilorganizat.com\/#\/schema\/person\/925650ea34ea4181154192c09316af88\"},\"image\":{\"@id\":\"https:\/\/stilorganizat.com\/?p=7695#primaryimage\"},\"thumbnailUrl\":\"https:\/\/stilorganizat.com\/wp-content\/uploads\/2021\/04\/paine-cu-mirodenii.jpg\",\"keywords\":[\"masa de Paste\",\"paine\",\"retete\",\"Sarbatori de Paste\"],\"articleSection\":[\"Featured\",\"Organizarea mesei\",\"Retete\"],\"inLanguage\":\"en-US\",\"potentialAction\":[{\"@type\":\"CommentAction\",\"name\":\"Comment\",\"target\":[\"https:\/\/stilorganizat.com\/?p=7695#respond\"]}]},{\"@type\":[\"Person\",\"Organization\"],\"@id\":\"https:\/\/stilorganizat.com\/#\/schema\/person\/925650ea34ea4181154192c09316af88\",\"name\":\"Ela\",\"image\":{\"@type\":\"ImageObject\",\"@id\":\"https:\/\/stilorganizat.com\/#personlogo\",\"inLanguage\":\"en-US\",\"url\":\"https:\/\/secure.gravatar.com\/avatar\/8760904c7f0aa36ea71caf9864f47f82?s=96&d=identicon&r=g\",\"contentUrl\":\"https:\/\/secure.gravatar.com\/avatar\/8760904c7f0aa36ea71caf9864f47f82?s=96&d=identicon&r=g\",\"caption\":\"Ela\"},\"logo\":{\"@id\":\"https:\/\/stilorganizat.com\/#personlogo\"},\"sameAs\":[\"http:\/\/stilorganizat.ro\"]}]}<\/script>\n<!-- \/ Yoast SEO plugin. -->","yoast_head_json":{"title":"P\u00e2ine cu mirodenii \u0219i o metod\u0103 - Retete - StilOrganizat","description":"Cum preg\u0103tesc o p\u00e2ine cu mirodenii, aromat\u0103 \u0219i potrivit\u0103 pentru o mas\u0103 de prim\u0103var\u0103. Prezint re\u021beta \u0219i o metod\u0103 de a organiza prepararea ei","robots":{"index":"index","follow":"follow","max-snippet":"max-snippet:-1","max-image-preview":"max-image-preview:large","max-video-preview":"max-video-preview:-1"},"canonical":"https:\/\/stilorganizat.com\/?p=7695","og_locale":"en_US","og_type":"article","og_title":"P\u00e2ine cu mirodenii \u0219i o metod\u0103 - Retete - StilOrganizat","og_description":"Cum preg\u0103tesc o p\u00e2ine cu mirodenii, aromat\u0103 \u0219i potrivit\u0103 pentru o mas\u0103 de prim\u0103var\u0103. Prezint re\u021beta \u0219i o metod\u0103 de a organiza prepararea ei","og_url":"https:\/\/stilorganizat.com\/?p=7695","og_site_name":"StilOrganizat","article_published_time":"2021-04-11T20:36:09+00:00","article_modified_time":"2021-04-18T11:14:50+00:00","og_image":[{"width":1800,"height":1200,"url":"https:\/\/stilorganizat.com\/wp-content\/uploads\/2021\/04\/paine-cu-mirodenii.jpg","type":"image\/jpeg"}],"twitter_card":"summary_large_image","twitter_misc":{"Written by":"Ela","Est. reading time":"5 minutes"},"schema":{"@context":"https:\/\/schema.org","@graph":[{"@type":"WebSite","@id":"https:\/\/stilorganizat.com\/#website","url":"https:\/\/stilorganizat.com\/","name":"StilOrganizat","description":"","publisher":{"@id":"https:\/\/stilorganizat.com\/#\/schema\/person\/925650ea34ea4181154192c09316af88"},"potentialAction":[{"@type":"SearchAction","target":{"@type":"EntryPoint","urlTemplate":"https:\/\/stilorganizat.com\/?s={search_term_string}"},"query-input":"required name=search_term_string"}],"inLanguage":"en-US"},{"@type":"ImageObject","@id":"https:\/\/stilorganizat.com\/?p=7695#primaryimage","inLanguage":"en-US","url":"https:\/\/stilorganizat.com\/wp-content\/uploads\/2021\/04\/paine-cu-mirodenii.jpg","contentUrl":"https:\/\/stilorganizat.com\/wp-content\/uploads\/2021\/04\/paine-cu-mirodenii.jpg","width":1800,"height":1200,"caption":"paine cu mirodenii"},{"@type":"WebPage","@id":"https:\/\/stilorganizat.com\/?p=7695#webpage","url":"https:\/\/stilorganizat.com\/?p=7695","name":"P\u00e2ine cu mirodenii \u0219i o metod\u0103 - Retete - StilOrganizat","isPartOf":{"@id":"https:\/\/stilorganizat.com\/#website"},"primaryImageOfPage":{"@id":"https:\/\/stilorganizat.com\/?p=7695#primaryimage"},"datePublished":"2021-04-11T20:36:09+00:00","dateModified":"2021-04-18T11:14:50+00:00","description":"Cum preg\u0103tesc o p\u00e2ine cu mirodenii, aromat\u0103 \u0219i potrivit\u0103 pentru o mas\u0103 de prim\u0103var\u0103. Prezint re\u021beta \u0219i o metod\u0103 de a organiza prepararea ei","breadcrumb":{"@id":"https:\/\/stilorganizat.com\/?p=7695#breadcrumb"},"inLanguage":"en-US","potentialAction":[{"@type":"ReadAction","target":["https:\/\/stilorganizat.com\/?p=7695"]}]},{"@type":"BreadcrumbList","@id":"https:\/\/stilorganizat.com\/?p=7695#breadcrumb","itemListElement":[{"@type":"ListItem","position":1,"name":"Home","item":"https:\/\/stilorganizat.com\/"},{"@type":"ListItem","position":2,"name":"Organizarea mesei","item":"https:\/\/stilorganizat.com\/?cat=5"},{"@type":"ListItem","position":3,"name":"Retete","item":"https:\/\/stilorganizat.com\/?cat=17"},{"@type":"ListItem","position":4,"name":"P\u00e2ine cu mirodenii \u0219i o metod\u0103"}]},{"@type":"Article","@id":"https:\/\/stilorganizat.com\/?p=7695#article","isPartOf":{"@id":"https:\/\/stilorganizat.com\/?p=7695#webpage"},"author":{"@id":"https:\/\/stilorganizat.com\/#\/schema\/person\/925650ea34ea4181154192c09316af88"},"headline":"P\u00e2ine cu mirodenii \u0219i o metod\u0103","datePublished":"2021-04-11T20:36:09+00:00","dateModified":"2021-04-18T11:14:50+00:00","mainEntityOfPage":{"@id":"https:\/\/stilorganizat.com\/?p=7695#webpage"},"wordCount":994,"commentCount":4,"publisher":{"@id":"https:\/\/stilorganizat.com\/#\/schema\/person\/925650ea34ea4181154192c09316af88"},"image":{"@id":"https:\/\/stilorganizat.com\/?p=7695#primaryimage"},"thumbnailUrl":"https:\/\/stilorganizat.com\/wp-content\/uploads\/2021\/04\/paine-cu-mirodenii.jpg","keywords":["masa de Paste","paine","retete","Sarbatori de Paste"],"articleSection":["Featured","Organizarea mesei","Retete"],"inLanguage":"en-US","potentialAction":[{"@type":"CommentAction","name":"Comment","target":["https:\/\/stilorganizat.com\/?p=7695#respond"]}]},{"@type":["Person","Organization"],"@id":"https:\/\/stilorganizat.com\/#\/schema\/person\/925650ea34ea4181154192c09316af88","name":"Ela","image":{"@type":"ImageObject","@id":"https:\/\/stilorganizat.com\/#personlogo","inLanguage":"en-US","url":"https:\/\/secure.gravatar.com\/avatar\/8760904c7f0aa36ea71caf9864f47f82?s=96&d=identicon&r=g","contentUrl":"https:\/\/secure.gravatar.com\/avatar\/8760904c7f0aa36ea71caf9864f47f82?s=96&d=identicon&r=g","caption":"Ela"},"logo":{"@id":"https:\/\/stilorganizat.com\/#personlogo"},"sameAs":["http:\/\/stilorganizat.ro"]}]}},"_links":{"self":[{"href":"https:\/\/stilorganizat.com\/index.php?rest_route=\/wp\/v2\/posts\/7695"}],"collection":[{"href":"https:\/\/stilorganizat.com\/index.php?rest_route=\/wp\/v2\/posts"}],"about":[{"href":"https:\/\/stilorganizat.com\/index.php?rest_route=\/wp\/v2\/types\/post"}],"author":[{"embeddable":true,"href":"https:\/\/stilorganizat.com\/index.php?rest_route=\/wp\/v2\/users\/1"}],"replies":[{"embeddable":true,"href":"https:\/\/stilorganizat.com\/index.php?rest_route=%2Fwp%2Fv2%2Fcomments&post=7695"}],"version-history":[{"count":22,"href":"https:\/\/stilorganizat.com\/index.php?rest_route=\/wp\/v2\/posts\/7695\/revisions"}],"predecessor-version":[{"id":7737,"href":"https:\/\/stilorganizat.com\/index.php?rest_route=\/wp\/v2\/posts\/7695\/revisions\/7737"}],"wp:featuredmedia":[{"embeddable":true,"href":"https:\/\/stilorganizat.com\/index.php?rest_route=\/wp\/v2\/media\/7700"}],"wp:attachment":[{"href":"https:\/\/stilorganizat.com\/index.php?rest_route=%2Fwp%2Fv2%2Fmedia&parent=7695"}],"wp:term":[{"taxonomy":"category","embeddable":true,"href":"https:\/\/stilorganizat.com\/index.php?rest_route=%2Fwp%2Fv2%2Fcategories&post=7695"},{"taxonomy":"post_tag","embeddable":true,"href":"https:\/\/stilorganizat.com\/index.php?rest_route=%2Fwp%2Fv2%2Ftags&post=7695"}],"curies":[{"name":"wp","href":"https:\/\/api.w.org\/{rel}","templated":true}]}}