{"id":7671,"date":"2021-03-28T09:48:15","date_gmt":"2021-03-28T06:48:15","guid":{"rendered":"https:\/\/stilorganizat.com\/?p=7671"},"modified":"2021-03-28T09:48:16","modified_gmt":"2021-03-28T06:48:16","slug":"jurnalul-gradinii-in-martie","status":"publish","type":"post","link":"https:\/\/stilorganizat.com\/?p=7671","title":{"rendered":"Jurnalul gr\u0103dinii \u00een martie"},"content":{"rendered":"\n<p>Trec deja la jurnalul gr\u0103dinii \u00een martie. Am ratat s\u0103 scriu \u00een februarie, dar voi consemna aici ce am f\u0103cut \u00een ultimele dou\u0103 luni. Dup\u0103 cum procedez de fiecare dat\u0103, am citit informa\u021biile din <em><a href=\"https:\/\/stilorganizat.com\/?p=5840\" target=\"_blank\" rel=\"noreferrer noopener\">Gr\u0103dina \u00een martie &#8211; ce e de f\u0103cut<\/a><\/em> pentru a nu sc\u0103pa din vedere vreo lucrare. Apoi am trecut \u00een revist\u0103 informa\u021biile din <a href=\"https:\/\/stilorganizat.com\/?p=7607\" target=\"_blank\" rel=\"noreferrer noopener\">jurnalul pe ianuarie<\/a> (\u0219tiu, trebuia s\u0103 fie februarie, dar asta e!)<\/p>\n\n\n\n<p>S\u0103 le lu\u0103m pe r\u00e2nd:<\/p>\n\n\n\n<h2>Obiective<\/h2>\n\n\n\n<p>Obiectivul principal \u00een martie a fost s\u0103 lucrez pe afar\u0103 c\u00e2t mai mult. Dar iarna s-a tot r\u0103zg\u00e2ndit s\u0103 plece, a\u0219a c\u0103 nu au fost chiar a\u0219a multe zile frumoase. A plouat \u0219i a nins mult, iar p\u0103m\u00e2ntul rece \u0219i \u00eembibat de ap\u0103 m-a determinat s\u0103 am\u00e2n cur\u0103\u021benia \u00een straturi. <\/p>\n\n\n\n<p>E uimitor c\u0103 fotografia de mai jos e f\u0103cut\u0103 la sf\u00e2r\u0219itul lunii, nu la \u00eenceputul ei.<\/p>\n\n\n\n<figure class=\"wp-block-image size-large\"><a href=\"https:\/\/stilorganizat.com\/wp-content\/uploads\/2021\/03\/iarna-in-martie.jpg\" rel=\"wp-prettyPhoto[7671]\"><img loading=\"lazy\" width=\"1024\" height=\"728\" src=\"https:\/\/stilorganizat.com\/wp-content\/uploads\/2021\/03\/iarna-in-martie-1024x728.jpg\" alt=\"iarna in martie\" class=\"wp-image-7676\" srcset=\"https:\/\/stilorganizat.com\/wp-content\/uploads\/2021\/03\/iarna-in-martie-1024x728.jpg 1024w, https:\/\/stilorganizat.com\/wp-content\/uploads\/2021\/03\/iarna-in-martie-300x213.jpg 300w, https:\/\/stilorganizat.com\/wp-content\/uploads\/2021\/03\/iarna-in-martie-768x546.jpg 768w, https:\/\/stilorganizat.com\/wp-content\/uploads\/2021\/03\/iarna-in-martie-1536x1093.jpg 1536w, https:\/\/stilorganizat.com\/wp-content\/uploads\/2021\/03\/iarna-in-martie.jpg 1801w\" sizes=\"(max-width: 1024px) 100vw, 1024px\" \/><\/a><\/figure>\n\n\n\n<p>Oricum, am avut ce face pentru gr\u0103din\u0103 \u0219i \u00een cas\u0103! Am \u00eenceput \u0219i organizarea serei, dar tot din cauza frigului nu am avut activitate aici. R\u0103m\u00e2ne pentru aprilie!<\/p>\n\n\n\n<h2>Planuri pentru plant\u0103ri<\/h2>\n\n\n\n<p>Acesta va fi anul plant\u0103rilor! <\/p>\n\n\n\n<ul><li>Cump\u0103rat o varietate destul de mare de flori \u0219i legume \u2714<\/li><li>Primit comenzile pe internet \u2714<\/li><li>Dat o tur\u0103 prin magazine c\u00e2nd am avut prilejul \u2714<\/li><\/ul>\n\n\n\n<p>Voi aranja straturi de flori de anul trecut \u0219i voi planta por\u021biuni de gr\u0103din\u0103 de la zero.<\/p>\n\n\n\n<p>Ca aceast\u0103 bucat\u0103 pe care o voi numi gr\u0103dina de nord. Toat\u0103 iarna am privit pe fereastr\u0103 \u0219i mi-am imaginat cum o voi aranja! Primul lucru la care m-am g\u00e2ndit au fost arbu\u0219tii de tuia pe care s\u0103-i plasez la gard \u0219i care s\u0103 confere structur\u0103 spa\u021biului. Apoi va trebui s\u0103 integrez plante care iubesc umbra \u0219i care s\u0103 se armonizeze cu cele deja existente. <\/p>\n\n\n\n<figure class=\"wp-block-image size-large\"><a href=\"https:\/\/stilorganizat.com\/wp-content\/uploads\/2021\/03\/amenajare-gradina-initial.jpg\" rel=\"wp-prettyPhoto[7671]\"><img loading=\"lazy\" width=\"1024\" height=\"683\" src=\"https:\/\/stilorganizat.com\/wp-content\/uploads\/2021\/03\/amenajare-gradina-initial-1024x683.jpg\" alt=\"amenajare gradina de nord\" class=\"wp-image-7674\" srcset=\"https:\/\/stilorganizat.com\/wp-content\/uploads\/2021\/03\/amenajare-gradina-initial-1024x683.jpg 1024w, https:\/\/stilorganizat.com\/wp-content\/uploads\/2021\/03\/amenajare-gradina-initial-300x200.jpg 300w, https:\/\/stilorganizat.com\/wp-content\/uploads\/2021\/03\/amenajare-gradina-initial-768x512.jpg 768w, https:\/\/stilorganizat.com\/wp-content\/uploads\/2021\/03\/amenajare-gradina-initial-1536x1024.jpg 1536w, https:\/\/stilorganizat.com\/wp-content\/uploads\/2021\/03\/amenajare-gradina-initial.jpg 1800w\" sizes=\"(max-width: 1024px) 100vw, 1024px\" \/><\/a><\/figure>\n\n\n\n<p>Uita\u021bi c\u0103 sunt \u00eenc\u0103 t\u0103ieturi de la pomi \u0219i materiale de construc\u021bii peste tot! Privi\u021bi cum schimb\u0103 aspectul un simplu r\u00e2nd de tuia!<\/p>\n\n\n\n<figure class=\"wp-block-image size-large\"><a href=\"https:\/\/stilorganizat.com\/wp-content\/uploads\/2021\/03\/amenajare-gradina-tuia.jpg\" rel=\"wp-prettyPhoto[7671]\"><img loading=\"lazy\" width=\"1024\" height=\"683\" src=\"https:\/\/stilorganizat.com\/wp-content\/uploads\/2021\/03\/amenajare-gradina-tuia-1024x683.jpg\" alt=\"amenajare gradina de nord- tuia\" class=\"wp-image-7673\" srcset=\"https:\/\/stilorganizat.com\/wp-content\/uploads\/2021\/03\/amenajare-gradina-tuia-1024x683.jpg 1024w, https:\/\/stilorganizat.com\/wp-content\/uploads\/2021\/03\/amenajare-gradina-tuia-300x200.jpg 300w, https:\/\/stilorganizat.com\/wp-content\/uploads\/2021\/03\/amenajare-gradina-tuia-768x512.jpg 768w, https:\/\/stilorganizat.com\/wp-content\/uploads\/2021\/03\/amenajare-gradina-tuia-1536x1024.jpg 1536w, https:\/\/stilorganizat.com\/wp-content\/uploads\/2021\/03\/amenajare-gradina-tuia.jpg 1800w\" sizes=\"(max-width: 1024px) 100vw, 1024px\" \/><\/a><\/figure>\n\n\n\n<p>Voi scrie despre aceast\u0103 por\u021biune tot anul. Vom vedea dac\u0103 voi reu\u0219i s\u0103 transform repede un spa\u021biu care era \u00een trecut plin de materiale \u0219i gunoi \u00eentr-o gr\u0103din\u0103 elegant\u0103.<\/p>\n\n\n\n<h2>Locul de plantare cel organizat<\/h2>\n\n\n\n<p>Nu \u0219tiu al\u021bii cum sunt, dar eu, dac\u0103 nu am locul de munc\u0103 organizat, m\u0103 complac \u00eentr-o stare de procrastinare teribil\u0103! De aceea, \u0219tiindu-mi aceast\u0103 meteahn\u0103, caut s\u0103 organizez totul \u00een jurul meu.<\/p>\n\n\n\n<p>Am ar\u0103tat deja cum am amenajat locul de plantare (<a href=\"https:\/\/stilorganizat.com\/?p=7607\" target=\"_blank\" rel=\"noreferrer noopener\">vezi mai multe \u00een jurnalul din ianuarie<\/a>).<\/p>\n\n\n\n<figure class=\"wp-block-image size-large\"><a href=\"https:\/\/stilorganizat.com\/wp-content\/uploads\/2021\/01\/zona-plantare-ghivece.jpg\" rel=\"wp-prettyPhoto[7671]\"><img loading=\"lazy\" width=\"1024\" height=\"683\" src=\"https:\/\/stilorganizat.com\/wp-content\/uploads\/2021\/01\/zona-plantare-ghivece-1024x683.jpg\" alt=\"locul pentru plantari de iarna\" class=\"wp-image-7618\" srcset=\"https:\/\/stilorganizat.com\/wp-content\/uploads\/2021\/01\/zona-plantare-ghivece-1024x683.jpg 1024w, https:\/\/stilorganizat.com\/wp-content\/uploads\/2021\/01\/zona-plantare-ghivece-300x200.jpg 300w, https:\/\/stilorganizat.com\/wp-content\/uploads\/2021\/01\/zona-plantare-ghivece-768x512.jpg 768w, https:\/\/stilorganizat.com\/wp-content\/uploads\/2021\/01\/zona-plantare-ghivece-1536x1024.jpg 1536w, https:\/\/stilorganizat.com\/wp-content\/uploads\/2021\/01\/zona-plantare-ghivece.jpg 1800w\" sizes=\"(max-width: 1024px) 100vw, 1024px\" \/><\/a><\/figure>\n\n\n\n<p>A fost o idee minunat\u0103! Pentru c\u0103 mi-a purtat pa\u0219ii aproape \u00een fiecare zi c\u0103tre el \u0219i m-a determinat s\u0103 umplu tot mai multe ghivece \u0219i r\u0103sadni\u021be. C\u00e2nd ai totul la \u00eendem\u00e2n\u0103 \u0219i nu trebuie s\u0103 pui laolalt\u0103 de fiecare dat\u0103 materiale \u0219i unelte, via\u021ba e mult mai simpl\u0103.<\/p>\n\n\n\n<h4>Dar de aici a plecat marea problem\u0103<\/h4>\n\n\n\n<p>Pasul firesc urm\u0103tor, al men\u021binerii r\u0103sadurilor \u00een condi\u021bii optime, nu a fost organizat. Am considerat c\u0103 trebuie mai \u00eent\u00e2i s\u0103 v\u0103d cum m\u0103 descurc cu \u00eens\u0103m\u00e2n\u021b\u0103rile \u0219i apoi s\u0103 fac o investi\u021bie costisitoare \u00een rafturi speciale. A\u0219a c\u0103 r\u0103sadurile mele stau acum peste tot prin cas\u0103. Dup\u0103 ce au ocupat pervazurile ferestrelor, s-au \u00eentins pe mese \u0219i nu prea mai am loc pentru ele la lumin\u0103. A\u0219 fi vrut ca jurnalul gr\u0103dinii \u00een martie s\u0103 consemneze o organizare perfect\u0103 pe toat\u0103 linia, dar&#8230; poate anul urm\u0103tor!<\/p>\n\n\n\n<figure class=\"wp-block-image size-large\"><a href=\"https:\/\/stilorganizat.com\/wp-content\/uploads\/2021\/03\/rasaduri-pe-pervaz.jpg\" rel=\"wp-prettyPhoto[7671]\"><img loading=\"lazy\" width=\"1024\" height=\"683\" src=\"https:\/\/stilorganizat.com\/wp-content\/uploads\/2021\/03\/rasaduri-pe-pervaz-1024x683.jpg\" alt=\"jurnalul gradinii in martie - rasaduri pe pervaz\" class=\"wp-image-7680\" srcset=\"https:\/\/stilorganizat.com\/wp-content\/uploads\/2021\/03\/rasaduri-pe-pervaz-1024x683.jpg 1024w, https:\/\/stilorganizat.com\/wp-content\/uploads\/2021\/03\/rasaduri-pe-pervaz-300x200.jpg 300w, https:\/\/stilorganizat.com\/wp-content\/uploads\/2021\/03\/rasaduri-pe-pervaz-768x512.jpg 768w, https:\/\/stilorganizat.com\/wp-content\/uploads\/2021\/03\/rasaduri-pe-pervaz-1536x1024.jpg 1536w, https:\/\/stilorganizat.com\/wp-content\/uploads\/2021\/03\/rasaduri-pe-pervaz.jpg 1800w\" sizes=\"(max-width: 1024px) 100vw, 1024px\" \/><\/a><\/figure>\n\n\n\n<figure class=\"wp-block-image size-large\"><a href=\"https:\/\/stilorganizat.com\/wp-content\/uploads\/2021\/03\/rasaduri-pe-masa.jpg\" rel=\"wp-prettyPhoto[7671]\"><img loading=\"lazy\" width=\"1024\" height=\"683\" src=\"https:\/\/stilorganizat.com\/wp-content\/uploads\/2021\/03\/rasaduri-pe-masa-1024x683.jpg\" alt=\"jurnalul gradinii in martie - rasaduri pe mese\" class=\"wp-image-7679\" srcset=\"https:\/\/stilorganizat.com\/wp-content\/uploads\/2021\/03\/rasaduri-pe-masa-1024x683.jpg 1024w, https:\/\/stilorganizat.com\/wp-content\/uploads\/2021\/03\/rasaduri-pe-masa-300x200.jpg 300w, https:\/\/stilorganizat.com\/wp-content\/uploads\/2021\/03\/rasaduri-pe-masa-768x512.jpg 768w, https:\/\/stilorganizat.com\/wp-content\/uploads\/2021\/03\/rasaduri-pe-masa-1536x1024.jpg 1536w, https:\/\/stilorganizat.com\/wp-content\/uploads\/2021\/03\/rasaduri-pe-masa.jpg 1800w\" sizes=\"(max-width: 1024px) 100vw, 1024px\" \/><\/a><\/figure>\n\n\n\n<p>Am adus inclusiv rafturi din alte camere \u00een buc\u0103t\u0103rie.<\/p>\n\n\n\n<figure class=\"wp-block-image size-large\"><a href=\"https:\/\/stilorganizat.com\/wp-content\/uploads\/2021\/03\/raft-cu-plante-in-buc.jpg\" rel=\"wp-prettyPhoto[7671]\"><img loading=\"lazy\" width=\"1024\" height=\"768\" src=\"https:\/\/stilorganizat.com\/wp-content\/uploads\/2021\/03\/raft-cu-plante-in-buc-1024x768.jpg\" alt=\"raft cu plante in bucatarie\" class=\"wp-image-7682\" srcset=\"https:\/\/stilorganizat.com\/wp-content\/uploads\/2021\/03\/raft-cu-plante-in-buc-1024x768.jpg 1024w, https:\/\/stilorganizat.com\/wp-content\/uploads\/2021\/03\/raft-cu-plante-in-buc-300x225.jpg 300w, https:\/\/stilorganizat.com\/wp-content\/uploads\/2021\/03\/raft-cu-plante-in-buc-768x576.jpg 768w, https:\/\/stilorganizat.com\/wp-content\/uploads\/2021\/03\/raft-cu-plante-in-buc-1536x1152.jpg 1536w, https:\/\/stilorganizat.com\/wp-content\/uploads\/2021\/03\/raft-cu-plante-in-buc.jpg 1800w\" sizes=\"(max-width: 1024px) 100vw, 1024px\" \/><\/a><\/figure>\n\n\n\n<p>Desigur c\u0103 atunci c\u00e2nd am renovat garajul, am construit ferestre pe toat\u0103 \u00een\u0103l\u021bimea peretelui de la intrare \u0219i le-am dotat cu rafturi. Acestea sunt ocupate \u00eens\u0103 acum de mu\u0219cate \u0219i de c\u0103p\u0219uni, iar pe l\u00e2ng\u0103 ele stau daliile preplantate \u0219i plantele care nu rezist\u0103 iarna afar\u0103. Deci nu mai este loc nici s\u0103 calci pe acolo!<\/p>\n\n\n\n<figure class=\"wp-block-image size-large\"><a href=\"https:\/\/stilorganizat.com\/wp-content\/uploads\/2021\/03\/raft-cu-plante.jpg\" rel=\"wp-prettyPhoto[7671]\"><img loading=\"lazy\" width=\"1024\" height=\"683\" src=\"https:\/\/stilorganizat.com\/wp-content\/uploads\/2021\/03\/raft-cu-plante-1024x683.jpg\" alt=\"jurnalul gradinii in martie - garajul\" class=\"wp-image-7678\" srcset=\"https:\/\/stilorganizat.com\/wp-content\/uploads\/2021\/03\/raft-cu-plante-1024x683.jpg 1024w, https:\/\/stilorganizat.com\/wp-content\/uploads\/2021\/03\/raft-cu-plante-300x200.jpg 300w, https:\/\/stilorganizat.com\/wp-content\/uploads\/2021\/03\/raft-cu-plante-768x512.jpg 768w, https:\/\/stilorganizat.com\/wp-content\/uploads\/2021\/03\/raft-cu-plante-1536x1024.jpg 1536w, https:\/\/stilorganizat.com\/wp-content\/uploads\/2021\/03\/raft-cu-plante.jpg 1800w\" sizes=\"(max-width: 1024px) 100vw, 1024px\" \/><\/a><\/figure>\n\n\n\n<p>Ce consideram c\u0103 va fi locul pentru cre\u0219terea r\u0103sadurilor a fost deturnat de alte plante. <\/p>\n\n\n\n<p>Acum am localizat \u00een subsol o zon\u0103 perfect\u0103 pentru a construi r\u0103sadni\u021ba pentru anul viitor, cu lumin\u0103 \u0219i c\u0103ldur\u0103 adecvate. Astfel nu va mai trebui s\u0103 umplu casa cu ghivece.<\/p>\n\n\n\n<h2>R\u0103saduri \u0219i preplant\u0103ri<\/h2>\n\n\n\n<p>Las aici o list\u0103 cu r\u0103saduri: <\/p>\n\n\n\n<ul><li>de legume: tomate \u0219i ardei<\/li><li>mirodenii: sortimente de p\u0103trunjel \u0219i busuioc<\/li><li>flori: ochiul boului, cleome, cinenaria, osteospermum, cosmos, regina nop\u021bii, gura leului, mixandre, sweet pees, colombine, scabiosa, delphinium, digitalis, allysum, cr\u0103i\u021be.<\/li><\/ul>\n\n\n\n<p>O list\u0103 destul de asortat\u0103, nu-i a\u0219a?<\/p>\n\n\n\n<h2><\/h2>\n\n\n\n<p>Am plantat c\u0103p\u0219uni \u00een ghivece. Am preplantat multe soiuri de dalii \u0219i c\u00e2teva plante perene \u00een a\u0219teptarea unor zile mai frumoase. Vreau \u00een acest fel s\u0103 fur pu\u021bin startul sezonului. Dup\u0103 cum se vede, prim\u0103vara aceasta este capricioas\u0103 \u0219i luna martie se termin\u0103 cu z\u0103pad\u0103, v\u00e2nt \u0219i temperaturi sc\u0103zute.<\/p>\n\n\n\n<p>\u00cen ser\u0103 nu am pus deocamdat\u0103 dec\u00e2t c\u00e2teva semin\u021be de plante care germineaz\u0103 la frig. De asemenea, am c\u00e2teva sticle de plastic care au stat afar\u0103 cu astfel de semin\u021be. <\/p>\n\n\n\n<h2>Ghivece de flori<\/h2>\n\n\n\n<p>Pot spune c\u0103 anul acesta va fi \u0219i anul ghivecelor. \u00cen ele \u00ee\u0219i vor g\u0103si locul plante care nu suport\u0103 gerul iernilor sau plante care, pur \u0219i simplu, vor decora diverse locuri din curte.<\/p>\n\n\n\n<p>Am cump\u0103rat, de exemplu, Agapanthus, variet\u0103\u021bi de Hosta, Sedum, pentru ghivece. Iar la altele m\u0103 voi g\u00e2ndi pe parcurs. Probabil c\u0103 voi avea \u0219i dalii la ghiveci. Voi vedea.<\/p>\n\n\n\n<p>\u00cen fotografia de jos Sedum este flancat de dou\u0103 Agapanthus, \u00eenc\u0103 minuscule.<\/p>\n\n\n\n<figure class=\"wp-block-image size-large\"><a href=\"https:\/\/stilorganizat.com\/wp-content\/uploads\/2021\/03\/sedum-roz.jpg\" rel=\"wp-prettyPhoto[7671]\"><img loading=\"lazy\" width=\"1024\" height=\"683\" src=\"https:\/\/stilorganizat.com\/wp-content\/uploads\/2021\/03\/sedum-roz-1024x683.jpg\" alt=\"Sedum roz\" class=\"wp-image-7681\" srcset=\"https:\/\/stilorganizat.com\/wp-content\/uploads\/2021\/03\/sedum-roz-1024x683.jpg 1024w, https:\/\/stilorganizat.com\/wp-content\/uploads\/2021\/03\/sedum-roz-300x200.jpg 300w, https:\/\/stilorganizat.com\/wp-content\/uploads\/2021\/03\/sedum-roz-768x512.jpg 768w, https:\/\/stilorganizat.com\/wp-content\/uploads\/2021\/03\/sedum-roz-1536x1024.jpg 1536w, https:\/\/stilorganizat.com\/wp-content\/uploads\/2021\/03\/sedum-roz.jpg 1800w\" sizes=\"(max-width: 1024px) 100vw, 1024px\" \/><\/a><\/figure>\n\n\n\n<p><\/p>\n\n\n\n<h2>Lucr\u0103ri \u00een gr\u0103din\u0103 <\/h2>\n\n\n\n<p>C\u00e2nd vremea a fost pl\u0103cut\u0103, am t\u0103iat trandafirii \u0219i florile perene \u0219i am adus pe cineva s\u0103 toaleteze pomii fructiferi \u0219i vi\u021ba de vie. <\/p>\n\n\n\n<p>\u00cenc\u0103 nu am f\u0103cut curat \u00een straturi, va urma \u00een zilele urm\u0103toare. <\/p>\n\n\n\n<p><\/p>\n\n\n\n<h2>Echipamente<\/h2>\n\n\n\n<p>Pentru un plan a\u0219a ambi\u021bios prin care mi-am propus s\u0103 \u00eembrac toat\u0103 gr\u0103dina \u00een flori, e nevoie de echipamente \u0219i unelte care s\u0103 m\u0103 ajute. A\u0219a cum e cazul acestui c\u0103rucior de transport. \u00cel am doar de c\u00e2teva zile \u0219i deja \u00ee\u0219i face datoria cu brio. <\/p>\n\n\n\n<figure class=\"wp-block-image size-large\"><a href=\"https:\/\/stilorganizat.com\/wp-content\/uploads\/2021\/03\/carucior.jpg\" rel=\"wp-prettyPhoto[7671]\"><img loading=\"lazy\" width=\"1024\" height=\"683\" src=\"https:\/\/stilorganizat.com\/wp-content\/uploads\/2021\/03\/carucior-1024x683.jpg\" alt=\"carucior transport\" class=\"wp-image-7675\" srcset=\"https:\/\/stilorganizat.com\/wp-content\/uploads\/2021\/03\/carucior-1024x683.jpg 1024w, https:\/\/stilorganizat.com\/wp-content\/uploads\/2021\/03\/carucior-300x200.jpg 300w, https:\/\/stilorganizat.com\/wp-content\/uploads\/2021\/03\/carucior-768x512.jpg 768w, https:\/\/stilorganizat.com\/wp-content\/uploads\/2021\/03\/carucior-1536x1024.jpg 1536w, https:\/\/stilorganizat.com\/wp-content\/uploads\/2021\/03\/carucior.jpg 1800w\" sizes=\"(max-width: 1024px) 100vw, 1024px\" \/><\/a><\/figure>\n\n\n\n<p>Gr\u0103dina este un hobby deocamdat\u0103 pentru c\u0103 \u00eei aloc timpul r\u0103mas dup\u0103 job-uri. Tocmai de aceea am nevoie de orice resurs\u0103 prin care munca pe care o fac s\u0103 fie u\u0219oar\u0103 \u0219i rapid\u0103.<\/p>\n\n\n\n<h2>\u00cen final&#8230;<\/h2>\n\n\n\n<p>Perioada aceasta de Covid a f\u0103cut s\u0103 lucr\u0103m mai tot timpul de acas\u0103, iar faptul c\u0103 am avut o curte a fost extraordinar. O pauz\u0103 de cafea de la birou s-a transformat \u00eentr-o pauz\u0103 de f\u0103cut ceva \u00een gr\u0103din\u0103. \u0218i m-a determinat s\u0103 privesc spa\u021biul exterior al casei cu al\u021bi ochi \u0219i s\u0103 doresc s\u0103 \u00eel transform \u00een ceva special pentru sufletul meu. Acesta a fost jurnalul gr\u0103dinii \u00een luna martie.<\/p>\n\n\n\n<p>Sper c\u0103 voi avea puterea s\u0103 reu\u0219esc!<\/p>\n","protected":false},"excerpt":{"rendered":"<p>Trec deja la jurnalul gr\u0103dinii \u00een martie. Am ratat s\u0103 scriu \u00een februarie, dar voi consemna aici ce am f\u0103cut \u00een ultimele dou\u0103 luni. Dup\u0103 cum procedez de fiecare dat\u0103, am citit informa\u021biile din Gr\u0103dina \u00een martie &#8211; ce e de f\u0103cut pentru a nu sc\u0103pa din vedere vreo lucrare. Apoi am trecut \u00een revist\u0103 informa\u021biile din jurnalul pe ianuarie (\u0219tiu, trebuia s\u0103 fie februarie, dar asta e!) S\u0103 le lu\u0103m pe r\u00e2nd: Obiective Obiectivul principal \u00een martie a fost<\/p>\n","protected":false},"author":1,"featured_media":7680,"comment_status":"open","ping_status":"open","sticky":false,"template":"","format":"standard","meta":[],"categories":[37,8,25,26],"tags":[72,389,204,388,132],"yoast_head":"<!-- This site is optimized with the Yoast SEO plugin v17.7.1 - https:\/\/yoast.com\/wordpress\/plugins\/seo\/ -->\n<title>Jurnalul gr\u0103dinii \u00een martie - Gradina pe luni - StilOrganizat<\/title>\n<meta name=\"description\" content=\"Jurnalul gr\u0103dinii \u00een martie cu toate activit\u0103\u021bile mele: ce semin\u021be am pus \u00een r\u0103sadni\u021be, ce am plantat \u00een ghivece, ce am cump\u0103rat.\" \/>\n<meta name=\"robots\" content=\"index, follow, max-snippet:-1, max-image-preview:large, max-video-preview:-1\" \/>\n<link rel=\"canonical\" href=\"https:\/\/stilorganizat.com\/?p=7671\" \/>\n<meta property=\"og:locale\" content=\"en_US\" \/>\n<meta property=\"og:type\" content=\"article\" \/>\n<meta property=\"og:title\" content=\"Jurnalul gr\u0103dinii \u00een martie - Gradina pe luni - StilOrganizat\" \/>\n<meta property=\"og:description\" content=\"Jurnalul gr\u0103dinii \u00een martie cu toate activit\u0103\u021bile mele: ce semin\u021be am pus \u00een r\u0103sadni\u021be, ce am plantat \u00een ghivece, ce am cump\u0103rat.\" \/>\n<meta property=\"og:url\" content=\"https:\/\/stilorganizat.com\/?p=7671\" \/>\n<meta property=\"og:site_name\" content=\"StilOrganizat\" \/>\n<meta property=\"article:published_time\" content=\"2021-03-28T06:48:15+00:00\" \/>\n<meta property=\"article:modified_time\" content=\"2021-03-28T06:48:16+00:00\" \/>\n<meta property=\"og:image\" content=\"https:\/\/stilorganizat.com\/wp-content\/uploads\/2021\/03\/rasaduri-pe-pervaz.jpg\" \/>\n\t<meta property=\"og:image:width\" content=\"1800\" \/>\n\t<meta property=\"og:image:height\" content=\"1200\" \/>\n<meta name=\"twitter:card\" content=\"summary_large_image\" \/>\n<meta name=\"twitter:label1\" content=\"Written by\" \/>\n\t<meta name=\"twitter:data1\" content=\"Ela\" \/>\n\t<meta name=\"twitter:label2\" content=\"Est. reading time\" \/>\n\t<meta name=\"twitter:data2\" content=\"7 minutes\" \/>\n<script type=\"application\/ld+json\" class=\"yoast-schema-graph\">{\"@context\":\"https:\/\/schema.org\",\"@graph\":[{\"@type\":\"WebSite\",\"@id\":\"https:\/\/stilorganizat.com\/#website\",\"url\":\"https:\/\/stilorganizat.com\/\",\"name\":\"StilOrganizat\",\"description\":\"\",\"publisher\":{\"@id\":\"https:\/\/stilorganizat.com\/#\/schema\/person\/925650ea34ea4181154192c09316af88\"},\"potentialAction\":[{\"@type\":\"SearchAction\",\"target\":{\"@type\":\"EntryPoint\",\"urlTemplate\":\"https:\/\/stilorganizat.com\/?s={search_term_string}\"},\"query-input\":\"required name=search_term_string\"}],\"inLanguage\":\"en-US\"},{\"@type\":\"ImageObject\",\"@id\":\"https:\/\/stilorganizat.com\/?p=7671#primaryimage\",\"inLanguage\":\"en-US\",\"url\":\"https:\/\/stilorganizat.com\/wp-content\/uploads\/2021\/03\/rasaduri-pe-pervaz.jpg\",\"contentUrl\":\"https:\/\/stilorganizat.com\/wp-content\/uploads\/2021\/03\/rasaduri-pe-pervaz.jpg\",\"width\":1800,\"height\":1200,\"caption\":\"jurnalul gradinii in martie - rasaduri pe pervaz\"},{\"@type\":\"WebPage\",\"@id\":\"https:\/\/stilorganizat.com\/?p=7671#webpage\",\"url\":\"https:\/\/stilorganizat.com\/?p=7671\",\"name\":\"Jurnalul gr\\u0103dinii \\u00een martie - Gradina pe luni - StilOrganizat\",\"isPartOf\":{\"@id\":\"https:\/\/stilorganizat.com\/#website\"},\"primaryImageOfPage\":{\"@id\":\"https:\/\/stilorganizat.com\/?p=7671#primaryimage\"},\"datePublished\":\"2021-03-28T06:48:15+00:00\",\"dateModified\":\"2021-03-28T06:48:16+00:00\",\"description\":\"Jurnalul gr\\u0103dinii \\u00een martie cu toate activit\\u0103\\u021bile mele: ce semin\\u021be am pus \\u00een r\\u0103sadni\\u021be, ce am plantat \\u00een ghivece, ce am cump\\u0103rat.\",\"breadcrumb\":{\"@id\":\"https:\/\/stilorganizat.com\/?p=7671#breadcrumb\"},\"inLanguage\":\"en-US\",\"potentialAction\":[{\"@type\":\"ReadAction\",\"target\":[\"https:\/\/stilorganizat.com\/?p=7671\"]}]},{\"@type\":\"BreadcrumbList\",\"@id\":\"https:\/\/stilorganizat.com\/?p=7671#breadcrumb\",\"itemListElement\":[{\"@type\":\"ListItem\",\"position\":1,\"name\":\"Home\",\"item\":\"https:\/\/stilorganizat.com\/\"},{\"@type\":\"ListItem\",\"position\":2,\"name\":\"Gradina\",\"item\":\"https:\/\/stilorganizat.com\/?cat=8\"},{\"@type\":\"ListItem\",\"position\":3,\"name\":\"Gradina pe luni\",\"item\":\"https:\/\/stilorganizat.com\/?cat=25\"},{\"@type\":\"ListItem\",\"position\":4,\"name\":\"Jurnalul gr\\u0103dinii \\u00een martie\"}]},{\"@type\":\"Article\",\"@id\":\"https:\/\/stilorganizat.com\/?p=7671#article\",\"isPartOf\":{\"@id\":\"https:\/\/stilorganizat.com\/?p=7671#webpage\"},\"author\":{\"@id\":\"https:\/\/stilorganizat.com\/#\/schema\/person\/925650ea34ea4181154192c09316af88\"},\"headline\":\"Jurnalul gr\\u0103dinii \\u00een martie\",\"datePublished\":\"2021-03-28T06:48:15+00:00\",\"dateModified\":\"2021-03-28T06:48:16+00:00\",\"mainEntityOfPage\":{\"@id\":\"https:\/\/stilorganizat.com\/?p=7671#webpage\"},\"wordCount\":1177,\"commentCount\":2,\"publisher\":{\"@id\":\"https:\/\/stilorganizat.com\/#\/schema\/person\/925650ea34ea4181154192c09316af88\"},\"image\":{\"@id\":\"https:\/\/stilorganizat.com\/?p=7671#primaryimage\"},\"thumbnailUrl\":\"https:\/\/stilorganizat.com\/wp-content\/uploads\/2021\/03\/rasaduri-pe-pervaz.jpg\",\"keywords\":[\"gradina\",\"gradina in martie\",\"jurnalul gradinii\",\"lucrari de primavara\",\"lucrari in gradina\"],\"articleSection\":[\"Featured\",\"Gradina\",\"Gradina pe luni\",\"Utile in gradina\"],\"inLanguage\":\"en-US\",\"potentialAction\":[{\"@type\":\"CommentAction\",\"name\":\"Comment\",\"target\":[\"https:\/\/stilorganizat.com\/?p=7671#respond\"]}]},{\"@type\":[\"Person\",\"Organization\"],\"@id\":\"https:\/\/stilorganizat.com\/#\/schema\/person\/925650ea34ea4181154192c09316af88\",\"name\":\"Ela\",\"image\":{\"@type\":\"ImageObject\",\"@id\":\"https:\/\/stilorganizat.com\/#personlogo\",\"inLanguage\":\"en-US\",\"url\":\"https:\/\/secure.gravatar.com\/avatar\/8760904c7f0aa36ea71caf9864f47f82?s=96&d=identicon&r=g\",\"contentUrl\":\"https:\/\/secure.gravatar.com\/avatar\/8760904c7f0aa36ea71caf9864f47f82?s=96&d=identicon&r=g\",\"caption\":\"Ela\"},\"logo\":{\"@id\":\"https:\/\/stilorganizat.com\/#personlogo\"},\"sameAs\":[\"http:\/\/stilorganizat.ro\"]}]}<\/script>\n<!-- \/ Yoast SEO plugin. -->","yoast_head_json":{"title":"Jurnalul gr\u0103dinii \u00een martie - Gradina pe luni - StilOrganizat","description":"Jurnalul gr\u0103dinii \u00een martie cu toate activit\u0103\u021bile mele: ce semin\u021be am pus \u00een r\u0103sadni\u021be, ce am plantat \u00een ghivece, ce am cump\u0103rat.","robots":{"index":"index","follow":"follow","max-snippet":"max-snippet:-1","max-image-preview":"max-image-preview:large","max-video-preview":"max-video-preview:-1"},"canonical":"https:\/\/stilorganizat.com\/?p=7671","og_locale":"en_US","og_type":"article","og_title":"Jurnalul gr\u0103dinii \u00een martie - Gradina pe luni - StilOrganizat","og_description":"Jurnalul gr\u0103dinii \u00een martie cu toate activit\u0103\u021bile mele: ce semin\u021be am pus \u00een r\u0103sadni\u021be, ce am plantat \u00een ghivece, ce am cump\u0103rat.","og_url":"https:\/\/stilorganizat.com\/?p=7671","og_site_name":"StilOrganizat","article_published_time":"2021-03-28T06:48:15+00:00","article_modified_time":"2021-03-28T06:48:16+00:00","og_image":[{"width":1800,"height":1200,"url":"https:\/\/stilorganizat.com\/wp-content\/uploads\/2021\/03\/rasaduri-pe-pervaz.jpg","type":"image\/jpeg"}],"twitter_card":"summary_large_image","twitter_misc":{"Written by":"Ela","Est. reading time":"7 minutes"},"schema":{"@context":"https:\/\/schema.org","@graph":[{"@type":"WebSite","@id":"https:\/\/stilorganizat.com\/#website","url":"https:\/\/stilorganizat.com\/","name":"StilOrganizat","description":"","publisher":{"@id":"https:\/\/stilorganizat.com\/#\/schema\/person\/925650ea34ea4181154192c09316af88"},"potentialAction":[{"@type":"SearchAction","target":{"@type":"EntryPoint","urlTemplate":"https:\/\/stilorganizat.com\/?s={search_term_string}"},"query-input":"required name=search_term_string"}],"inLanguage":"en-US"},{"@type":"ImageObject","@id":"https:\/\/stilorganizat.com\/?p=7671#primaryimage","inLanguage":"en-US","url":"https:\/\/stilorganizat.com\/wp-content\/uploads\/2021\/03\/rasaduri-pe-pervaz.jpg","contentUrl":"https:\/\/stilorganizat.com\/wp-content\/uploads\/2021\/03\/rasaduri-pe-pervaz.jpg","width":1800,"height":1200,"caption":"jurnalul gradinii in martie - rasaduri pe pervaz"},{"@type":"WebPage","@id":"https:\/\/stilorganizat.com\/?p=7671#webpage","url":"https:\/\/stilorganizat.com\/?p=7671","name":"Jurnalul gr\u0103dinii \u00een martie - Gradina pe luni - StilOrganizat","isPartOf":{"@id":"https:\/\/stilorganizat.com\/#website"},"primaryImageOfPage":{"@id":"https:\/\/stilorganizat.com\/?p=7671#primaryimage"},"datePublished":"2021-03-28T06:48:15+00:00","dateModified":"2021-03-28T06:48:16+00:00","description":"Jurnalul gr\u0103dinii \u00een martie cu toate activit\u0103\u021bile mele: ce semin\u021be am pus \u00een r\u0103sadni\u021be, ce am plantat \u00een ghivece, ce am cump\u0103rat.","breadcrumb":{"@id":"https:\/\/stilorganizat.com\/?p=7671#breadcrumb"},"inLanguage":"en-US","potentialAction":[{"@type":"ReadAction","target":["https:\/\/stilorganizat.com\/?p=7671"]}]},{"@type":"BreadcrumbList","@id":"https:\/\/stilorganizat.com\/?p=7671#breadcrumb","itemListElement":[{"@type":"ListItem","position":1,"name":"Home","item":"https:\/\/stilorganizat.com\/"},{"@type":"ListItem","position":2,"name":"Gradina","item":"https:\/\/stilorganizat.com\/?cat=8"},{"@type":"ListItem","position":3,"name":"Gradina pe luni","item":"https:\/\/stilorganizat.com\/?cat=25"},{"@type":"ListItem","position":4,"name":"Jurnalul gr\u0103dinii \u00een martie"}]},{"@type":"Article","@id":"https:\/\/stilorganizat.com\/?p=7671#article","isPartOf":{"@id":"https:\/\/stilorganizat.com\/?p=7671#webpage"},"author":{"@id":"https:\/\/stilorganizat.com\/#\/schema\/person\/925650ea34ea4181154192c09316af88"},"headline":"Jurnalul gr\u0103dinii \u00een martie","datePublished":"2021-03-28T06:48:15+00:00","dateModified":"2021-03-28T06:48:16+00:00","mainEntityOfPage":{"@id":"https:\/\/stilorganizat.com\/?p=7671#webpage"},"wordCount":1177,"commentCount":2,"publisher":{"@id":"https:\/\/stilorganizat.com\/#\/schema\/person\/925650ea34ea4181154192c09316af88"},"image":{"@id":"https:\/\/stilorganizat.com\/?p=7671#primaryimage"},"thumbnailUrl":"https:\/\/stilorganizat.com\/wp-content\/uploads\/2021\/03\/rasaduri-pe-pervaz.jpg","keywords":["gradina","gradina in martie","jurnalul gradinii","lucrari de primavara","lucrari in gradina"],"articleSection":["Featured","Gradina","Gradina pe luni","Utile in gradina"],"inLanguage":"en-US","potentialAction":[{"@type":"CommentAction","name":"Comment","target":["https:\/\/stilorganizat.com\/?p=7671#respond"]}]},{"@type":["Person","Organization"],"@id":"https:\/\/stilorganizat.com\/#\/schema\/person\/925650ea34ea4181154192c09316af88","name":"Ela","image":{"@type":"ImageObject","@id":"https:\/\/stilorganizat.com\/#personlogo","inLanguage":"en-US","url":"https:\/\/secure.gravatar.com\/avatar\/8760904c7f0aa36ea71caf9864f47f82?s=96&d=identicon&r=g","contentUrl":"https:\/\/secure.gravatar.com\/avatar\/8760904c7f0aa36ea71caf9864f47f82?s=96&d=identicon&r=g","caption":"Ela"},"logo":{"@id":"https:\/\/stilorganizat.com\/#personlogo"},"sameAs":["http:\/\/stilorganizat.ro"]}]}},"_links":{"self":[{"href":"https:\/\/stilorganizat.com\/index.php?rest_route=\/wp\/v2\/posts\/7671"}],"collection":[{"href":"https:\/\/stilorganizat.com\/index.php?rest_route=\/wp\/v2\/posts"}],"about":[{"href":"https:\/\/stilorganizat.com\/index.php?rest_route=\/wp\/v2\/types\/post"}],"author":[{"embeddable":true,"href":"https:\/\/stilorganizat.com\/index.php?rest_route=\/wp\/v2\/users\/1"}],"replies":[{"embeddable":true,"href":"https:\/\/stilorganizat.com\/index.php?rest_route=%2Fwp%2Fv2%2Fcomments&post=7671"}],"version-history":[{"count":7,"href":"https:\/\/stilorganizat.com\/index.php?rest_route=\/wp\/v2\/posts\/7671\/revisions"}],"predecessor-version":[{"id":7688,"href":"https:\/\/stilorganizat.com\/index.php?rest_route=\/wp\/v2\/posts\/7671\/revisions\/7688"}],"wp:featuredmedia":[{"embeddable":true,"href":"https:\/\/stilorganizat.com\/index.php?rest_route=\/wp\/v2\/media\/7680"}],"wp:attachment":[{"href":"https:\/\/stilorganizat.com\/index.php?rest_route=%2Fwp%2Fv2%2Fmedia&parent=7671"}],"wp:term":[{"taxonomy":"category","embeddable":true,"href":"https:\/\/stilorganizat.com\/index.php?rest_route=%2Fwp%2Fv2%2Fcategories&post=7671"},{"taxonomy":"post_tag","embeddable":true,"href":"https:\/\/stilorganizat.com\/index.php?rest_route=%2Fwp%2Fv2%2Ftags&post=7671"}],"curies":[{"name":"wp","href":"https:\/\/api.w.org\/{rel}","templated":true}]}}