{"id":7542,"date":"2020-12-22T22:40:28","date_gmt":"2020-12-22T19:40:28","guid":{"rendered":"https:\/\/stilorganizat.com\/?p=7542"},"modified":"2021-11-23T21:15:13","modified_gmt":"2021-11-23T18:15:13","slug":"casa-de-craciun-in-2020","status":"publish","type":"post","link":"https:\/\/stilorganizat.com\/?p=7542","title":{"rendered":"Casa de Cr\u0103ciun \u00een 2020"},"content":{"rendered":"\n<p>Anul acesta am folosit din bel\u0219ug conuri de brad pentru aranjamentele din cas\u0103. Aceasta a suplinit faptul c\u0103 nu am f\u0103cut investi\u021bii pentru Cr\u0103ciun \u0219i am sim\u021bit nevoia s\u0103 adaug, totu\u0219i, decoruri noi at\u00e2t \u00een interior, c\u00e2t \u0219i \u00een gr\u0103din\u0103. Casa de Cr\u0103ciun \u00een 2020 este simpl\u0103 \u0219i luminoas\u0103 \u0219i doar un pic pre\u021bioas\u0103.<\/p>\n\n\n\n<p>Decorurile urmeaz\u0103, \u00een ceea ce m\u0103 prive\u0219te, patru linii mari de interes: <\/p>\n\n\n\n<ul><li>luminile, care sunt cele mai importante c\u00e2nd vine vorba de decorurile din zilele \u00eennegurate \u0219i nop\u021bile lungi<\/li><li>ornamentele de brad, cu c\u00e2t mai pre\u021bioase, cu at\u00e2t mai bine<\/li><li>ornamente naturale sau din h\u00e2rtie pe care le fac chiar eu<\/li><li>vesela de sezon <\/li><\/ul>\n\n\n\n<p><\/p>\n\n\n\n<h2 class=\"has-text-align-center has-vivid-red-color has-text-color\"><em>Luminile<\/em><\/h2>\n\n\n\n<p>An dup\u0103 an am cump\u0103rat \u0219i consolidat colec\u021bia de ghirlande de lumini. Nu este o \u00eent\u00e2mplare c\u0103 aceste s\u0103rb\u0103tori au loc \u00een mijlocul iernii, c\u00e2nd nop\u021bile sunt cele mai lungi \u0219i sim\u021bim nevoia s\u0103 le lumin\u0103m. <\/p>\n\n\n\n<p>Casa de Cr\u0103ciun e luminat\u0103 prin mii de becule\u021be.<\/p>\n\n\n\n<figure class=\"wp-block-image size-large\"><img loading=\"lazy\" width=\"1024\" height=\"768\" src=\"https:\/\/stilorganizat.com\/wp-content\/uploads\/2020\/12\/Craciun-2020-semineu-1024x768.jpg\" alt=\"Craciun 2020 - semineul\" class=\"wp-image-7564\" srcset=\"https:\/\/stilorganizat.com\/wp-content\/uploads\/2020\/12\/Craciun-2020-semineu-1024x768.jpg 1024w, https:\/\/stilorganizat.com\/wp-content\/uploads\/2020\/12\/Craciun-2020-semineu-300x225.jpg 300w, https:\/\/stilorganizat.com\/wp-content\/uploads\/2020\/12\/Craciun-2020-semineu-768x576.jpg 768w, https:\/\/stilorganizat.com\/wp-content\/uploads\/2020\/12\/Craciun-2020-semineu-1536x1152.jpg 1536w, https:\/\/stilorganizat.com\/wp-content\/uploads\/2020\/12\/Craciun-2020-semineu.jpg 1800w\" sizes=\"(max-width: 1024px) 100vw, 1024px\" \/><\/figure>\n\n\n\n<p>Pentru mine a devenit un protocol de iarn\u0103 s\u0103 aranjez primele lumini\u021be la \u00eenceputul lui noiembrie, cele pe care le str\u00e2ng apoi de abia \u00een februarie. <\/p>\n\n\n\n<p>Vazele \u0219i ghivecele pres\u0103rate prin cas\u0103 devin str\u0103lucitoare. <\/p>\n\n\n\n<figure class=\"wp-block-image size-large\"><img loading=\"lazy\" width=\"1024\" height=\"683\" src=\"https:\/\/stilorganizat.com\/wp-content\/uploads\/2020\/12\/Craciun-2020-decor-cu-pasari-1024x683.jpg\" alt=\"Craciun 2020 - luminite\" class=\"wp-image-7552\" srcset=\"https:\/\/stilorganizat.com\/wp-content\/uploads\/2020\/12\/Craciun-2020-decor-cu-pasari-1024x683.jpg 1024w, https:\/\/stilorganizat.com\/wp-content\/uploads\/2020\/12\/Craciun-2020-decor-cu-pasari-300x200.jpg 300w, https:\/\/stilorganizat.com\/wp-content\/uploads\/2020\/12\/Craciun-2020-decor-cu-pasari-768x512.jpg 768w, https:\/\/stilorganizat.com\/wp-content\/uploads\/2020\/12\/Craciun-2020-decor-cu-pasari-1536x1024.jpg 1536w, https:\/\/stilorganizat.com\/wp-content\/uploads\/2020\/12\/Craciun-2020-decor-cu-pasari.jpg 1800w\" sizes=\"(max-width: 1024px) 100vw, 1024px\" \/><\/figure>\n\n\n\n<p><\/p>\n\n\n\n<p>\u0218irurile de lumini de pe balcoane \u0219i st\u00e2lpi creeaz\u0103, la r\u00e2ndul lor, un spectacol feeric.<\/p>\n\n\n\n<figure class=\"wp-block-image size-large\"><img loading=\"lazy\" width=\"1024\" height=\"683\" src=\"https:\/\/stilorganizat.com\/wp-content\/uploads\/2020\/12\/Craciun-2020-exterior-1024x683.jpg\" alt=\"Lumini de Craciun\" class=\"wp-image-7555\" srcset=\"https:\/\/stilorganizat.com\/wp-content\/uploads\/2020\/12\/Craciun-2020-exterior-1024x683.jpg 1024w, https:\/\/stilorganizat.com\/wp-content\/uploads\/2020\/12\/Craciun-2020-exterior-300x200.jpg 300w, https:\/\/stilorganizat.com\/wp-content\/uploads\/2020\/12\/Craciun-2020-exterior-768x512.jpg 768w, https:\/\/stilorganizat.com\/wp-content\/uploads\/2020\/12\/Craciun-2020-exterior-1536x1024.jpg 1536w, https:\/\/stilorganizat.com\/wp-content\/uploads\/2020\/12\/Craciun-2020-exterior.jpg 1800w\" sizes=\"(max-width: 1024px) 100vw, 1024px\" \/><\/figure>\n\n\n\n<figure class=\"wp-block-image\"><img alt=\"\"\/><\/figure>\n\n\n\n<h2 class=\"has-text-align-center has-vivid-red-color has-text-color\"><em>Bradul<\/em><\/h2>\n\n\n\n<p>Stilul european de aranjare a bradului este plin de farmec \u0219i nostalgie. <\/p>\n\n\n\n<p>Pentru mine, bradul este o colec\u021bie de o via\u021b\u0103 de mici obiecte pre\u021bioase, culese an de an din c\u0103l\u0103torii sau cu semnifica\u021bie aparte pentru familia noastr\u0103. \u00cemi pare foarte r\u0103u c\u0103 extraordinara colec\u021bie de podoabe de brad a mamei s-a spart, nici nu mai \u0219tiu cum, \u0219i am r\u0103mas numai cu amintirile acelor obiecte extraordinare pe care nu le mai pot g\u0103si nic\u0103ieri.<\/p>\n\n\n\n<p>Podoabele din bradul de acas\u0103 sper c\u0103 vor ajunge ca mo\u0219tenire copiilor mei. Chiar vorbeam cu mama mea c\u0103 ar fi avut nevoie de condi\u021bii mai bune pentru p\u0103strarea globurilor. <a aria-label=\"undefined (opens in a new tab)\" href=\"https:\/\/stilorganizat.com\/?p=4940\" target=\"_blank\" rel=\"noreferrer noopener\">Poate tocmai de aceea am avut a\u0219a o pornire de a realiza cutii speciale pentru ceea ce de\u021bin.<\/a><\/p>\n\n\n\n<figure class=\"wp-block-image size-large\"><img loading=\"lazy\" width=\"1024\" height=\"683\" src=\"https:\/\/stilorganizat.com\/wp-content\/uploads\/2020\/12\/Podoabe-de-brad-ciupercuta-1024x683.jpg\" alt=\"Podoabe de brad - ciupercuta\" class=\"wp-image-7560\" srcset=\"https:\/\/stilorganizat.com\/wp-content\/uploads\/2020\/12\/Podoabe-de-brad-ciupercuta-1024x683.jpg 1024w, https:\/\/stilorganizat.com\/wp-content\/uploads\/2020\/12\/Podoabe-de-brad-ciupercuta-300x200.jpg 300w, https:\/\/stilorganizat.com\/wp-content\/uploads\/2020\/12\/Podoabe-de-brad-ciupercuta-768x512.jpg 768w, https:\/\/stilorganizat.com\/wp-content\/uploads\/2020\/12\/Podoabe-de-brad-ciupercuta-1536x1024.jpg 1536w, https:\/\/stilorganizat.com\/wp-content\/uploads\/2020\/12\/Podoabe-de-brad-ciupercuta.jpg 1800w\" sizes=\"(max-width: 1024px) 100vw, 1024px\" \/><\/figure>\n\n\n\n<figure class=\"wp-block-image size-large\"><img loading=\"lazy\" width=\"1024\" height=\"683\" src=\"https:\/\/stilorganizat.com\/wp-content\/uploads\/2020\/12\/Podoabe-de-brad-globuri-1024x683.jpg\" alt=\"podoabe de brad - Glob rosu\" class=\"wp-image-7561\" srcset=\"https:\/\/stilorganizat.com\/wp-content\/uploads\/2020\/12\/Podoabe-de-brad-globuri-1024x683.jpg 1024w, https:\/\/stilorganizat.com\/wp-content\/uploads\/2020\/12\/Podoabe-de-brad-globuri-300x200.jpg 300w, https:\/\/stilorganizat.com\/wp-content\/uploads\/2020\/12\/Podoabe-de-brad-globuri-768x512.jpg 768w, https:\/\/stilorganizat.com\/wp-content\/uploads\/2020\/12\/Podoabe-de-brad-globuri-1536x1024.jpg 1536w, https:\/\/stilorganizat.com\/wp-content\/uploads\/2020\/12\/Podoabe-de-brad-globuri.jpg 1800w\" sizes=\"(max-width: 1024px) 100vw, 1024px\" \/><\/figure>\n\n\n\n<figure class=\"wp-block-image size-large\"><img loading=\"lazy\" width=\"1024\" height=\"683\" src=\"https:\/\/stilorganizat.com\/wp-content\/uploads\/2020\/12\/Podoabe-de-brad-Mos-Craciun-1024x683.jpg\" alt=\"Podoabe de brad - mos Craciun\" class=\"wp-image-7562\" srcset=\"https:\/\/stilorganizat.com\/wp-content\/uploads\/2020\/12\/Podoabe-de-brad-Mos-Craciun-1024x683.jpg 1024w, https:\/\/stilorganizat.com\/wp-content\/uploads\/2020\/12\/Podoabe-de-brad-Mos-Craciun-300x200.jpg 300w, https:\/\/stilorganizat.com\/wp-content\/uploads\/2020\/12\/Podoabe-de-brad-Mos-Craciun-768x512.jpg 768w, https:\/\/stilorganizat.com\/wp-content\/uploads\/2020\/12\/Podoabe-de-brad-Mos-Craciun-1536x1024.jpg 1536w, https:\/\/stilorganizat.com\/wp-content\/uploads\/2020\/12\/Podoabe-de-brad-Mos-Craciun.jpg 1800w\" sizes=\"(max-width: 1024px) 100vw, 1024px\" \/><\/figure>\n\n\n\n<h2 class=\"has-text-align-center has-vivid-red-color has-text-color\"><em>Ornamente naturale \u0219i din h\u00e2rtie<\/em><\/h2>\n\n\n\n<h3 class=\"has-text-color\" style=\"color:#0a593a\"><strong><em>Conuri<\/em><\/strong> <strong><em>\u0219i lemn<\/em><\/strong><\/h3>\n\n\n\n<p>\u00cen camere, pe rafturi, pe mese, pe \u0219emineu, peste tot am pres\u0103rat conuri de brad. <\/p>\n\n\n\n<p>Doar c\u00e2teva exemple:<\/p>\n\n\n\n<p>\u00centr-un co\u0219 de flor\u0103rie foarte frumos care se asorteaz\u0103 cu ele. Am punctat cu c\u00e2teva r\u0103murele de tuia.<\/p>\n\n\n\n<figure class=\"wp-block-image size-large\"><img loading=\"lazy\" width=\"1024\" height=\"764\" src=\"https:\/\/stilorganizat.com\/wp-content\/uploads\/2020\/12\/Craciun-2020-ramuri-cu-pasari-1024x764.jpg\" alt=\"Craciun 2020 - luminite si cosuri cu conuri\" class=\"wp-image-7559\" srcset=\"https:\/\/stilorganizat.com\/wp-content\/uploads\/2020\/12\/Craciun-2020-ramuri-cu-pasari-1024x764.jpg 1024w, https:\/\/stilorganizat.com\/wp-content\/uploads\/2020\/12\/Craciun-2020-ramuri-cu-pasari-300x224.jpg 300w, https:\/\/stilorganizat.com\/wp-content\/uploads\/2020\/12\/Craciun-2020-ramuri-cu-pasari-768x573.jpg 768w, https:\/\/stilorganizat.com\/wp-content\/uploads\/2020\/12\/Craciun-2020-ramuri-cu-pasari-1536x1146.jpg 1536w, https:\/\/stilorganizat.com\/wp-content\/uploads\/2020\/12\/Craciun-2020-ramuri-cu-pasari.jpg 1800w\" sizes=\"(max-width: 1024px) 100vw, 1024px\" \/><\/figure>\n\n\n\n<p>\u00cen aranjamentul uria\u0219 de la fereastra livingului, ca baz\u0103 pentru prezentarea dulciurilor de la masa de Cr\u0103ciun.<\/p>\n\n\n\n<figure class=\"wp-block-image size-large\"><img loading=\"lazy\" width=\"1024\" height=\"683\" src=\"https:\/\/stilorganizat.com\/wp-content\/uploads\/2020\/12\/decor-natural-4-1024x683.jpg\" alt=\"Decor natural de Craciun\" class=\"wp-image-7521\" srcset=\"https:\/\/stilorganizat.com\/wp-content\/uploads\/2020\/12\/decor-natural-4-1024x683.jpg 1024w, https:\/\/stilorganizat.com\/wp-content\/uploads\/2020\/12\/decor-natural-4-300x200.jpg 300w, https:\/\/stilorganizat.com\/wp-content\/uploads\/2020\/12\/decor-natural-4-768x512.jpg 768w, https:\/\/stilorganizat.com\/wp-content\/uploads\/2020\/12\/decor-natural-4-1536x1024.jpg 1536w, https:\/\/stilorganizat.com\/wp-content\/uploads\/2020\/12\/decor-natural-4.jpg 1800w\" sizes=\"(max-width: 1024px) 100vw, 1024px\" \/><\/figure>\n\n\n\n<p>\u00cen alt loc am folosit o coroni\u021b\u0103 cump\u0103rat\u0103 de la Lidl pe care am a\u0219ezat-o pe un pat de conuri aranjate \u00eentr-o tav\u0103 veche de cupru. Am ad\u0103ugat c\u00e2teva felii de portocal\u0103 uscat\u0103. <\/p>\n\n\n\n<p>Aceasta este o dovad\u0103 c\u0103 un obiect ieftin, cump\u0103rat de la magazinul universal, cap\u0103t\u0103 anvergur\u0103 printr-un mic truc de aranjare. \u0218i este un excelent centru de mas\u0103 de Cr\u0103ciun.<\/p>\n\n\n\n<figure class=\"wp-block-image size-large\"><img loading=\"lazy\" width=\"1024\" height=\"735\" src=\"https:\/\/stilorganizat.com\/wp-content\/uploads\/2020\/12\/Craciun-2020-coronita-1024x735.jpg\" alt=\"Aranjament cu conuri\" class=\"wp-image-7551\" srcset=\"https:\/\/stilorganizat.com\/wp-content\/uploads\/2020\/12\/Craciun-2020-coronita-1024x735.jpg 1024w, https:\/\/stilorganizat.com\/wp-content\/uploads\/2020\/12\/Craciun-2020-coronita-300x215.jpg 300w, https:\/\/stilorganizat.com\/wp-content\/uploads\/2020\/12\/Craciun-2020-coronita-768x551.jpg 768w, https:\/\/stilorganizat.com\/wp-content\/uploads\/2020\/12\/Craciun-2020-coronita-1536x1102.jpg 1536w, https:\/\/stilorganizat.com\/wp-content\/uploads\/2020\/12\/Craciun-2020-coronita.jpg 1801w\" sizes=\"(max-width: 1024px) 100vw, 1024px\" \/><\/figure>\n\n\n\n<p>\u00cen gr\u0103din\u0103, am \u00eempodobit c\u00e2teva ghivece cu ramuri de bignonia (asta am avut \u00een curte), cu tuia \u0219i, bine\u00een\u021beles, am condimentat bine totul cu gr\u0103mezi de conuri.<\/p>\n\n\n\n<figure class=\"wp-block-image size-large\"><img loading=\"lazy\" width=\"768\" height=\"1024\" src=\"https:\/\/stilorganizat.com\/wp-content\/uploads\/2020\/12\/ghivece-cu-conuri-768x1024.jpg\" alt=\"Ghivece cu conuri\" class=\"wp-image-7565\" srcset=\"https:\/\/stilorganizat.com\/wp-content\/uploads\/2020\/12\/ghivece-cu-conuri-768x1024.jpg 768w, https:\/\/stilorganizat.com\/wp-content\/uploads\/2020\/12\/ghivece-cu-conuri-225x300.jpg 225w, https:\/\/stilorganizat.com\/wp-content\/uploads\/2020\/12\/ghivece-cu-conuri-1152x1536.jpg 1152w, https:\/\/stilorganizat.com\/wp-content\/uploads\/2020\/12\/ghivece-cu-conuri-300x400.jpg 300w, https:\/\/stilorganizat.com\/wp-content\/uploads\/2020\/12\/ghivece-cu-conuri.jpg 1200w\" sizes=\"(max-width: 768px) 100vw, 768px\" \/><\/figure>\n\n\n\n<figure class=\"wp-block-image size-large\"><img loading=\"lazy\" width=\"1024\" height=\"683\" src=\"https:\/\/stilorganizat.com\/wp-content\/uploads\/2020\/12\/Craciun-2020-pasari-pe-balcon-1024x683.jpg\" alt=\"Balcon iarna\" class=\"wp-image-7556\" srcset=\"https:\/\/stilorganizat.com\/wp-content\/uploads\/2020\/12\/Craciun-2020-pasari-pe-balcon-1024x683.jpg 1024w, https:\/\/stilorganizat.com\/wp-content\/uploads\/2020\/12\/Craciun-2020-pasari-pe-balcon-300x200.jpg 300w, https:\/\/stilorganizat.com\/wp-content\/uploads\/2020\/12\/Craciun-2020-pasari-pe-balcon-768x512.jpg 768w, https:\/\/stilorganizat.com\/wp-content\/uploads\/2020\/12\/Craciun-2020-pasari-pe-balcon-1536x1024.jpg 1536w, https:\/\/stilorganizat.com\/wp-content\/uploads\/2020\/12\/Craciun-2020-pasari-pe-balcon.jpg 1800w\" sizes=\"(max-width: 1024px) 100vw, 1024px\" \/><\/figure>\n\n\n\n<p>Pe rafturile din hol, am folosit buc\u0103\u021bi de lemn \u0219i placaj ornat pe care le-am intercalat \u00eentre alte ornamente.<\/p>\n\n\n\n<div class=\"wp-block-image\"><figure class=\"aligncenter size-large\"><img loading=\"lazy\" width=\"683\" height=\"1024\" src=\"https:\/\/stilorganizat.com\/wp-content\/uploads\/2020\/12\/Craciun-2020-rafturi-decor-683x1024.jpg\" alt=\"rafturi de Craciun\" class=\"wp-image-7557\" srcset=\"https:\/\/stilorganizat.com\/wp-content\/uploads\/2020\/12\/Craciun-2020-rafturi-decor-683x1024.jpg 683w, https:\/\/stilorganizat.com\/wp-content\/uploads\/2020\/12\/Craciun-2020-rafturi-decor-200x300.jpg 200w, https:\/\/stilorganizat.com\/wp-content\/uploads\/2020\/12\/Craciun-2020-rafturi-decor-768x1152.jpg 768w, https:\/\/stilorganizat.com\/wp-content\/uploads\/2020\/12\/Craciun-2020-rafturi-decor-1024x1536.jpg 1024w, https:\/\/stilorganizat.com\/wp-content\/uploads\/2020\/12\/Craciun-2020-rafturi-decor-300x450.jpg 300w, https:\/\/stilorganizat.com\/wp-content\/uploads\/2020\/12\/Craciun-2020-rafturi-decor.jpg 1200w\" sizes=\"(max-width: 683px) 100vw, 683px\" \/><\/figure><\/div>\n\n\n\n<div class=\"wp-block-image\"><figure class=\"aligncenter size-large\"><img loading=\"lazy\" width=\"656\" height=\"1024\" src=\"https:\/\/stilorganizat.com\/wp-content\/uploads\/2020\/12\/Craciun-2020-rafturi-decorate-656x1024.jpg\" alt=\"rafturi de Craciun\" class=\"wp-image-7558\" srcset=\"https:\/\/stilorganizat.com\/wp-content\/uploads\/2020\/12\/Craciun-2020-rafturi-decorate-656x1024.jpg 656w, https:\/\/stilorganizat.com\/wp-content\/uploads\/2020\/12\/Craciun-2020-rafturi-decorate-192x300.jpg 192w, https:\/\/stilorganizat.com\/wp-content\/uploads\/2020\/12\/Craciun-2020-rafturi-decorate-768x1198.jpg 768w, https:\/\/stilorganizat.com\/wp-content\/uploads\/2020\/12\/Craciun-2020-rafturi-decorate-985x1536.jpg 985w, https:\/\/stilorganizat.com\/wp-content\/uploads\/2020\/12\/Craciun-2020-rafturi-decorate-300x468.jpg 300w, https:\/\/stilorganizat.com\/wp-content\/uploads\/2020\/12\/Craciun-2020-rafturi-decorate.jpg 1200w\" sizes=\"(max-width: 656px) 100vw, 656px\" \/><\/figure><\/div>\n\n\n\n<p>La fel, \u00een mica scen\u0103 de iarn\u0103.<\/p>\n\n\n\n<figure class=\"wp-block-image size-large\"><img loading=\"lazy\" width=\"1024\" height=\"683\" src=\"https:\/\/stilorganizat.com\/wp-content\/uploads\/2020\/12\/Craciun-2020-decor-de-iarna-1024x683.jpg\" alt=\"Scena de iarna\" class=\"wp-image-7553\" srcset=\"https:\/\/stilorganizat.com\/wp-content\/uploads\/2020\/12\/Craciun-2020-decor-de-iarna-1024x683.jpg 1024w, https:\/\/stilorganizat.com\/wp-content\/uploads\/2020\/12\/Craciun-2020-decor-de-iarna-300x200.jpg 300w, https:\/\/stilorganizat.com\/wp-content\/uploads\/2020\/12\/Craciun-2020-decor-de-iarna-768x512.jpg 768w, https:\/\/stilorganizat.com\/wp-content\/uploads\/2020\/12\/Craciun-2020-decor-de-iarna-1536x1024.jpg 1536w, https:\/\/stilorganizat.com\/wp-content\/uploads\/2020\/12\/Craciun-2020-decor-de-iarna.jpg 1800w\" sizes=\"(max-width: 1024px) 100vw, 1024px\" \/><\/figure>\n\n\n\n<h3 class=\"has-text-color\" style=\"color:#206b50\"><strong><em>Ornamente din h\u00e2rtie \u0219i carton<\/em><\/strong><\/h3>\n\n\n\n<p>Am prezentat de-a lungul anilor multe astfel de proiecte. <\/p>\n\n\n\n<p>Anul acesta am realizat <a href=\"https:\/\/stilorganizat.com\/?p=7485\" target=\"_blank\" aria-label=\"undefined (opens in a new tab)\" rel=\"noreferrer noopener\">ni\u0219te coroni\u021be \u00eenc\u00e2nt\u0103toare din carton \u0219i mirodenii. <\/a><\/p>\n\n\n\n<figure class=\"wp-block-image size-large\"><img loading=\"lazy\" width=\"1024\" height=\"818\" src=\"https:\/\/stilorganizat.com\/wp-content\/uploads\/2020\/11\/coronita-cu-mirodenii-1024x818.jpg\" alt=\"coronita din carton cu mirodenii\" class=\"wp-image-7493\" srcset=\"https:\/\/stilorganizat.com\/wp-content\/uploads\/2020\/11\/coronita-cu-mirodenii-1024x818.jpg 1024w, https:\/\/stilorganizat.com\/wp-content\/uploads\/2020\/11\/coronita-cu-mirodenii-300x240.jpg 300w, https:\/\/stilorganizat.com\/wp-content\/uploads\/2020\/11\/coronita-cu-mirodenii-768x613.jpg 768w, https:\/\/stilorganizat.com\/wp-content\/uploads\/2020\/11\/coronita-cu-mirodenii-1536x1226.jpg 1536w, https:\/\/stilorganizat.com\/wp-content\/uploads\/2020\/11\/coronita-cu-mirodenii.jpg 1801w\" sizes=\"(max-width: 1024px) 100vw, 1024px\" \/><\/figure>\n\n\n\n<figure class=\"wp-block-image size-large\"><img loading=\"lazy\" width=\"1024\" height=\"794\" src=\"https:\/\/stilorganizat.com\/wp-content\/uploads\/2020\/12\/Craciun-2020-decor-in-dulap-1024x794.jpg\" alt=\"Dulap de Craciun\" class=\"wp-image-7554\" srcset=\"https:\/\/stilorganizat.com\/wp-content\/uploads\/2020\/12\/Craciun-2020-decor-in-dulap-1024x794.jpg 1024w, https:\/\/stilorganizat.com\/wp-content\/uploads\/2020\/12\/Craciun-2020-decor-in-dulap-300x233.jpg 300w, https:\/\/stilorganizat.com\/wp-content\/uploads\/2020\/12\/Craciun-2020-decor-in-dulap-768x595.jpg 768w, https:\/\/stilorganizat.com\/wp-content\/uploads\/2020\/12\/Craciun-2020-decor-in-dulap-1536x1190.jpg 1536w, https:\/\/stilorganizat.com\/wp-content\/uploads\/2020\/12\/Craciun-2020-decor-in-dulap.jpg 1800w\" sizes=\"(max-width: 1024px) 100vw, 1024px\" \/><\/figure>\n\n\n\n<p>&#8230;\u0219i <a href=\"https:\/\/stilorganizat.com\/?p=7499\" target=\"_blank\" aria-label=\"undefined (opens in a new tab)\" rel=\"noreferrer noopener\">br\u0103du\u021bi simpli din carton.<\/a><\/p>\n\n\n\n<figure class=\"wp-block-image size-large\"><img loading=\"lazy\" width=\"1024\" height=\"623\" src=\"https:\/\/stilorganizat.com\/wp-content\/uploads\/2020\/11\/ghirlanda-cu-braduti-2-1024x623.jpg\" alt=\"ghirlanda din braduti\" class=\"wp-image-7502\" srcset=\"https:\/\/stilorganizat.com\/wp-content\/uploads\/2020\/11\/ghirlanda-cu-braduti-2-1024x623.jpg 1024w, https:\/\/stilorganizat.com\/wp-content\/uploads\/2020\/11\/ghirlanda-cu-braduti-2-300x182.jpg 300w, https:\/\/stilorganizat.com\/wp-content\/uploads\/2020\/11\/ghirlanda-cu-braduti-2-768x467.jpg 768w, https:\/\/stilorganizat.com\/wp-content\/uploads\/2020\/11\/ghirlanda-cu-braduti-2-1536x934.jpg 1536w, https:\/\/stilorganizat.com\/wp-content\/uploads\/2020\/11\/ghirlanda-cu-braduti-2.jpg 1801w\" sizes=\"(max-width: 1024px) 100vw, 1024px\" \/><\/figure>\n\n\n\n<h2 class=\"has-text-align-center has-vivid-red-color has-text-color\"><em>Vesela de Cr\u0103ciun<\/em><\/h2>\n\n\n\n<p>Una din bucuriile sezonului de iarn\u0103 o constituie etalarea veselei speciale pentru aceast\u0103 perioad\u0103. Cele mai multe piese de por\u021belan stau \u00een vitrina buc\u0103t\u0103riei acum. <\/p>\n\n\n\n<figure class=\"wp-block-image size-large\"><img loading=\"lazy\" width=\"1024\" height=\"768\" src=\"https:\/\/stilorganizat.com\/wp-content\/uploads\/2020\/12\/dulap-bucatarie-sezonul-de-iarna-2020-1024x768.jpg\" alt=\"Vesela de iarna\" class=\"wp-image-7563\" srcset=\"https:\/\/stilorganizat.com\/wp-content\/uploads\/2020\/12\/dulap-bucatarie-sezonul-de-iarna-2020-1024x768.jpg 1024w, https:\/\/stilorganizat.com\/wp-content\/uploads\/2020\/12\/dulap-bucatarie-sezonul-de-iarna-2020-300x225.jpg 300w, https:\/\/stilorganizat.com\/wp-content\/uploads\/2020\/12\/dulap-bucatarie-sezonul-de-iarna-2020-768x576.jpg 768w, https:\/\/stilorganizat.com\/wp-content\/uploads\/2020\/12\/dulap-bucatarie-sezonul-de-iarna-2020-1536x1152.jpg 1536w, https:\/\/stilorganizat.com\/wp-content\/uploads\/2020\/12\/dulap-bucatarie-sezonul-de-iarna-2020.jpg 1800w\" sizes=\"(max-width: 1024px) 100vw, 1024px\" \/><\/figure>\n\n\n\n<p> <a href=\"https:\/\/stilorganizat.com\/?p=6524\" target=\"_blank\" aria-label=\"undefined (opens in a new tab)\" rel=\"noreferrer noopener\">Aranjez mese de Cr\u0103ciun vesele&#8230;<\/a><\/p>\n\n\n\n<figure class=\"wp-block-image size-large\"><img loading=\"lazy\" width=\"1024\" height=\"673\" src=\"https:\/\/stilorganizat.com\/wp-content\/uploads\/2019\/12\/masa-in-rosu-1024x673.jpg\" alt=\"masa de Craciun in rosu\" class=\"wp-image-6534\" srcset=\"https:\/\/stilorganizat.com\/wp-content\/uploads\/2019\/12\/masa-in-rosu-1024x673.jpg 1024w, https:\/\/stilorganizat.com\/wp-content\/uploads\/2019\/12\/masa-in-rosu-300x197.jpg 300w, https:\/\/stilorganizat.com\/wp-content\/uploads\/2019\/12\/masa-in-rosu-768x505.jpg 768w, https:\/\/stilorganizat.com\/wp-content\/uploads\/2019\/12\/masa-in-rosu.jpg 1800w\" sizes=\"(max-width: 1024px) 100vw, 1024px\" \/><\/figure>\n\n\n\n<p><a href=\"https:\/\/stilorganizat.com\/?p=7529\" target=\"_blank\" aria-label=\"undefined (opens in a new tab)\" rel=\"noreferrer noopener\">sau sobre&#8230;<\/a><\/p>\n\n\n\n<figure class=\"wp-block-image size-large\"><img loading=\"lazy\" width=\"1024\" height=\"683\" src=\"https:\/\/stilorganizat.com\/wp-content\/uploads\/2020\/12\/Masa-alba-de-Craciun-4-1024x683.jpg\" alt=\"Masa alba de Craciun\" class=\"wp-image-7535\" srcset=\"https:\/\/stilorganizat.com\/wp-content\/uploads\/2020\/12\/Masa-alba-de-Craciun-4-1024x683.jpg 1024w, https:\/\/stilorganizat.com\/wp-content\/uploads\/2020\/12\/Masa-alba-de-Craciun-4-300x200.jpg 300w, https:\/\/stilorganizat.com\/wp-content\/uploads\/2020\/12\/Masa-alba-de-Craciun-4-768x512.jpg 768w, https:\/\/stilorganizat.com\/wp-content\/uploads\/2020\/12\/Masa-alba-de-Craciun-4-1536x1024.jpg 1536w, https:\/\/stilorganizat.com\/wp-content\/uploads\/2020\/12\/Masa-alba-de-Craciun-4.jpg 1800w\" sizes=\"(max-width: 1024px) 100vw, 1024px\" \/><\/figure>\n\n\n\n<p>&#8230;iar ciocolata cald\u0103 \u0219i cafelele sunt la ordinea zilei.<\/p>\n\n\n\n<div class=\"wp-block-image\"><figure class=\"aligncenter size-large\"><img loading=\"lazy\" width=\"620\" height=\"358\" src=\"https:\/\/stilorganizat.com\/wp-content\/uploads\/2017\/12\/Craciun-2017-4.jpg\" alt=\"Masa de Craciun\" class=\"wp-image-5201\" srcset=\"https:\/\/stilorganizat.com\/wp-content\/uploads\/2017\/12\/Craciun-2017-4.jpg 620w, https:\/\/stilorganizat.com\/wp-content\/uploads\/2017\/12\/Craciun-2017-4-300x173.jpg 300w\" sizes=\"(max-width: 620px) 100vw, 620px\" \/><\/figure><\/div>\n\n\n\n<p>Casa de Cr\u0103ciun nu trebuie s\u0103 fie fastuoas\u0103, ci cu farmec \u0219i neap\u0103rat luminat\u0103!<\/p>\n\n\n\n<p class=\"has-vivid-red-color has-text-color\"><strong><em>Cr\u0103ciun lini\u0219tit v\u0103 doresc tuturor!<\/em><\/strong><\/p>\n","protected":false},"excerpt":{"rendered":"<p>Anul acesta am folosit din bel\u0219ug conuri de brad pentru aranjamentele din cas\u0103. Aceasta a suplinit faptul c\u0103 nu am f\u0103cut investi\u021bii pentru Cr\u0103ciun \u0219i am sim\u021bit nevoia s\u0103 adaug, totu\u0219i, decoruri noi at\u00e2t \u00een interior, c\u00e2t \u0219i \u00een gr\u0103din\u0103. Casa de Cr\u0103ciun \u00een 2020 este simpl\u0103 \u0219i luminoas\u0103 \u0219i doar un pic pre\u021bioas\u0103. Decorurile urmeaz\u0103, \u00een ceea ce m\u0103 prive\u0219te, patru linii mari de interes: luminile, care sunt cele mai importante c\u00e2nd vine vorba de decorurile din zilele \u00eennegurate<\/p>\n","protected":false},"author":1,"featured_media":7551,"comment_status":"open","ping_status":"open","sticky":false,"template":"","format":"standard","meta":[],"categories":[57,37],"tags":[252,375,376,138,367],"yoast_head":"<!-- This site is optimized with the Yoast SEO plugin v17.7.1 - https:\/\/yoast.com\/wordpress\/plugins\/seo\/ -->\n<title>Casa de Cr\u0103ciun \u00een 2020 - Craciunul - StilOrganizat<\/title>\n<meta name=\"description\" content=\"Cum am aranjat casa de Cr\u0103ciun \u00een 2020. At\u00e2t interiorul, c\u00e2t \u0219i exteriorul au primit decora\u021biuni naturale \u0219i multe lumini\u021be.\" \/>\n<meta name=\"robots\" content=\"index, follow, max-snippet:-1, max-image-preview:large, max-video-preview:-1\" \/>\n<link rel=\"canonical\" href=\"https:\/\/stilorganizat.com\/?p=7542\" \/>\n<meta property=\"og:locale\" content=\"en_US\" \/>\n<meta property=\"og:type\" content=\"article\" \/>\n<meta property=\"og:title\" content=\"Casa de Cr\u0103ciun \u00een 2020 - Craciunul - StilOrganizat\" \/>\n<meta property=\"og:description\" content=\"Cum am aranjat casa de Cr\u0103ciun \u00een 2020. At\u00e2t interiorul, c\u00e2t \u0219i exteriorul au primit decora\u021biuni naturale \u0219i multe lumini\u021be.\" \/>\n<meta property=\"og:url\" content=\"https:\/\/stilorganizat.com\/?p=7542\" \/>\n<meta property=\"og:site_name\" content=\"StilOrganizat\" \/>\n<meta property=\"article:published_time\" content=\"2020-12-22T19:40:28+00:00\" \/>\n<meta property=\"article:modified_time\" content=\"2021-11-23T18:15:13+00:00\" \/>\n<meta property=\"og:image\" content=\"https:\/\/stilorganizat.com\/wp-content\/uploads\/2020\/12\/Craciun-2020-coronita.jpg\" \/>\n\t<meta property=\"og:image:width\" content=\"1801\" \/>\n\t<meta property=\"og:image:height\" content=\"1292\" \/>\n<meta name=\"twitter:card\" content=\"summary_large_image\" \/>\n<meta name=\"twitter:label1\" content=\"Written by\" \/>\n\t<meta name=\"twitter:data1\" content=\"Ela\" \/>\n\t<meta name=\"twitter:label2\" content=\"Est. reading time\" \/>\n\t<meta name=\"twitter:data2\" content=\"8 minutes\" \/>\n<script type=\"application\/ld+json\" class=\"yoast-schema-graph\">{\"@context\":\"https:\/\/schema.org\",\"@graph\":[{\"@type\":\"WebSite\",\"@id\":\"https:\/\/stilorganizat.com\/#website\",\"url\":\"https:\/\/stilorganizat.com\/\",\"name\":\"StilOrganizat\",\"description\":\"\",\"publisher\":{\"@id\":\"https:\/\/stilorganizat.com\/#\/schema\/person\/925650ea34ea4181154192c09316af88\"},\"potentialAction\":[{\"@type\":\"SearchAction\",\"target\":{\"@type\":\"EntryPoint\",\"urlTemplate\":\"https:\/\/stilorganizat.com\/?s={search_term_string}\"},\"query-input\":\"required name=search_term_string\"}],\"inLanguage\":\"en-US\"},{\"@type\":\"ImageObject\",\"@id\":\"https:\/\/stilorganizat.com\/?p=7542#primaryimage\",\"inLanguage\":\"en-US\",\"url\":\"https:\/\/stilorganizat.com\/wp-content\/uploads\/2020\/12\/Craciun-2020-coronita.jpg\",\"contentUrl\":\"https:\/\/stilorganizat.com\/wp-content\/uploads\/2020\/12\/Craciun-2020-coronita.jpg\",\"width\":1801,\"height\":1292,\"caption\":\"Aranjament cu conuri\"},{\"@type\":\"WebPage\",\"@id\":\"https:\/\/stilorganizat.com\/?p=7542#webpage\",\"url\":\"https:\/\/stilorganizat.com\/?p=7542\",\"name\":\"Casa de Cr\\u0103ciun \\u00een 2020 - Craciunul - StilOrganizat\",\"isPartOf\":{\"@id\":\"https:\/\/stilorganizat.com\/#website\"},\"primaryImageOfPage\":{\"@id\":\"https:\/\/stilorganizat.com\/?p=7542#primaryimage\"},\"datePublished\":\"2020-12-22T19:40:28+00:00\",\"dateModified\":\"2021-11-23T18:15:13+00:00\",\"description\":\"Cum am aranjat casa de Cr\\u0103ciun \\u00een 2020. At\\u00e2t interiorul, c\\u00e2t \\u0219i exteriorul au primit decora\\u021biuni naturale \\u0219i multe lumini\\u021be.\",\"breadcrumb\":{\"@id\":\"https:\/\/stilorganizat.com\/?p=7542#breadcrumb\"},\"inLanguage\":\"en-US\",\"potentialAction\":[{\"@type\":\"ReadAction\",\"target\":[\"https:\/\/stilorganizat.com\/?p=7542\"]}]},{\"@type\":\"BreadcrumbList\",\"@id\":\"https:\/\/stilorganizat.com\/?p=7542#breadcrumb\",\"itemListElement\":[{\"@type\":\"ListItem\",\"position\":1,\"name\":\"Home\",\"item\":\"https:\/\/stilorganizat.com\/\"},{\"@type\":\"ListItem\",\"position\":2,\"name\":\"Timp liber\",\"item\":\"https:\/\/stilorganizat.com\/?cat=54\"},{\"@type\":\"ListItem\",\"position\":3,\"name\":\"Craciunul\",\"item\":\"https:\/\/stilorganizat.com\/?cat=57\"},{\"@type\":\"ListItem\",\"position\":4,\"name\":\"Casa de Cr\\u0103ciun \\u00een 2020\"}]},{\"@type\":\"Article\",\"@id\":\"https:\/\/stilorganizat.com\/?p=7542#article\",\"isPartOf\":{\"@id\":\"https:\/\/stilorganizat.com\/?p=7542#webpage\"},\"author\":{\"@id\":\"https:\/\/stilorganizat.com\/#\/schema\/person\/925650ea34ea4181154192c09316af88\"},\"headline\":\"Casa de Cr\\u0103ciun \\u00een 2020\",\"datePublished\":\"2020-12-22T19:40:28+00:00\",\"dateModified\":\"2021-11-23T18:15:13+00:00\",\"mainEntityOfPage\":{\"@id\":\"https:\/\/stilorganizat.com\/?p=7542#webpage\"},\"wordCount\":683,\"commentCount\":6,\"publisher\":{\"@id\":\"https:\/\/stilorganizat.com\/#\/schema\/person\/925650ea34ea4181154192c09316af88\"},\"image\":{\"@id\":\"https:\/\/stilorganizat.com\/?p=7542#primaryimage\"},\"thumbnailUrl\":\"https:\/\/stilorganizat.com\/wp-content\/uploads\/2020\/12\/Craciun-2020-coronita.jpg\",\"keywords\":[\"Craciunul\",\"decor de Craciun\",\"mese de Craciun\",\"ornamente de Craciun\",\"ornamente din hartie\"],\"articleSection\":[\"Craciunul\",\"Featured\"],\"inLanguage\":\"en-US\",\"potentialAction\":[{\"@type\":\"CommentAction\",\"name\":\"Comment\",\"target\":[\"https:\/\/stilorganizat.com\/?p=7542#respond\"]}]},{\"@type\":[\"Person\",\"Organization\"],\"@id\":\"https:\/\/stilorganizat.com\/#\/schema\/person\/925650ea34ea4181154192c09316af88\",\"name\":\"Ela\",\"image\":{\"@type\":\"ImageObject\",\"@id\":\"https:\/\/stilorganizat.com\/#personlogo\",\"inLanguage\":\"en-US\",\"url\":\"https:\/\/secure.gravatar.com\/avatar\/8760904c7f0aa36ea71caf9864f47f82?s=96&d=identicon&r=g\",\"contentUrl\":\"https:\/\/secure.gravatar.com\/avatar\/8760904c7f0aa36ea71caf9864f47f82?s=96&d=identicon&r=g\",\"caption\":\"Ela\"},\"logo\":{\"@id\":\"https:\/\/stilorganizat.com\/#personlogo\"},\"sameAs\":[\"http:\/\/stilorganizat.ro\"]}]}<\/script>\n<!-- \/ Yoast SEO plugin. -->","yoast_head_json":{"title":"Casa de Cr\u0103ciun \u00een 2020 - Craciunul - StilOrganizat","description":"Cum am aranjat casa de Cr\u0103ciun \u00een 2020. At\u00e2t interiorul, c\u00e2t \u0219i exteriorul au primit decora\u021biuni naturale \u0219i multe lumini\u021be.","robots":{"index":"index","follow":"follow","max-snippet":"max-snippet:-1","max-image-preview":"max-image-preview:large","max-video-preview":"max-video-preview:-1"},"canonical":"https:\/\/stilorganizat.com\/?p=7542","og_locale":"en_US","og_type":"article","og_title":"Casa de Cr\u0103ciun \u00een 2020 - Craciunul - StilOrganizat","og_description":"Cum am aranjat casa de Cr\u0103ciun \u00een 2020. At\u00e2t interiorul, c\u00e2t \u0219i exteriorul au primit decora\u021biuni naturale \u0219i multe lumini\u021be.","og_url":"https:\/\/stilorganizat.com\/?p=7542","og_site_name":"StilOrganizat","article_published_time":"2020-12-22T19:40:28+00:00","article_modified_time":"2021-11-23T18:15:13+00:00","og_image":[{"width":1801,"height":1292,"url":"https:\/\/stilorganizat.com\/wp-content\/uploads\/2020\/12\/Craciun-2020-coronita.jpg","type":"image\/jpeg"}],"twitter_card":"summary_large_image","twitter_misc":{"Written by":"Ela","Est. reading time":"8 minutes"},"schema":{"@context":"https:\/\/schema.org","@graph":[{"@type":"WebSite","@id":"https:\/\/stilorganizat.com\/#website","url":"https:\/\/stilorganizat.com\/","name":"StilOrganizat","description":"","publisher":{"@id":"https:\/\/stilorganizat.com\/#\/schema\/person\/925650ea34ea4181154192c09316af88"},"potentialAction":[{"@type":"SearchAction","target":{"@type":"EntryPoint","urlTemplate":"https:\/\/stilorganizat.com\/?s={search_term_string}"},"query-input":"required name=search_term_string"}],"inLanguage":"en-US"},{"@type":"ImageObject","@id":"https:\/\/stilorganizat.com\/?p=7542#primaryimage","inLanguage":"en-US","url":"https:\/\/stilorganizat.com\/wp-content\/uploads\/2020\/12\/Craciun-2020-coronita.jpg","contentUrl":"https:\/\/stilorganizat.com\/wp-content\/uploads\/2020\/12\/Craciun-2020-coronita.jpg","width":1801,"height":1292,"caption":"Aranjament cu conuri"},{"@type":"WebPage","@id":"https:\/\/stilorganizat.com\/?p=7542#webpage","url":"https:\/\/stilorganizat.com\/?p=7542","name":"Casa de Cr\u0103ciun \u00een 2020 - Craciunul - StilOrganizat","isPartOf":{"@id":"https:\/\/stilorganizat.com\/#website"},"primaryImageOfPage":{"@id":"https:\/\/stilorganizat.com\/?p=7542#primaryimage"},"datePublished":"2020-12-22T19:40:28+00:00","dateModified":"2021-11-23T18:15:13+00:00","description":"Cum am aranjat casa de Cr\u0103ciun \u00een 2020. At\u00e2t interiorul, c\u00e2t \u0219i exteriorul au primit decora\u021biuni naturale \u0219i multe lumini\u021be.","breadcrumb":{"@id":"https:\/\/stilorganizat.com\/?p=7542#breadcrumb"},"inLanguage":"en-US","potentialAction":[{"@type":"ReadAction","target":["https:\/\/stilorganizat.com\/?p=7542"]}]},{"@type":"BreadcrumbList","@id":"https:\/\/stilorganizat.com\/?p=7542#breadcrumb","itemListElement":[{"@type":"ListItem","position":1,"name":"Home","item":"https:\/\/stilorganizat.com\/"},{"@type":"ListItem","position":2,"name":"Timp liber","item":"https:\/\/stilorganizat.com\/?cat=54"},{"@type":"ListItem","position":3,"name":"Craciunul","item":"https:\/\/stilorganizat.com\/?cat=57"},{"@type":"ListItem","position":4,"name":"Casa de Cr\u0103ciun \u00een 2020"}]},{"@type":"Article","@id":"https:\/\/stilorganizat.com\/?p=7542#article","isPartOf":{"@id":"https:\/\/stilorganizat.com\/?p=7542#webpage"},"author":{"@id":"https:\/\/stilorganizat.com\/#\/schema\/person\/925650ea34ea4181154192c09316af88"},"headline":"Casa de Cr\u0103ciun \u00een 2020","datePublished":"2020-12-22T19:40:28+00:00","dateModified":"2021-11-23T18:15:13+00:00","mainEntityOfPage":{"@id":"https:\/\/stilorganizat.com\/?p=7542#webpage"},"wordCount":683,"commentCount":6,"publisher":{"@id":"https:\/\/stilorganizat.com\/#\/schema\/person\/925650ea34ea4181154192c09316af88"},"image":{"@id":"https:\/\/stilorganizat.com\/?p=7542#primaryimage"},"thumbnailUrl":"https:\/\/stilorganizat.com\/wp-content\/uploads\/2020\/12\/Craciun-2020-coronita.jpg","keywords":["Craciunul","decor de Craciun","mese de Craciun","ornamente de Craciun","ornamente din hartie"],"articleSection":["Craciunul","Featured"],"inLanguage":"en-US","potentialAction":[{"@type":"CommentAction","name":"Comment","target":["https:\/\/stilorganizat.com\/?p=7542#respond"]}]},{"@type":["Person","Organization"],"@id":"https:\/\/stilorganizat.com\/#\/schema\/person\/925650ea34ea4181154192c09316af88","name":"Ela","image":{"@type":"ImageObject","@id":"https:\/\/stilorganizat.com\/#personlogo","inLanguage":"en-US","url":"https:\/\/secure.gravatar.com\/avatar\/8760904c7f0aa36ea71caf9864f47f82?s=96&d=identicon&r=g","contentUrl":"https:\/\/secure.gravatar.com\/avatar\/8760904c7f0aa36ea71caf9864f47f82?s=96&d=identicon&r=g","caption":"Ela"},"logo":{"@id":"https:\/\/stilorganizat.com\/#personlogo"},"sameAs":["http:\/\/stilorganizat.ro"]}]}},"_links":{"self":[{"href":"https:\/\/stilorganizat.com\/index.php?rest_route=\/wp\/v2\/posts\/7542"}],"collection":[{"href":"https:\/\/stilorganizat.com\/index.php?rest_route=\/wp\/v2\/posts"}],"about":[{"href":"https:\/\/stilorganizat.com\/index.php?rest_route=\/wp\/v2\/types\/post"}],"author":[{"embeddable":true,"href":"https:\/\/stilorganizat.com\/index.php?rest_route=\/wp\/v2\/users\/1"}],"replies":[{"embeddable":true,"href":"https:\/\/stilorganizat.com\/index.php?rest_route=%2Fwp%2Fv2%2Fcomments&post=7542"}],"version-history":[{"count":16,"href":"https:\/\/stilorganizat.com\/index.php?rest_route=\/wp\/v2\/posts\/7542\/revisions"}],"predecessor-version":[{"id":7928,"href":"https:\/\/stilorganizat.com\/index.php?rest_route=\/wp\/v2\/posts\/7542\/revisions\/7928"}],"wp:featuredmedia":[{"embeddable":true,"href":"https:\/\/stilorganizat.com\/index.php?rest_route=\/wp\/v2\/media\/7551"}],"wp:attachment":[{"href":"https:\/\/stilorganizat.com\/index.php?rest_route=%2Fwp%2Fv2%2Fmedia&parent=7542"}],"wp:term":[{"taxonomy":"category","embeddable":true,"href":"https:\/\/stilorganizat.com\/index.php?rest_route=%2Fwp%2Fv2%2Fcategories&post=7542"},{"taxonomy":"post_tag","embeddable":true,"href":"https:\/\/stilorganizat.com\/index.php?rest_route=%2Fwp%2Fv2%2Ftags&post=7542"}],"curies":[{"name":"wp","href":"https:\/\/api.w.org\/{rel}","templated":true}]}}