{"id":7527,"date":"2020-12-29T18:39:18","date_gmt":"2020-12-29T15:39:18","guid":{"rendered":"https:\/\/stilorganizat.com\/?p=7527"},"modified":"2020-12-29T18:39:20","modified_gmt":"2020-12-29T15:39:20","slug":"un-an-de-mese-frumoase","status":"publish","type":"post","link":"https:\/\/stilorganizat.com\/?p=7527","title":{"rendered":"Un an de mese frumoase"},"content":{"rendered":"\n<p>Nu \u0219tiu dac\u0103 am \u0219i scris pe undeva pe blog, dar sigur am g\u00e2ndit la \u00eenceputul acestui an s\u0103 aranjez mese frumoase lunar. De\u0219i p\u0103rea fezabil\u0103 ideea ini\u021bial, nu am dus-o la \u00eendeplinire. \u00cemi sur\u00e2de iar pentru anul viitor, dar cine \u0219tie ce ne mai aduce \u0219i acela?! <\/p>\n\n\n\n<p>Ast\u0103zi v\u0103 propun o retrospectiv\u0103 a meselor pe care am reu\u0219it s\u0103 le fac \u0219i s\u0103 le postez.<\/p>\n\n\n\n<h2 class=\"has-vivid-cyan-blue-color has-text-color\">Iarna 2020<\/h2>\n\n\n\n<p><a aria-label=\"undefined (opens in a new tab)\" href=\"https:\/\/stilorganizat.com\/?p=6624\" target=\"_blank\" rel=\"noreferrer noopener\">\u00cen ianuarie scriam, profetic, cum m\u0103 organizez pentru prevenirea r\u0103celilor.<\/a> Reguli pe care deja le foloseam m-au ajutat p\u00e2n\u0103 acum s\u0103 nu m\u0103 infectez cu Covid. <\/p>\n\n\n\n<figure class=\"wp-block-image size-large\"><img loading=\"lazy\" width=\"1024\" height=\"768\" src=\"https:\/\/stilorganizat.com\/wp-content\/uploads\/2019\/12\/prevenirea-racelilor-1024x768.jpg\" alt=\"ma organizez pentru prevenirea racelilor\" class=\"wp-image-6648\" srcset=\"https:\/\/stilorganizat.com\/wp-content\/uploads\/2019\/12\/prevenirea-racelilor-1024x768.jpg 1024w, https:\/\/stilorganizat.com\/wp-content\/uploads\/2019\/12\/prevenirea-racelilor-300x225.jpg 300w, https:\/\/stilorganizat.com\/wp-content\/uploads\/2019\/12\/prevenirea-racelilor-768x576.jpg 768w, https:\/\/stilorganizat.com\/wp-content\/uploads\/2019\/12\/prevenirea-racelilor-1536x1152.jpg 1536w, https:\/\/stilorganizat.com\/wp-content\/uploads\/2019\/12\/prevenirea-racelilor.jpg 1800w\" sizes=\"(max-width: 1024px) 100vw, 1024px\" \/><\/figure>\n\n\n\n<p><a aria-label=\"undefined (opens in a new tab)\" href=\"https:\/\/stilorganizat.com\/?p=6735\" target=\"_blank\" rel=\"noreferrer noopener\">Tot \u00een ianuarie am scris despre cum aranjez un platou de br\u00e2nzeturi.<\/a> \u00cemi plac foarte mult br\u00e2nzeturile \u0219i caut mereu modalit\u0103\u021bi interesante de prezentare a lor.<\/p>\n\n\n\n<figure class=\"wp-block-image size-large\"><img loading=\"lazy\" width=\"1024\" height=\"683\" src=\"https:\/\/stilorganizat.com\/wp-content\/uploads\/2020\/01\/platou-cu-branzeturi-3-1024x683.jpg\" alt=\"platou cu branzeturi\" class=\"wp-image-6741\" srcset=\"https:\/\/stilorganizat.com\/wp-content\/uploads\/2020\/01\/platou-cu-branzeturi-3-1024x683.jpg 1024w, https:\/\/stilorganizat.com\/wp-content\/uploads\/2020\/01\/platou-cu-branzeturi-3-300x200.jpg 300w, https:\/\/stilorganizat.com\/wp-content\/uploads\/2020\/01\/platou-cu-branzeturi-3-768x512.jpg 768w, https:\/\/stilorganizat.com\/wp-content\/uploads\/2020\/01\/platou-cu-branzeturi-3-1536x1024.jpg 1536w, https:\/\/stilorganizat.com\/wp-content\/uploads\/2020\/01\/platou-cu-branzeturi-3.jpg 1800w\" sizes=\"(max-width: 1024px) 100vw, 1024px\" \/><\/figure>\n\n\n\n<h2 class=\"has-vivid-cyan-blue-color has-text-color\">Prim\u0103vara 2020<\/h2>\n\n\n\n<p><a aria-label=\"undefined (opens in a new tab)\" href=\"https:\/\/stilorganizat.com\/?p=6789\" target=\"_blank\" rel=\"noreferrer noopener\">O mas\u0103 de prim\u0103var\u0103 timpurie aranjat\u0103 \u00een februarie, <\/a>\u00een culori vii \u0219i cu elemente naturale de decor. \u00cemi plac primulele \u0219i cump\u0103r \u00een fiecare prim\u0103var\u0103 c\u00e2teva ghivece, de\u0219i la mine \u00een gr\u0103din\u0103 nu rezist\u0103 p\u00e2n\u0103 anul urm\u0103tor.<\/p>\n\n\n\n<figure class=\"wp-block-image size-large\"><img loading=\"lazy\" width=\"1024\" height=\"683\" src=\"https:\/\/stilorganizat.com\/wp-content\/uploads\/2020\/02\/masa-de-primavara-cu-primule-1024x683.jpg\" alt=\"masa in verde\" class=\"wp-image-6793\" srcset=\"https:\/\/stilorganizat.com\/wp-content\/uploads\/2020\/02\/masa-de-primavara-cu-primule-1024x683.jpg 1024w, https:\/\/stilorganizat.com\/wp-content\/uploads\/2020\/02\/masa-de-primavara-cu-primule-300x200.jpg 300w, https:\/\/stilorganizat.com\/wp-content\/uploads\/2020\/02\/masa-de-primavara-cu-primule-768x512.jpg 768w, https:\/\/stilorganizat.com\/wp-content\/uploads\/2020\/02\/masa-de-primavara-cu-primule-1536x1024.jpg 1536w, https:\/\/stilorganizat.com\/wp-content\/uploads\/2020\/02\/masa-de-primavara-cu-primule.jpg 1800w\" sizes=\"(max-width: 1024px) 100vw, 1024px\" \/><\/figure>\n\n\n\n<p>A<a aria-label=\"undefined (opens in a new tab)\" href=\"https:\/\/stilorganizat.com\/?p=6836\" target=\"_blank\" rel=\"noreferrer noopener\">m vorbit apoi despre salate \u0219i cum m\u0103 organizez pentru a m\u00e2nca mai multe<\/a>, \u0219tiut fiind c\u0103 nu e chiar a\u0219a pl\u0103cut \u0219i la \u00eendem\u00e2n\u0103 s\u0103 m\u0103n\u00e2nci verde\u021buri aproape \u00een fiecare zi. <\/p>\n\n\n\n<figure class=\"wp-block-image size-large\"><img loading=\"lazy\" width=\"1024\" height=\"696\" src=\"https:\/\/stilorganizat.com\/wp-content\/uploads\/2020\/02\/salata-cu-vinegreta-1024x696.jpg\" alt=\"salata cu frittata\" class=\"wp-image-6846\" srcset=\"https:\/\/stilorganizat.com\/wp-content\/uploads\/2020\/02\/salata-cu-vinegreta-1024x696.jpg 1024w, https:\/\/stilorganizat.com\/wp-content\/uploads\/2020\/02\/salata-cu-vinegreta-300x204.jpg 300w, https:\/\/stilorganizat.com\/wp-content\/uploads\/2020\/02\/salata-cu-vinegreta-768x522.jpg 768w, https:\/\/stilorganizat.com\/wp-content\/uploads\/2020\/02\/salata-cu-vinegreta-1536x1044.jpg 1536w, https:\/\/stilorganizat.com\/wp-content\/uploads\/2020\/02\/salata-cu-vinegreta.jpg 1800w\" sizes=\"(max-width: 1024px) 100vw, 1024px\" \/><\/figure>\n\n\n\n<p><a aria-label=\"undefined (opens in a new tab)\" href=\"https:\/\/stilorganizat.com\/?p=6932\" target=\"_blank\" rel=\"noreferrer noopener\">\u00cen martie am aranjat o mas\u0103 de prim\u0103var\u0103 \u00een izolare.<\/a> Ve\u0219tile despre pandemie erau multe, confuze \u0219i c\u0103utam lucruri frumoase de care s\u0103 m\u0103 ag\u0103\u021b pentru a face fa\u021b\u0103 provoc\u0103rilor.<\/p>\n\n\n\n<figure class=\"wp-block-image size-large\"><img loading=\"lazy\" width=\"1024\" height=\"695\" src=\"https:\/\/stilorganizat.com\/wp-content\/uploads\/2020\/03\/masa-de-primavara-cu-flori-galbene-1024x695.jpg\" alt=\"masa de primavara cu flori galbene\" class=\"wp-image-6938\" srcset=\"https:\/\/stilorganizat.com\/wp-content\/uploads\/2020\/03\/masa-de-primavara-cu-flori-galbene-1024x695.jpg 1024w, https:\/\/stilorganizat.com\/wp-content\/uploads\/2020\/03\/masa-de-primavara-cu-flori-galbene-300x204.jpg 300w, https:\/\/stilorganizat.com\/wp-content\/uploads\/2020\/03\/masa-de-primavara-cu-flori-galbene-768x521.jpg 768w, https:\/\/stilorganizat.com\/wp-content\/uploads\/2020\/03\/masa-de-primavara-cu-flori-galbene-1536x1043.jpg 1536w, https:\/\/stilorganizat.com\/wp-content\/uploads\/2020\/03\/masa-de-primavara-cu-flori-galbene.jpg 1800w\" sizes=\"(max-width: 1024px) 100vw, 1024px\" \/><\/figure>\n\n\n\n<p><a aria-label=\"undefined (opens in a new tab)\" href=\"https:\/\/stilorganizat.com\/?p=6994\" target=\"_blank\" rel=\"noreferrer noopener\">Aprilie a venit cu o minunat\u0103 mas\u0103 aranjat\u0103 pentru Pa\u0219te. <\/a>Am uitat de greut\u0103\u021bi aranj\u00e2nd-o. Lalelele culese din gr\u0103din\u0103 s-au asortat perfect. Gr\u0103din\u0103ritul din acest an m-a ajutat enorm s\u0103 stau la aer \u0219i s\u0103 m\u0103 simt bine.<\/p>\n\n\n\n<figure class=\"wp-block-image size-large\"><img loading=\"lazy\" width=\"1024\" height=\"726\" src=\"https:\/\/stilorganizat.com\/wp-content\/uploads\/2020\/04\/masa-de-primavara-cu-lalele-mov-1024x726.jpg\" alt=\"masa cu lalele\" class=\"wp-image-7001\" srcset=\"https:\/\/stilorganizat.com\/wp-content\/uploads\/2020\/04\/masa-de-primavara-cu-lalele-mov-1024x726.jpg 1024w, https:\/\/stilorganizat.com\/wp-content\/uploads\/2020\/04\/masa-de-primavara-cu-lalele-mov-300x213.jpg 300w, https:\/\/stilorganizat.com\/wp-content\/uploads\/2020\/04\/masa-de-primavara-cu-lalele-mov-768x545.jpg 768w, https:\/\/stilorganizat.com\/wp-content\/uploads\/2020\/04\/masa-de-primavara-cu-lalele-mov-1536x1090.jpg 1536w, https:\/\/stilorganizat.com\/wp-content\/uploads\/2020\/04\/masa-de-primavara-cu-lalele-mov.jpg 1800w\" sizes=\"(max-width: 1024px) 100vw, 1024px\" \/><\/figure>\n\n\n\n<h2 class=\"has-vivid-cyan-blue-color has-text-color\">Vara 2020<\/h2>\n\n\n\n<p><a aria-label=\"undefined (opens in a new tab)\" href=\"https:\/\/stilorganizat.com\/?p=968\" target=\"_blank\" rel=\"noreferrer noopener\">Am scris \u00een iunie despre lavand\u0103 \u0219i cum i-ar sta \u00een farfurie, arom\u00e2nd diferite feluri de m\u00e2ncare.<\/a> O ciocolat\u0103 cald\u0103 sau o cr\u00e8me brul\u00e9e, ca aici, \u00een fotografie.<\/p>\n\n\n\n<figure class=\"wp-block-image size-large\"><img loading=\"lazy\" width=\"1024\" height=\"691\" src=\"https:\/\/stilorganizat.com\/wp-content\/uploads\/2020\/06\/creme-brulee-cu-lavanda-1024x691.jpg\" alt=\"creme brulee\" class=\"wp-image-7192\" srcset=\"https:\/\/stilorganizat.com\/wp-content\/uploads\/2020\/06\/creme-brulee-cu-lavanda-1024x691.jpg 1024w, https:\/\/stilorganizat.com\/wp-content\/uploads\/2020\/06\/creme-brulee-cu-lavanda-300x203.jpg 300w, https:\/\/stilorganizat.com\/wp-content\/uploads\/2020\/06\/creme-brulee-cu-lavanda-768x518.jpg 768w, https:\/\/stilorganizat.com\/wp-content\/uploads\/2020\/06\/creme-brulee-cu-lavanda-1536x1037.jpg 1536w, https:\/\/stilorganizat.com\/wp-content\/uploads\/2020\/06\/creme-brulee-cu-lavanda.jpg 1800w\" sizes=\"(max-width: 1024px) 100vw, 1024px\" \/><\/figure>\n\n\n\n<p><a href=\"https:\/\/stilorganizat.com\/?p=7243\" target=\"_blank\" aria-label=\"undefined (opens in a new tab)\" rel=\"noreferrer noopener\">\u00cen timpul verii am scris despre mirodeniile \u00eenghe\u021bate \u00een ulei. <\/a>Surplusul din produc\u021bia de busuioc \u0219i cimbru a ajuns la congelator.<\/p>\n\n\n\n<figure class=\"wp-block-image size-large\"><img loading=\"lazy\" width=\"1024\" height=\"647\" src=\"https:\/\/stilorganizat.com\/wp-content\/uploads\/2020\/07\/cimbru-conservat-1024x647.jpg\" alt=\"cimbru conservat\" class=\"wp-image-7247\" srcset=\"https:\/\/stilorganizat.com\/wp-content\/uploads\/2020\/07\/cimbru-conservat-1024x647.jpg 1024w, https:\/\/stilorganizat.com\/wp-content\/uploads\/2020\/07\/cimbru-conservat-300x190.jpg 300w, https:\/\/stilorganizat.com\/wp-content\/uploads\/2020\/07\/cimbru-conservat-768x486.jpg 768w, https:\/\/stilorganizat.com\/wp-content\/uploads\/2020\/07\/cimbru-conservat-1536x971.jpg 1536w, https:\/\/stilorganizat.com\/wp-content\/uploads\/2020\/07\/cimbru-conservat.jpg 1800w\" sizes=\"(max-width: 1024px) 100vw, 1024px\" \/><\/figure>\n\n\n\n<p>Chiar c\u00e2nd nu am aranjat mese, am c\u0103utat s\u0103 a\u0219ez feluri de m\u00e2ncare c\u00e2t mai gra\u021bios \u00een farfurii, ca aici, pentru prezentarea icrelor de somon.<\/p>\n\n\n\n<figure class=\"wp-block-image size-large\"><img loading=\"lazy\" width=\"1024\" height=\"768\" src=\"https:\/\/stilorganizat.com\/wp-content\/uploads\/2016\/07\/prezentare-icre-de-somon-1024x768.jpg\" alt=\"prezentare icre de somon\" class=\"wp-image-7259\" srcset=\"https:\/\/stilorganizat.com\/wp-content\/uploads\/2016\/07\/prezentare-icre-de-somon-1024x768.jpg 1024w, https:\/\/stilorganizat.com\/wp-content\/uploads\/2016\/07\/prezentare-icre-de-somon-300x225.jpg 300w, https:\/\/stilorganizat.com\/wp-content\/uploads\/2016\/07\/prezentare-icre-de-somon-768x576.jpg 768w, https:\/\/stilorganizat.com\/wp-content\/uploads\/2016\/07\/prezentare-icre-de-somon-1536x1152.jpg 1536w, https:\/\/stilorganizat.com\/wp-content\/uploads\/2016\/07\/prezentare-icre-de-somon.jpg 1800w\" sizes=\"(max-width: 1024px) 100vw, 1024px\" \/><\/figure>\n\n\n\n<p>Tot ca mod de prezentare a pr\u0103jiturilor, de data aceasta, \u00een aer liber: un platou acoperit pe balconul care mi-a salvat multe zile \u00een acest an.<\/p>\n\n\n\n<figure class=\"wp-block-image size-large\"><img loading=\"lazy\" width=\"1024\" height=\"768\" src=\"https:\/\/stilorganizat.com\/wp-content\/uploads\/2019\/08\/Mancam-in-gradina-1024x768.jpg\" alt=\"Mancam in gradina!\" class=\"wp-image-7297\" srcset=\"https:\/\/stilorganizat.com\/wp-content\/uploads\/2019\/08\/Mancam-in-gradina-1024x768.jpg 1024w, https:\/\/stilorganizat.com\/wp-content\/uploads\/2019\/08\/Mancam-in-gradina-300x225.jpg 300w, https:\/\/stilorganizat.com\/wp-content\/uploads\/2019\/08\/Mancam-in-gradina-768x576.jpg 768w, https:\/\/stilorganizat.com\/wp-content\/uploads\/2019\/08\/Mancam-in-gradina-1536x1152.jpg 1536w, https:\/\/stilorganizat.com\/wp-content\/uploads\/2019\/08\/Mancam-in-gradina.jpg 1800w\" sizes=\"(max-width: 1024px) 100vw, 1024px\" \/><\/figure>\n\n\n\n<p><a aria-label=\"undefined (opens in a new tab)\" href=\"https:\/\/stilorganizat.com\/?p=4766\" target=\"_blank\" rel=\"noreferrer noopener\">Masa verii este cea cu tem\u0103 marin\u0103.<\/a> <\/p>\n\n\n\n<div class=\"wp-block-image\"><figure class=\"aligncenter size-large\"><img loading=\"lazy\" width=\"620\" height=\"465\" src=\"https:\/\/stilorganizat.com\/wp-content\/uploads\/2016\/07\/vis-marin-a8.jpg\" alt=\"masa cu tema marina\" class=\"wp-image-4809\" srcset=\"https:\/\/stilorganizat.com\/wp-content\/uploads\/2016\/07\/vis-marin-a8.jpg 620w, https:\/\/stilorganizat.com\/wp-content\/uploads\/2016\/07\/vis-marin-a8-300x225.jpg 300w\" sizes=\"(max-width: 620px) 100vw, 620px\" \/><\/figure><\/div>\n\n\n\n<p>\u00cen toamn\u0103 am fost cople\u0219it\u0103 de munc\u0103 \u0219i de multe lucruri ce s-au \u00eent\u00e2mplat \u0219i am pierdut, pur \u0219i simplu, dorin\u021ba de a aranja mese frumoase. Cu siguran\u021b\u0103 aveam ce ar\u0103ta. Multe farfurii nu au ap\u0103rut deloc \u00een post\u0103rile din acest an. Puteam face combina\u021bii noi de vesel\u0103 \u0219i obiecte decorative.<\/p>\n\n\n\n<p>Sper ca \u00een anul ce vine s\u0103 invit toamna pe c\u00e2teva mese frumoase.<\/p>\n\n\n\n<h2 class=\"has-vivid-cyan-blue-color has-text-color\">Iarna 2020<\/h2>\n\n\n\n<p><a aria-label=\"undefined (opens in a new tab)\" href=\"https:\/\/stilorganizat.com\/?p=7529\" target=\"_blank\" rel=\"noreferrer noopener\">Dar de Cr\u0103ciun am vrut s\u0103 aduc ceva nou meselor din aceast\u0103 perioad\u0103.<\/a> Astfel s-a n\u0103scut aceast\u0103 mas\u0103 simpl\u0103 \u0219i elegant\u0103.<\/p>\n\n\n\n<p><\/p>\n\n\n\n<p>\u00cen perioada s\u0103rb\u0103torilor de iarn\u0103 am avut musafiri \u0219i am montat mai multe mese, folosind \u0219i culori vesele, ce amintesc de cele din anii trecu\u021bi.<\/p>\n\n\n\n<figure class=\"wp-block-image size-large\"><img loading=\"lazy\" width=\"1024\" height=\"683\" src=\"https:\/\/stilorganizat.com\/wp-content\/uploads\/2020\/12\/Masa-alba-de-Craciun-4-1024x683.jpg\" alt=\"Masa alba de Craciun\" class=\"wp-image-7535\" srcset=\"https:\/\/stilorganizat.com\/wp-content\/uploads\/2020\/12\/Masa-alba-de-Craciun-4-1024x683.jpg 1024w, https:\/\/stilorganizat.com\/wp-content\/uploads\/2020\/12\/Masa-alba-de-Craciun-4-300x200.jpg 300w, https:\/\/stilorganizat.com\/wp-content\/uploads\/2020\/12\/Masa-alba-de-Craciun-4-768x512.jpg 768w, https:\/\/stilorganizat.com\/wp-content\/uploads\/2020\/12\/Masa-alba-de-Craciun-4-1536x1024.jpg 1536w, https:\/\/stilorganizat.com\/wp-content\/uploads\/2020\/12\/Masa-alba-de-Craciun-4.jpg 1800w\" sizes=\"(max-width: 1024px) 100vw, 1024px\" \/><\/figure>\n\n\n\n<p><a href=\"https:\/\/stilorganizat.com\/?p=7517\" target=\"_blank\" aria-label=\"undefined (opens in a new tab)\" rel=\"noreferrer noopener\">Iar aranjamentul cu conuri \u0219i citrice ar fi putut tot at\u00e2t de bine s\u0103 stea ca centru de mas\u0103.<\/a><\/p>\n\n\n\n<figure class=\"wp-block-image size-large\"><img loading=\"lazy\" width=\"1024\" height=\"683\" src=\"https:\/\/stilorganizat.com\/wp-content\/uploads\/2020\/12\/decor-natural-2-1024x683.jpg\" alt=\"Decor natural de Craciun\" class=\"wp-image-7519\" srcset=\"https:\/\/stilorganizat.com\/wp-content\/uploads\/2020\/12\/decor-natural-2-1024x683.jpg 1024w, https:\/\/stilorganizat.com\/wp-content\/uploads\/2020\/12\/decor-natural-2-300x200.jpg 300w, https:\/\/stilorganizat.com\/wp-content\/uploads\/2020\/12\/decor-natural-2-768x512.jpg 768w, https:\/\/stilorganizat.com\/wp-content\/uploads\/2020\/12\/decor-natural-2-1536x1024.jpg 1536w, https:\/\/stilorganizat.com\/wp-content\/uploads\/2020\/12\/decor-natural-2.jpg 1800w\" sizes=\"(max-width: 1024px) 100vw, 1024px\" \/><\/figure>\n\n\n\n<p>\u00cemi propun ca anul viitor chiar s\u0103 reu\u0219esc s\u0103 aranjez m\u0103car o mas\u0103 pe lun\u0103. S\u0103 aduc astfel frumuse\u021be \u0219i s\u0103 transform de fiecare dat\u0103 ordinarul care este masa zilnic\u0103 \u00een ceva extraordinar.<\/p>\n","protected":false},"excerpt":{"rendered":"<p>Nu \u0219tiu dac\u0103 am \u0219i scris pe undeva pe blog, dar sigur am g\u00e2ndit la \u00eenceputul acestui an s\u0103 aranjez mese frumoase lunar. De\u0219i p\u0103rea fezabil\u0103 ideea ini\u021bial, nu am dus-o la \u00eendeplinire. \u00cemi sur\u00e2de iar pentru anul viitor, dar cine \u0219tie ce ne mai aduce \u0219i acela?! Ast\u0103zi v\u0103 propun o retrospectiv\u0103 a meselor pe care am reu\u0219it s\u0103 le fac \u0219i s\u0103 le postez. Iarna 2020 \u00cen ianuarie scriam, profetic, cum m\u0103 organizez pentru prevenirea r\u0103celilor. Reguli pe<\/p>\n","protected":false},"author":1,"featured_media":7001,"comment_status":"open","ping_status":"open","sticky":false,"template":"","format":"standard","meta":[],"categories":[38,37,5],"tags":[32,335,212,164,297,129,323,311],"yoast_head":"<!-- This site is optimized with the Yoast SEO plugin v17.7.1 - https:\/\/yoast.com\/wordpress\/plugins\/seo\/ -->\n<title>Un an de mese frumoase - Organizarea mesei - StilOrganizat<\/title>\n<meta name=\"description\" content=\"Ast\u0103zi v\u0103 propun o galerie de mese frumoase pe care am reu\u0219it s\u0103 le aranjez \u00een acest an. Uneori doar un platou aranjat cu grij\u0103 transform\u0103 rutina zilnic\u0103.\" \/>\n<meta name=\"robots\" content=\"index, follow, max-snippet:-1, max-image-preview:large, max-video-preview:-1\" \/>\n<link rel=\"canonical\" href=\"https:\/\/stilorganizat.com\/?p=7527\" \/>\n<meta property=\"og:locale\" content=\"en_US\" \/>\n<meta property=\"og:type\" content=\"article\" \/>\n<meta property=\"og:title\" content=\"Un an de mese frumoase - Organizarea mesei - StilOrganizat\" \/>\n<meta property=\"og:description\" content=\"Ast\u0103zi v\u0103 propun o galerie de mese frumoase pe care am reu\u0219it s\u0103 le aranjez \u00een acest an. Uneori doar un platou aranjat cu grij\u0103 transform\u0103 rutina zilnic\u0103.\" \/>\n<meta property=\"og:url\" content=\"https:\/\/stilorganizat.com\/?p=7527\" \/>\n<meta property=\"og:site_name\" content=\"StilOrganizat\" \/>\n<meta property=\"article:published_time\" content=\"2020-12-29T15:39:18+00:00\" \/>\n<meta property=\"article:modified_time\" content=\"2020-12-29T15:39:20+00:00\" \/>\n<meta property=\"og:image\" content=\"https:\/\/stilorganizat.com\/wp-content\/uploads\/2020\/04\/masa-de-primavara-cu-lalele-mov.jpg\" \/>\n\t<meta property=\"og:image:width\" content=\"1800\" \/>\n\t<meta property=\"og:image:height\" content=\"1277\" \/>\n<meta name=\"twitter:card\" content=\"summary_large_image\" \/>\n<meta name=\"twitter:label1\" content=\"Written by\" \/>\n\t<meta name=\"twitter:data1\" content=\"Ela\" \/>\n\t<meta name=\"twitter:label2\" content=\"Est. reading time\" \/>\n\t<meta name=\"twitter:data2\" content=\"3 minutes\" \/>\n<script type=\"application\/ld+json\" class=\"yoast-schema-graph\">{\"@context\":\"https:\/\/schema.org\",\"@graph\":[{\"@type\":\"WebSite\",\"@id\":\"https:\/\/stilorganizat.com\/#website\",\"url\":\"https:\/\/stilorganizat.com\/\",\"name\":\"StilOrganizat\",\"description\":\"\",\"publisher\":{\"@id\":\"https:\/\/stilorganizat.com\/#\/schema\/person\/925650ea34ea4181154192c09316af88\"},\"potentialAction\":[{\"@type\":\"SearchAction\",\"target\":{\"@type\":\"EntryPoint\",\"urlTemplate\":\"https:\/\/stilorganizat.com\/?s={search_term_string}\"},\"query-input\":\"required name=search_term_string\"}],\"inLanguage\":\"en-US\"},{\"@type\":\"ImageObject\",\"@id\":\"https:\/\/stilorganizat.com\/?p=7527#primaryimage\",\"inLanguage\":\"en-US\",\"url\":\"https:\/\/stilorganizat.com\/wp-content\/uploads\/2020\/04\/masa-de-primavara-cu-lalele-mov.jpg\",\"contentUrl\":\"https:\/\/stilorganizat.com\/wp-content\/uploads\/2020\/04\/masa-de-primavara-cu-lalele-mov.jpg\",\"width\":1800,\"height\":1277,\"caption\":\"masa cu lalele\"},{\"@type\":\"WebPage\",\"@id\":\"https:\/\/stilorganizat.com\/?p=7527#webpage\",\"url\":\"https:\/\/stilorganizat.com\/?p=7527\",\"name\":\"Un an de mese frumoase - Organizarea mesei - StilOrganizat\",\"isPartOf\":{\"@id\":\"https:\/\/stilorganizat.com\/#website\"},\"primaryImageOfPage\":{\"@id\":\"https:\/\/stilorganizat.com\/?p=7527#primaryimage\"},\"datePublished\":\"2020-12-29T15:39:18+00:00\",\"dateModified\":\"2020-12-29T15:39:20+00:00\",\"description\":\"Ast\\u0103zi v\\u0103 propun o galerie de mese frumoase pe care am reu\\u0219it s\\u0103 le aranjez \\u00een acest an. Uneori doar un platou aranjat cu grij\\u0103 transform\\u0103 rutina zilnic\\u0103.\",\"breadcrumb\":{\"@id\":\"https:\/\/stilorganizat.com\/?p=7527#breadcrumb\"},\"inLanguage\":\"en-US\",\"potentialAction\":[{\"@type\":\"ReadAction\",\"target\":[\"https:\/\/stilorganizat.com\/?p=7527\"]}]},{\"@type\":\"BreadcrumbList\",\"@id\":\"https:\/\/stilorganizat.com\/?p=7527#breadcrumb\",\"itemListElement\":[{\"@type\":\"ListItem\",\"position\":1,\"name\":\"Home\",\"item\":\"https:\/\/stilorganizat.com\/\"},{\"@type\":\"ListItem\",\"position\":2,\"name\":\"Organizarea mesei\",\"item\":\"https:\/\/stilorganizat.com\/?cat=5\"},{\"@type\":\"ListItem\",\"position\":3,\"name\":\"Un an de mese frumoase\"}]},{\"@type\":\"Article\",\"@id\":\"https:\/\/stilorganizat.com\/?p=7527#article\",\"isPartOf\":{\"@id\":\"https:\/\/stilorganizat.com\/?p=7527#webpage\"},\"author\":{\"@id\":\"https:\/\/stilorganizat.com\/#\/schema\/person\/925650ea34ea4181154192c09316af88\"},\"headline\":\"Un an de mese frumoase\",\"datePublished\":\"2020-12-29T15:39:18+00:00\",\"dateModified\":\"2020-12-29T15:39:20+00:00\",\"mainEntityOfPage\":{\"@id\":\"https:\/\/stilorganizat.com\/?p=7527#webpage\"},\"wordCount\":601,\"commentCount\":2,\"publisher\":{\"@id\":\"https:\/\/stilorganizat.com\/#\/schema\/person\/925650ea34ea4181154192c09316af88\"},\"image\":{\"@id\":\"https:\/\/stilorganizat.com\/?p=7527#primaryimage\"},\"thumbnailUrl\":\"https:\/\/stilorganizat.com\/wp-content\/uploads\/2020\/04\/masa-de-primavara-cu-lalele-mov.jpg\",\"keywords\":[\"aranjarea mesei\",\"aranjarea meselor\",\"masa de Craciun\",\"masa de primavara\",\"masa de sarbatori\",\"masa festiva\",\"mese sanatoase\",\"organizarea mesei\"],\"articleSection\":[\"Aranjarea meselor\",\"Featured\",\"Organizarea mesei\"],\"inLanguage\":\"en-US\",\"potentialAction\":[{\"@type\":\"CommentAction\",\"name\":\"Comment\",\"target\":[\"https:\/\/stilorganizat.com\/?p=7527#respond\"]}]},{\"@type\":[\"Person\",\"Organization\"],\"@id\":\"https:\/\/stilorganizat.com\/#\/schema\/person\/925650ea34ea4181154192c09316af88\",\"name\":\"Ela\",\"image\":{\"@type\":\"ImageObject\",\"@id\":\"https:\/\/stilorganizat.com\/#personlogo\",\"inLanguage\":\"en-US\",\"url\":\"https:\/\/secure.gravatar.com\/avatar\/8760904c7f0aa36ea71caf9864f47f82?s=96&d=identicon&r=g\",\"contentUrl\":\"https:\/\/secure.gravatar.com\/avatar\/8760904c7f0aa36ea71caf9864f47f82?s=96&d=identicon&r=g\",\"caption\":\"Ela\"},\"logo\":{\"@id\":\"https:\/\/stilorganizat.com\/#personlogo\"},\"sameAs\":[\"http:\/\/stilorganizat.ro\"]}]}<\/script>\n<!-- \/ Yoast SEO plugin. -->","yoast_head_json":{"title":"Un an de mese frumoase - Organizarea mesei - StilOrganizat","description":"Ast\u0103zi v\u0103 propun o galerie de mese frumoase pe care am reu\u0219it s\u0103 le aranjez \u00een acest an. Uneori doar un platou aranjat cu grij\u0103 transform\u0103 rutina zilnic\u0103.","robots":{"index":"index","follow":"follow","max-snippet":"max-snippet:-1","max-image-preview":"max-image-preview:large","max-video-preview":"max-video-preview:-1"},"canonical":"https:\/\/stilorganizat.com\/?p=7527","og_locale":"en_US","og_type":"article","og_title":"Un an de mese frumoase - Organizarea mesei - StilOrganizat","og_description":"Ast\u0103zi v\u0103 propun o galerie de mese frumoase pe care am reu\u0219it s\u0103 le aranjez \u00een acest an. Uneori doar un platou aranjat cu grij\u0103 transform\u0103 rutina zilnic\u0103.","og_url":"https:\/\/stilorganizat.com\/?p=7527","og_site_name":"StilOrganizat","article_published_time":"2020-12-29T15:39:18+00:00","article_modified_time":"2020-12-29T15:39:20+00:00","og_image":[{"width":1800,"height":1277,"url":"https:\/\/stilorganizat.com\/wp-content\/uploads\/2020\/04\/masa-de-primavara-cu-lalele-mov.jpg","type":"image\/jpeg"}],"twitter_card":"summary_large_image","twitter_misc":{"Written by":"Ela","Est. reading time":"3 minutes"},"schema":{"@context":"https:\/\/schema.org","@graph":[{"@type":"WebSite","@id":"https:\/\/stilorganizat.com\/#website","url":"https:\/\/stilorganizat.com\/","name":"StilOrganizat","description":"","publisher":{"@id":"https:\/\/stilorganizat.com\/#\/schema\/person\/925650ea34ea4181154192c09316af88"},"potentialAction":[{"@type":"SearchAction","target":{"@type":"EntryPoint","urlTemplate":"https:\/\/stilorganizat.com\/?s={search_term_string}"},"query-input":"required name=search_term_string"}],"inLanguage":"en-US"},{"@type":"ImageObject","@id":"https:\/\/stilorganizat.com\/?p=7527#primaryimage","inLanguage":"en-US","url":"https:\/\/stilorganizat.com\/wp-content\/uploads\/2020\/04\/masa-de-primavara-cu-lalele-mov.jpg","contentUrl":"https:\/\/stilorganizat.com\/wp-content\/uploads\/2020\/04\/masa-de-primavara-cu-lalele-mov.jpg","width":1800,"height":1277,"caption":"masa cu lalele"},{"@type":"WebPage","@id":"https:\/\/stilorganizat.com\/?p=7527#webpage","url":"https:\/\/stilorganizat.com\/?p=7527","name":"Un an de mese frumoase - Organizarea mesei - StilOrganizat","isPartOf":{"@id":"https:\/\/stilorganizat.com\/#website"},"primaryImageOfPage":{"@id":"https:\/\/stilorganizat.com\/?p=7527#primaryimage"},"datePublished":"2020-12-29T15:39:18+00:00","dateModified":"2020-12-29T15:39:20+00:00","description":"Ast\u0103zi v\u0103 propun o galerie de mese frumoase pe care am reu\u0219it s\u0103 le aranjez \u00een acest an. Uneori doar un platou aranjat cu grij\u0103 transform\u0103 rutina zilnic\u0103.","breadcrumb":{"@id":"https:\/\/stilorganizat.com\/?p=7527#breadcrumb"},"inLanguage":"en-US","potentialAction":[{"@type":"ReadAction","target":["https:\/\/stilorganizat.com\/?p=7527"]}]},{"@type":"BreadcrumbList","@id":"https:\/\/stilorganizat.com\/?p=7527#breadcrumb","itemListElement":[{"@type":"ListItem","position":1,"name":"Home","item":"https:\/\/stilorganizat.com\/"},{"@type":"ListItem","position":2,"name":"Organizarea mesei","item":"https:\/\/stilorganizat.com\/?cat=5"},{"@type":"ListItem","position":3,"name":"Un an de mese frumoase"}]},{"@type":"Article","@id":"https:\/\/stilorganizat.com\/?p=7527#article","isPartOf":{"@id":"https:\/\/stilorganizat.com\/?p=7527#webpage"},"author":{"@id":"https:\/\/stilorganizat.com\/#\/schema\/person\/925650ea34ea4181154192c09316af88"},"headline":"Un an de mese frumoase","datePublished":"2020-12-29T15:39:18+00:00","dateModified":"2020-12-29T15:39:20+00:00","mainEntityOfPage":{"@id":"https:\/\/stilorganizat.com\/?p=7527#webpage"},"wordCount":601,"commentCount":2,"publisher":{"@id":"https:\/\/stilorganizat.com\/#\/schema\/person\/925650ea34ea4181154192c09316af88"},"image":{"@id":"https:\/\/stilorganizat.com\/?p=7527#primaryimage"},"thumbnailUrl":"https:\/\/stilorganizat.com\/wp-content\/uploads\/2020\/04\/masa-de-primavara-cu-lalele-mov.jpg","keywords":["aranjarea mesei","aranjarea meselor","masa de Craciun","masa de primavara","masa de sarbatori","masa festiva","mese sanatoase","organizarea mesei"],"articleSection":["Aranjarea meselor","Featured","Organizarea mesei"],"inLanguage":"en-US","potentialAction":[{"@type":"CommentAction","name":"Comment","target":["https:\/\/stilorganizat.com\/?p=7527#respond"]}]},{"@type":["Person","Organization"],"@id":"https:\/\/stilorganizat.com\/#\/schema\/person\/925650ea34ea4181154192c09316af88","name":"Ela","image":{"@type":"ImageObject","@id":"https:\/\/stilorganizat.com\/#personlogo","inLanguage":"en-US","url":"https:\/\/secure.gravatar.com\/avatar\/8760904c7f0aa36ea71caf9864f47f82?s=96&d=identicon&r=g","contentUrl":"https:\/\/secure.gravatar.com\/avatar\/8760904c7f0aa36ea71caf9864f47f82?s=96&d=identicon&r=g","caption":"Ela"},"logo":{"@id":"https:\/\/stilorganizat.com\/#personlogo"},"sameAs":["http:\/\/stilorganizat.ro"]}]}},"_links":{"self":[{"href":"https:\/\/stilorganizat.com\/index.php?rest_route=\/wp\/v2\/posts\/7527"}],"collection":[{"href":"https:\/\/stilorganizat.com\/index.php?rest_route=\/wp\/v2\/posts"}],"about":[{"href":"https:\/\/stilorganizat.com\/index.php?rest_route=\/wp\/v2\/types\/post"}],"author":[{"embeddable":true,"href":"https:\/\/stilorganizat.com\/index.php?rest_route=\/wp\/v2\/users\/1"}],"replies":[{"embeddable":true,"href":"https:\/\/stilorganizat.com\/index.php?rest_route=%2Fwp%2Fv2%2Fcomments&post=7527"}],"version-history":[{"count":9,"href":"https:\/\/stilorganizat.com\/index.php?rest_route=\/wp\/v2\/posts\/7527\/revisions"}],"predecessor-version":[{"id":7584,"href":"https:\/\/stilorganizat.com\/index.php?rest_route=\/wp\/v2\/posts\/7527\/revisions\/7584"}],"wp:featuredmedia":[{"embeddable":true,"href":"https:\/\/stilorganizat.com\/index.php?rest_route=\/wp\/v2\/media\/7001"}],"wp:attachment":[{"href":"https:\/\/stilorganizat.com\/index.php?rest_route=%2Fwp%2Fv2%2Fmedia&parent=7527"}],"wp:term":[{"taxonomy":"category","embeddable":true,"href":"https:\/\/stilorganizat.com\/index.php?rest_route=%2Fwp%2Fv2%2Fcategories&post=7527"},{"taxonomy":"post_tag","embeddable":true,"href":"https:\/\/stilorganizat.com\/index.php?rest_route=%2Fwp%2Fv2%2Ftags&post=7527"}],"curies":[{"name":"wp","href":"https:\/\/api.w.org\/{rel}","templated":true}]}}