{"id":7014,"date":"2020-04-25T20:22:41","date_gmt":"2020-04-25T17:22:41","guid":{"rendered":"https:\/\/stilorganizat.com\/?p=7014"},"modified":"2020-04-26T09:55:12","modified_gmt":"2020-04-26T06:55:12","slug":"cum-se-vor-modifica-locuintele-dupa-coronavirus","status":"publish","type":"post","link":"https:\/\/stilorganizat.com\/?p=7014","title":{"rendered":"Cum se vor modifica locuin\u021bele dup\u0103 Coronavirus"},"content":{"rendered":"\n<p>C\u0103utam un apartament obi\u0219nuit pentru fata mea, \u00een Bucure\u0219ti. Ea nu are timp. Nu mi-a sugerat dec\u00e2t zona, \u00een rest trebuia s\u0103 m\u0103 descurc cu criteriile. Dintr-odat\u0103, de c\u00e2nd cu criza Covid, am realizat c\u0103 detaliile c\u0103utate trebuie modificate. Primul g\u00e2nd a fost spre o teras\u0103 \u00eenc\u0103p\u0103toare, care devine \u00een noul context esen\u021bial\u0103. Am constatat apoi, citind articole, c\u0103 se prefigureaz\u0103 o astfel de mi\u0219care \u00een toat\u0103 regula pe mapamond. Oare se va schimba modul \u00een care vom locui de acum \u00eencolo? Se vor modifica locuin\u021bele dup\u0103 Coronavirus?<\/p>\n\n\n\n<p>A fost nevoie de aceast\u0103 pandemie pentru ca oamenii s\u0103 realizeze c\u0103 locuin\u021ba lor trebuie s\u0103 fie altceva. Nu cutia minuscul\u0103 din care evadeaz\u0103 plec\u00e2nd la serviciu, cafenea, magazine, restaurant sau spectacole. Ci locul \u00een care muncim, \u00een care \u00eenva\u021b\u0103 copiii, unde m\u00e2nc\u0103m mai mereu, \u00een care facem pu\u021bin sport \u0219i ne des\u0103v\u00e2r\u0219im hobby-urile.<\/p>\n\n\n\n<p>Va trebui s\u0103 o facem primitoare, degajat\u0103 \u0219i confortabil\u0103, \u00eenc\u00e2t s\u0103 ne sim\u021bim bine \u00een ea oric\u00e2t timp e nevoie.<\/p>\n\n\n\n<p>Cum scriam mai sus, au fost lucruri la care m-am g\u00e2ndit de la bun \u00eenceput. Despre altele m-am luminat citind despre ele.<\/p>\n\n\n\n<p>Am f\u0103cut o list\u0103 cu cele mai importante schimb\u0103ri care vor surveni, probabil,  \u00een alegerea sau construirea  locuin\u021belor dup\u0103 Coronavirus.<\/p>\n\n\n\n<p>\u00cencep cu cel mai important element:<\/p>\n\n\n\n<h2>Teras\u0103 \u00eenc\u0103p\u0103toare sau un petic de gr\u0103din\u0103<\/h2>\n\n\n\n<p>Am fost privilegiat\u0103 \u00een aceast\u0103 perioad\u0103 pentru c\u0103 am o gr\u0103din\u0103 mare \u00een care m\u0103 mi\u0219c \u00een voie, m\u0103 bucur de flori \u0219i de via\u021ba care fream\u0103t\u0103 \u00een ea. Tot timpul m-am g\u00e2ndit \u00eens\u0103 la copiii mei, care locuiesc \u00een apartamente. <\/p>\n\n\n\n<figure class=\"wp-block-image size-large\"><img loading=\"lazy\" width=\"1024\" height=\"794\" src=\"https:\/\/stilorganizat.com\/wp-content\/uploads\/2019\/04\/ciresi-in-floare-1024x794.jpg\" alt=\"\" class=\"wp-image-6976\" srcset=\"https:\/\/stilorganizat.com\/wp-content\/uploads\/2019\/04\/ciresi-in-floare-1024x794.jpg 1024w, https:\/\/stilorganizat.com\/wp-content\/uploads\/2019\/04\/ciresi-in-floare-300x233.jpg 300w, https:\/\/stilorganizat.com\/wp-content\/uploads\/2019\/04\/ciresi-in-floare-768x596.jpg 768w, https:\/\/stilorganizat.com\/wp-content\/uploads\/2019\/04\/ciresi-in-floare-1536x1191.jpg 1536w, https:\/\/stilorganizat.com\/wp-content\/uploads\/2019\/04\/ciresi-in-floare.jpg 1800w\" sizes=\"(max-width: 1024px) 100vw, 1024px\" \/><\/figure>\n\n\n\n<p>O teras\u0103 devine elementul principal pe care \u0219i-l doresc acum to\u021bi cei care locuiesc la bloc. Dac\u0103 nu au balcoane sau acestea sunt prea mici pentru a instala pe ele o mas\u0103 cu scaune sau fotolii. Aici ar putea s\u0103 lucreze, s\u0103 m\u0103n\u00e2nce sau  s\u0103 se odihneasc\u0103. S\u0103 le transforme \u00een oaze de verdea\u021b\u0103.<\/p>\n\n\n\n<p>Devine important \u0219i ceea ce e\u0219ti nevoit s\u0103 prive\u0219ti de pe balcon. O vedere c\u0103tre un parc nu e totuna cu una c\u0103tre un bulevard plin de ma\u0219ini zgomotoase \u0219i de noxe. Pozi\u021bionarea acestuia trebuie s\u0103 permit\u0103 ca soarele s\u0103 fie vizibil \u00eentr-o parte a zilei pentru a te bucura de el.<\/p>\n\n\n\n<p>Dac\u0103 blocul sau casa au propria gr\u0103din\u0103, deja e un lux pentru c\u0103 po\u021bi face mi\u0219care sau chiar un gr\u0103tar.<\/p>\n\n\n\n<p>Din p\u0103cate, ora\u0219ele noastre sunt departe de aceste deziderate. <\/p>\n\n\n\n<figure class=\"wp-block-image size-large\"><img loading=\"lazy\" width=\"1024\" height=\"768\" src=\"https:\/\/stilorganizat.com\/wp-content\/uploads\/2020\/04\/balcoane-in-Bucuresti-1024x768.jpg\" alt=\"balcoane in Bucuresti \" class=\"wp-image-7028\" srcset=\"https:\/\/stilorganizat.com\/wp-content\/uploads\/2020\/04\/balcoane-in-Bucuresti-1024x768.jpg 1024w, https:\/\/stilorganizat.com\/wp-content\/uploads\/2020\/04\/balcoane-in-Bucuresti-300x225.jpg 300w, https:\/\/stilorganizat.com\/wp-content\/uploads\/2020\/04\/balcoane-in-Bucuresti-768x576.jpg 768w, https:\/\/stilorganizat.com\/wp-content\/uploads\/2020\/04\/balcoane-in-Bucuresti-1536x1152.jpg 1536w, https:\/\/stilorganizat.com\/wp-content\/uploads\/2020\/04\/balcoane-in-Bucuresti.jpg 1800w\" sizes=\"(max-width: 1024px) 100vw, 1024px\" \/><figcaption>Balcoane \u00een Bucure\u0219ti &#8211; bloc ultracentral<\/figcaption><\/figure>\n\n\n\n<h2>Biroul de acas\u0103<\/h2>\n\n\n\n<p>Pentru mul\u021bi dintre noi, c\u0103minul a devenit locul de munc\u0103. Am constatat astfel c\u0103 este un mod comod de a face bani, cu condi\u021bia de a exista \u00een cas\u0103 locul potrivit \u0219i de a fi utilat corespunz\u0103tor. <\/p>\n\n\n\n<p>Eu \u0219i so\u021bul meu lucr\u0103m de o perioad\u0103 de timp acas\u0103. Avem rutina zilnic\u0103 format\u0103, locuri dedicate muncii, echipamentele necesare (de\u0219i aici a\u0219 mai \u00eembun\u0103t\u0103\u021bi situa\u021bia). Am avut \u00een ultima perioad\u0103 \u0219edin\u021be pe Zoom \u0219i  fac monitoriz\u0103ri on-line. Iat\u0103 c\u0103 \u0219i deplas\u0103rile pe care le bifam de obicei pot fi \u00eenlocuite. Iar lucrurile ar trebui s\u0103 func\u021bioneze bine \u0219i \u00een acest mod. <\/p>\n\n\n\n<p><\/p>\n\n\n\n<p>Tendin\u021ba actual\u0103 este clar spre digitalizare \u0219i remote work. Dar era nevoie de un ghiont al destinului pentru ca lucrurile s\u0103 prind\u0103 un ritm alert. Astfel am constatat c\u0103 \u0219i \u0219coala se poate face de la distan\u021b\u0103, \u0219i \u0219edin\u021bele pentru care era nevoie de deplas\u0103ri pe distan\u021be lungi, iar de munca pe suport IT nu mai vorbesc.<\/p>\n\n\n\n<p>Multe firme vor combina pe viitor munca de la birou cu cea de acas\u0103. Ceea ce va modifica locuin\u021bele dup\u0103 Coronavirus.<\/p>\n\n\n\n<figure class=\"wp-block-image size-large\"><img loading=\"lazy\" width=\"1024\" height=\"768\" src=\"https:\/\/stilorganizat.com\/wp-content\/uploads\/2020\/04\/birou-din-biblioteca-1024x768.jpg\" alt=\"birou in biblioteca - locuin\u021bele dup\u0103 Coronavirus\" class=\"wp-image-7019\" srcset=\"https:\/\/stilorganizat.com\/wp-content\/uploads\/2020\/04\/birou-din-biblioteca-1024x768.jpg 1024w, https:\/\/stilorganizat.com\/wp-content\/uploads\/2020\/04\/birou-din-biblioteca-300x225.jpg 300w, https:\/\/stilorganizat.com\/wp-content\/uploads\/2020\/04\/birou-din-biblioteca-768x576.jpg 768w, https:\/\/stilorganizat.com\/wp-content\/uploads\/2020\/04\/birou-din-biblioteca-1536x1152.jpg 1536w, https:\/\/stilorganizat.com\/wp-content\/uploads\/2020\/04\/birou-din-biblioteca.jpg 1800w\" sizes=\"(max-width: 1024px) 100vw, 1024px\" \/><\/figure>\n\n\n\n<p>Pentru noroco\u0219ii cu case mai mari, o camer\u0103 dedicat\u0103 biroului e binevenit\u0103. Pentru cei care au apartamente mici, ace\u0219tia trebuie s\u0103 g\u0103seasc\u0103 un col\u021b de camer\u0103 \u00een care s\u0103 a\u0219eze o mas\u0103, cutii cu acte  \u0219i alte obiecte necesare. Mul\u021bi oameni au amenajat biroul \u00een dormitor, presupus un loc mai lini\u0219tit, mai ales pentru cei cu copii.<\/p>\n\n\n\n<p>Am scris mai multe separat, \u00een: <a rel=\"noreferrer noopener\" aria-label=\"Cum m\u0103 organizez s\u0103 lucrez de acas\u0103. (opens in a new tab)\" href=\"https:\/\/stilorganizat.com\/?p=6914\" target=\"_blank\">Cum m\u0103 organizez s\u0103 lucrez de acas\u0103.<\/a> \u0219i \u00een seria de articole lunare despre ce e de f\u0103cut acas\u0103.<\/p>\n\n\n\n<p><\/p>\n\n\n\n<h2>Intrarea \u00een cas\u0103<\/h2>\n\n\n\n<p>Iat\u0103 un punct unde am fost prins\u0103 pe picior gre\u0219it. Probabil \u00een cur\u00e2nd vom reveni la vechiul antreu, locul unde l\u0103sam paltonul \u0219i \u00eenc\u0103l\u021b\u0103mintea \u00eenainte de a intra \u00een cas\u0103. Camera aceasta tampon, care face leg\u0103tura \u00eentre exteriorul contaminat \u0219i interiorul ce trebuie p\u0103strat curat, a disp\u0103rut \u00een cele mai multe locuin\u021be. <\/p>\n\n\n\n<p>Holul e locul \u00een care este a\u0219ezat un cuier, \u00eentr-adev\u0103r, dar acum casele sunt decomandate \u0219i de aici exist\u0103 u\u0219i c\u0103tre alte camere. Iar spa\u021biul acesta de p\u0103trundere \u00een cas\u0103 nu ar trebui str\u0103b\u0103tut de alte trasee. \u00centr-un fel, circuitele g\u00e2ndite pentru spitale trebuie s\u0103 p\u0103trund\u0103 \u00een con\u0219tiin\u021ba tuturor, mai devreme sau mai t\u00e2rziu.<\/p>\n\n\n\n<p>Acum s-a prefigurat inclusiv solu\u021bia cutiei aflate exact l\u00e2ng\u0103 u\u0219\u0103, \u00een care s\u0103 fie puse geanta \u0219i pantofii imediat cum p\u0103trunzi \u00een cas\u0103. <\/p>\n\n\n\n<p>\u00cen aceea\u0219i idee, locurile comune din bloc vor fi prev\u0103zute cu u\u0219i care se deschid f\u0103r\u0103 a folosi m\u00e2inile, iar ascensoarele vor trebui manevrate altfel. Multitudini de solu\u021bii care sunt a\u0219teptate. Sper ca unele din ele s\u0103 ne surprind\u0103.<\/p>\n\n\n\n<figure class=\"wp-block-image size-large\"><img loading=\"lazy\" width=\"1024\" height=\"768\" src=\"https:\/\/stilorganizat.com\/wp-content\/uploads\/2020\/04\/Organizare-protectie-personala-anti-Covid-1024x768.jpg\" alt=\"Organizare protectie personala anti Covid\" class=\"wp-image-7018\" srcset=\"https:\/\/stilorganizat.com\/wp-content\/uploads\/2020\/04\/Organizare-protectie-personala-anti-Covid-1024x768.jpg 1024w, https:\/\/stilorganizat.com\/wp-content\/uploads\/2020\/04\/Organizare-protectie-personala-anti-Covid-300x225.jpg 300w, https:\/\/stilorganizat.com\/wp-content\/uploads\/2020\/04\/Organizare-protectie-personala-anti-Covid-768x576.jpg 768w, https:\/\/stilorganizat.com\/wp-content\/uploads\/2020\/04\/Organizare-protectie-personala-anti-Covid-1536x1152.jpg 1536w, https:\/\/stilorganizat.com\/wp-content\/uploads\/2020\/04\/Organizare-protectie-personala-anti-Covid.jpg 1800w\" sizes=\"(max-width: 1024px) 100vw, 1024px\" \/><figcaption>Am organizat un punct cu produse de protec\u021bie peronal\u0103  la intrarea \u00een cas\u0103<\/figcaption><\/figure>\n\n\n\n<p>Acas\u0103 am organizat pe pervazul ferestrei de la intrare un loc cu m\u0103nu\u0219i \u0219i m\u0103\u0219ti. Deocamdat\u0103 am folosit ni\u0219te cutii pe care le aveam \u00een cas\u0103 (unele sunt de flor\u0103rie). O cutie veche de \u0219erve\u021bele a devenit dispenser de m\u0103nu\u0219i de unic\u0103 folosin\u021b\u0103.<\/p>\n\n\n\n<p>Dac\u0103 pandemia se va prelungi, voi organiza mai bine acest loc, mai profesional. <\/p>\n\n\n\n<p><\/p>\n\n\n\n<h2>Un loc pentru hobby-uri<\/h2>\n\n\n\n<p>Pentru majoritatea popula\u021biei, casele sunt prea mici pentru a avea camere specializate pe activit\u0103\u021bi. Ar trebui ca spa\u021biile s\u0103 poat\u0103 fi reconfigurate dup\u0103 dorin\u021ba proprietarilor. <\/p>\n\n\n\n<p>Obliga\u021bi s\u0103 locuiasc\u0103 uneori pe perioade lungi \u00een cas\u0103, oamenii vor dori s\u0103 \u00ee\u0219i perfec\u021bioneze  hobby-urile \u00een c\u0103minul lor. <\/p>\n\n\n\n<p>Fie c\u0103 e o sal\u0103 de sport sau un atelier de crafting, obiectele trebuie s\u0103 se r\u0103suceasc\u0103 at\u00e2t de bine, \u00eenc\u00e2t \u00eentr-o clip\u0103 livingroom-ul s\u0103 devin\u0103 sal\u0103 de fitness, camera copiilor s\u0103 devin\u0103 atelier de crea\u021bie, dormitorul s\u0103 devin\u0103  sanctuar de medita\u021bie.<\/p>\n\n\n\n<p>Iar toate acestea s\u0103 se produc\u0103 f\u0103r\u0103 ca interioarele s\u0103 arate prea \u00eenc\u0103rcate sau ap\u0103s\u0103toare. <\/p>\n\n\n\n<div class=\"wp-block-image\"><figure class=\"aligncenter size-large\"><img loading=\"lazy\" width=\"620\" height=\"465\" src=\"https:\/\/stilorganizat.com\/wp-content\/uploads\/2016\/10\/organizare-statie-de-vopsit-7.jpg\" alt=\"statie de vopsit\" class=\"wp-image-4863\" srcset=\"https:\/\/stilorganizat.com\/wp-content\/uploads\/2016\/10\/organizare-statie-de-vopsit-7.jpg 620w, https:\/\/stilorganizat.com\/wp-content\/uploads\/2016\/10\/organizare-statie-de-vopsit-7-300x225.jpg 300w\" sizes=\"(max-width: 620px) 100vw, 620px\" \/><\/figure><\/div>\n\n\n\n<p><\/p>\n\n\n\n<h2>Spa\u021biile de depozitare<\/h2>\n\n\n\n<p>Organizarea rapid\u0103 a ocupa\u021biilor nou ap\u0103rute acas\u0103 e dificil\u0103. C\u00e2nd e\u0219ti obligat s\u0103 desf\u0103\u0219ori mai multe activit\u0103\u021bi, spa\u021biile de depozitare devin esen\u021biale. S\u0103 ai la \u00eendem\u00e2n\u0103 obiectele necesare la un moment dat, s\u0103 nu pierzi timp c\u0103ut\u00e2nd sau rearanj\u00e2nd continuu lucrurile.<\/p>\n\n\n\n<p>Chiar dac\u0103 la \u00eenceput nu exist\u0103 mobilele necesare, c\u00e2teva cutii improvizate pot face minuni. Obiectele trebuie sortate, a\u0219ezate \u00een cutii, apoi cutiile etichetate pentru acces rapid.<\/p>\n\n\n\n<p>La reamenajarea casei, e necesar s\u0103 fie prev\u0103zute mobile inteligente cu spa\u021bii de depozitare eficiente.<\/p>\n\n\n\n<p><a href=\"https:\/\/stilorganizat.com\/?p=6185\" target=\"_blank\" rel=\"noreferrer noopener\" aria-label=\"Rafturile prev\u0103zute  (opens in a new tab)\">Rafturile prev\u0103zute <\/a>peste tot ajut\u0103 la punerea \u00een ordine a casei.<\/p>\n\n\n\n<p>Iar <a href=\"https:\/\/stilorganizat.com\/?p=3574\" target=\"_blank\" rel=\"noreferrer noopener\" aria-label=\"sertarele reprezint\u0103 solu\u021bia ideal\u0103 (opens in a new tab)\">sertarele reprezint\u0103 solu\u021bia ideal\u0103<\/a> pentru multe probleme de organizare a obiectelor. De diferite dimensiuni \u0219i cu sisteme interioare de aranjare, fac posibil\u0103 cea mai exigent\u0103 sortare. Cu multe sertare disponibile, casa va fi organizat\u0103 chiar dac\u0103 va trebui s\u0103 g\u0103zduiasc\u0103 o multitudine de activit\u0103\u021bi.<\/p>\n\n\n\n<div class=\"wp-block-image\"><figure class=\"aligncenter size-large\"><img loading=\"lazy\" width=\"620\" height=\"485\" src=\"https:\/\/stilorganizat.com\/wp-content\/uploads\/2018\/01\/carnet-2.jpg\" alt=\"bullet journal\" class=\"wp-image-5225\" srcset=\"https:\/\/stilorganizat.com\/wp-content\/uploads\/2018\/01\/carnet-2.jpg 620w, https:\/\/stilorganizat.com\/wp-content\/uploads\/2018\/01\/carnet-2-300x235.jpg 300w\" sizes=\"(max-width: 620px) 100vw, 620px\" \/><\/figure><\/div>\n\n\n\n<h2>Tehnologii pentru cur\u0103\u021benie<\/h2>\n\n\n\n<p>Nu \u0219tiu ce s-a \u00eent\u00e2mplat \u00een aceast\u0103 perioad\u0103 cu firmele de cur\u0103\u021benie, cert e c\u0103 mul\u021bi oameni care apelau la serviciile lor au renun\u021bat la ele. Totu\u0219i, st\u00e2nd \u00een cas\u0103 tot timpul, casa trebuie \u021binut\u0103 sub control.<\/p>\n\n\n\n<figure class=\"wp-block-image size-large\"><img loading=\"lazy\" width=\"1024\" height=\"683\" src=\"https:\/\/stilorganizat.com\/wp-content\/uploads\/2019\/01\/robi-1024x683.jpg\" alt=\"i-robot\" class=\"wp-image-5715\" srcset=\"https:\/\/stilorganizat.com\/wp-content\/uploads\/2019\/01\/robi-1024x683.jpg 1024w, https:\/\/stilorganizat.com\/wp-content\/uploads\/2019\/01\/robi-300x200.jpg 300w, https:\/\/stilorganizat.com\/wp-content\/uploads\/2019\/01\/robi-768x512.jpg 768w, https:\/\/stilorganizat.com\/wp-content\/uploads\/2019\/01\/robi.jpg 1800w\" sizes=\"(max-width: 1024px) 100vw, 1024px\" \/><\/figure>\n\n\n\n<p>Metodele simple \u0219i robotizate de cur\u0103\u021benie m-au preocupat de mult timp pentru c\u0103 am dorit s\u0103 nu depind mult de ajutoare. Solu\u021biile g\u0103site sunt destul de costisitoare ini\u021bial, dar \u00ee\u0219i scot banii repede \u0219i fac activitatea de cur\u0103\u021benie, culmea, pl\u0103cut\u0103! Am avut \u00een vedere nu numai robo\u021bii care cur\u0103\u021b\u0103 singuri, ci \u0219i alte solu\u021bii extrem de u\u0219or de folosit.<\/p>\n\n\n\n<p>Am scris pe larg <a href=\"https:\/\/stilorganizat.com\/?p=5861\" target=\"_blank\" rel=\"noreferrer noopener\" aria-label=\"despre sistemul de cur\u0103\u021bare a podelelor, aici. (opens in a new tab)\">despre sistemul de cur\u0103\u021bare a podelelor, aici.<\/a><\/p>\n\n\n\n<p>La fel, <a href=\"https:\/\/stilorganizat.com\/?p=6102\" target=\"_blank\" rel=\"noreferrer noopener\" aria-label=\"sistemele de purificare a aerului vor fi tot mai folosite (opens in a new tab)\">sistemele de purificare a aerului vor fi tot mai folosite<\/a>. Uneori, poluarea din exteriorul casei va face ca aerisirea prin deschiderea ferestrelor s\u0103 devin\u0103 periculoas\u0103. Trebuie s\u0103 ne g\u00e2ndim c\u0103 va exista \u0219i o astfel de situa\u021bie \u0219i s\u0103 ne preg\u0103tim pentru ea.<\/p>\n\n\n\n<p>Locuin\u021bele dup\u0103 Coronavirus se vor modifica, este cert. Mul\u021bi oameni vor ac\u021biona pentru a-\u0219i face via\u021ba mai bun\u0103 \u00een condi\u021biile date. Multe obiceiuri se vor schimba pentru totdeauna. Se vor folosi materiale mai s\u0103n\u0103toase, cum s-a constatat c\u0103 e cazul cuprului. Spa\u021biile comune vor fi reg\u00e2ndite.<\/p>\n\n\n\n<p>R\u0103m\u00eene s\u0103 vedem ce curente vor fi mai puternice.<\/p>\n\n\n\n<p>Eu, \u00een orice caz, voi c\u0103uta neap\u0103rat o locuin\u021b\u0103 cu teras\u0103 mare.<\/p>\n\n\n\n<p><em>Bibliografie:<\/em><\/p>\n\n\n\n<p><a href=\"https:\/\/www.houzz.com\/magazine\/how-will-the-coronavirus-change-our-homes-stsetivw-vs~134251180\" target=\"_blank\" rel=\"noreferrer noopener\" aria-label=\"Cum va schimba Coronavirusul casele noastre (opens in a new tab)\">Cum va schimba Coronavirusul casele noastre<\/a><\/p>\n\n\n\n<p><a href=\"https:\/\/www.citylab.com\/life\/2020\/04\/apartment-design-balcony-private-outdoor-space-zoning-laws\/610162\/\" target=\"_blank\" rel=\"noreferrer noopener\" aria-label=\"O lec\u021bie a distan\u021b\u0103rii sociale: s\u0103 contruim balcoane mai bune (opens in a new tab)\">O lec\u021bie a distan\u021b\u0103rii sociale: s\u0103 contruim balcoane mai bune<\/a><\/p>\n\n\n\n<p><a href=\"https:\/\/blog.trello.com\/remote-work-guide-for-parents?\" target=\"_blank\" rel=\"noreferrer noopener\" aria-label=\"Un ghid pentru p\u0103rin\u021bi privind munca la domiciliu (opens in a new tab)\">Un ghid pentru p\u0103rin\u021bi privind munca la domiciliu<\/a><\/p>\n\n\n\n<p><a rel=\"noreferrer noopener\" aria-label=\"Cum se va schimba arhitectura cl\u0103dirilor \u0219i a ora\u0219elor dup\u0103 Covid (opens in a new tab)\" href=\"https:\/\/www.forbes.ro\/cum-se-va-schimba-arhitectura-cladirilor-si-oraselor-dupa-covid-19-160215\" target=\"_blank\">Cum se va schimba arhitectura cl\u0103dirilor \u0219i a ora\u0219elor dup\u0103 Covid<\/a><\/p>\n\n\n\n<p><a href=\"https:\/\/www.vice.com\/en_ca\/article\/xgqkyw\/copper-destroys-viruses-and-bacteria-why-isnt-it-everywhere\" target=\"_blank\" rel=\"noreferrer noopener\" aria-label=\"Cuprul distruge viru\u0219ii \u0219i bacteriile (opens in a new tab)\">Cuprul distruge viru\u0219ii \u0219i bacteriile<\/a><\/p>\n\n\n\n<p><\/p>\n","protected":false},"excerpt":{"rendered":"<p>C\u0103utam un apartament obi\u0219nuit pentru fata mea, \u00een Bucure\u0219ti. Ea nu are timp. Nu mi-a sugerat dec\u00e2t zona, \u00een rest trebuia s\u0103 m\u0103 descurc cu criteriile. Dintr-odat\u0103, de c\u00e2nd cu criza Covid, am realizat c\u0103 detaliile c\u0103utate trebuie modificate. Primul g\u00e2nd a fost spre o teras\u0103 \u00eenc\u0103p\u0103toare, care devine \u00een noul context esen\u021bial\u0103. Am constatat apoi, citind articole, c\u0103 se prefigureaz\u0103 o astfel de mi\u0219care \u00een toat\u0103 regula pe mapamond. Oare se va schimba modul \u00een care vom locui de<\/p>\n","protected":false},"author":1,"featured_media":7019,"comment_status":"open","ping_status":"open","sticky":false,"template":"","format":"standard","meta":[],"categories":[37,4,14],"tags":[112,238,153,318],"yoast_head":"<!-- This site is optimized with the Yoast SEO plugin v17.7.1 - https:\/\/yoast.com\/wordpress\/plugins\/seo\/ -->\n<title>Cum se vor modifica locuin\u021bele dup\u0103 Coronavirus - StilOrganizat<\/title>\n<meta name=\"description\" content=\"Cum se prefigureaz\u0103 c\u0103 se vor modifica locuin\u021bele dup\u0103 Coronavirus. Cu terase, locuri pentru munca de acas\u0103 \u0219i pentru hobby-uri.\" \/>\n<meta name=\"robots\" content=\"index, follow, max-snippet:-1, max-image-preview:large, max-video-preview:-1\" \/>\n<link rel=\"canonical\" href=\"https:\/\/stilorganizat.com\/?p=7014\" \/>\n<meta property=\"og:locale\" content=\"en_US\" \/>\n<meta property=\"og:type\" content=\"article\" \/>\n<meta property=\"og:title\" content=\"Cum se vor modifica locuin\u021bele dup\u0103 Coronavirus - StilOrganizat\" \/>\n<meta property=\"og:description\" content=\"Cum se prefigureaz\u0103 c\u0103 se vor modifica locuin\u021bele dup\u0103 Coronavirus. Cu terase, locuri pentru munca de acas\u0103 \u0219i pentru hobby-uri.\" \/>\n<meta property=\"og:url\" content=\"https:\/\/stilorganizat.com\/?p=7014\" \/>\n<meta property=\"og:site_name\" content=\"StilOrganizat\" \/>\n<meta property=\"article:published_time\" content=\"2020-04-25T17:22:41+00:00\" \/>\n<meta property=\"article:modified_time\" content=\"2020-04-26T06:55:12+00:00\" \/>\n<meta property=\"og:image\" content=\"https:\/\/stilorganizat.com\/wp-content\/uploads\/2020\/04\/birou-din-biblioteca.jpg\" \/>\n\t<meta property=\"og:image:width\" content=\"1800\" \/>\n\t<meta property=\"og:image:height\" content=\"1350\" \/>\n<meta name=\"twitter:card\" content=\"summary_large_image\" \/>\n<meta name=\"twitter:label1\" content=\"Written by\" \/>\n\t<meta name=\"twitter:data1\" content=\"Ela\" \/>\n\t<meta name=\"twitter:label2\" content=\"Est. reading time\" \/>\n\t<meta name=\"twitter:data2\" content=\"8 minutes\" \/>\n<script type=\"application\/ld+json\" class=\"yoast-schema-graph\">{\"@context\":\"https:\/\/schema.org\",\"@graph\":[{\"@type\":\"WebSite\",\"@id\":\"https:\/\/stilorganizat.com\/#website\",\"url\":\"https:\/\/stilorganizat.com\/\",\"name\":\"StilOrganizat\",\"description\":\"\",\"publisher\":{\"@id\":\"https:\/\/stilorganizat.com\/#\/schema\/person\/925650ea34ea4181154192c09316af88\"},\"potentialAction\":[{\"@type\":\"SearchAction\",\"target\":{\"@type\":\"EntryPoint\",\"urlTemplate\":\"https:\/\/stilorganizat.com\/?s={search_term_string}\"},\"query-input\":\"required name=search_term_string\"}],\"inLanguage\":\"en-US\"},{\"@type\":\"ImageObject\",\"@id\":\"https:\/\/stilorganizat.com\/?p=7014#primaryimage\",\"inLanguage\":\"en-US\",\"url\":\"https:\/\/stilorganizat.com\/wp-content\/uploads\/2020\/04\/birou-din-biblioteca.jpg\",\"contentUrl\":\"https:\/\/stilorganizat.com\/wp-content\/uploads\/2020\/04\/birou-din-biblioteca.jpg\",\"width\":1800,\"height\":1350,\"caption\":\"birou in biblioteca\"},{\"@type\":\"WebPage\",\"@id\":\"https:\/\/stilorganizat.com\/?p=7014#webpage\",\"url\":\"https:\/\/stilorganizat.com\/?p=7014\",\"name\":\"Cum se vor modifica locuin\\u021bele dup\\u0103 Coronavirus - StilOrganizat\",\"isPartOf\":{\"@id\":\"https:\/\/stilorganizat.com\/#website\"},\"primaryImageOfPage\":{\"@id\":\"https:\/\/stilorganizat.com\/?p=7014#primaryimage\"},\"datePublished\":\"2020-04-25T17:22:41+00:00\",\"dateModified\":\"2020-04-26T06:55:12+00:00\",\"description\":\"Cum se prefigureaz\\u0103 c\\u0103 se vor modifica locuin\\u021bele dup\\u0103 Coronavirus. Cu terase, locuri pentru munca de acas\\u0103 \\u0219i pentru hobby-uri.\",\"breadcrumb\":{\"@id\":\"https:\/\/stilorganizat.com\/?p=7014#breadcrumb\"},\"inLanguage\":\"en-US\",\"potentialAction\":[{\"@type\":\"ReadAction\",\"target\":[\"https:\/\/stilorganizat.com\/?p=7014\"]}]},{\"@type\":\"BreadcrumbList\",\"@id\":\"https:\/\/stilorganizat.com\/?p=7014#breadcrumb\",\"itemListElement\":[{\"@type\":\"ListItem\",\"position\":1,\"name\":\"Home\",\"item\":\"https:\/\/stilorganizat.com\/\"},{\"@type\":\"ListItem\",\"position\":2,\"name\":\"Organizarea casei\",\"item\":\"https:\/\/stilorganizat.com\/?cat=4\"},{\"@type\":\"ListItem\",\"position\":3,\"name\":\"Cum se vor modifica locuin\\u021bele dup\\u0103 Coronavirus\"}]},{\"@type\":\"Article\",\"@id\":\"https:\/\/stilorganizat.com\/?p=7014#article\",\"isPartOf\":{\"@id\":\"https:\/\/stilorganizat.com\/?p=7014#webpage\"},\"author\":{\"@id\":\"https:\/\/stilorganizat.com\/#\/schema\/person\/925650ea34ea4181154192c09316af88\"},\"headline\":\"Cum se vor modifica locuin\\u021bele dup\\u0103 Coronavirus\",\"datePublished\":\"2020-04-25T17:22:41+00:00\",\"dateModified\":\"2020-04-26T06:55:12+00:00\",\"mainEntityOfPage\":{\"@id\":\"https:\/\/stilorganizat.com\/?p=7014#webpage\"},\"wordCount\":1614,\"commentCount\":0,\"publisher\":{\"@id\":\"https:\/\/stilorganizat.com\/#\/schema\/person\/925650ea34ea4181154192c09316af88\"},\"image\":{\"@id\":\"https:\/\/stilorganizat.com\/?p=7014#primaryimage\"},\"thumbnailUrl\":\"https:\/\/stilorganizat.com\/wp-content\/uploads\/2020\/04\/birou-din-biblioteca.jpg\",\"keywords\":[\"organizare\",\"organizare birou\",\"organizarea casei\",\"organizarea obiectelor\"],\"articleSection\":[\"Featured\",\"Organizarea casei\",\"Organizarea pe camere\"],\"inLanguage\":\"en-US\",\"potentialAction\":[{\"@type\":\"CommentAction\",\"name\":\"Comment\",\"target\":[\"https:\/\/stilorganizat.com\/?p=7014#respond\"]}]},{\"@type\":[\"Person\",\"Organization\"],\"@id\":\"https:\/\/stilorganizat.com\/#\/schema\/person\/925650ea34ea4181154192c09316af88\",\"name\":\"Ela\",\"image\":{\"@type\":\"ImageObject\",\"@id\":\"https:\/\/stilorganizat.com\/#personlogo\",\"inLanguage\":\"en-US\",\"url\":\"https:\/\/secure.gravatar.com\/avatar\/8760904c7f0aa36ea71caf9864f47f82?s=96&d=identicon&r=g\",\"contentUrl\":\"https:\/\/secure.gravatar.com\/avatar\/8760904c7f0aa36ea71caf9864f47f82?s=96&d=identicon&r=g\",\"caption\":\"Ela\"},\"logo\":{\"@id\":\"https:\/\/stilorganizat.com\/#personlogo\"},\"sameAs\":[\"http:\/\/stilorganizat.ro\"]}]}<\/script>\n<!-- \/ Yoast SEO plugin. -->","yoast_head_json":{"title":"Cum se vor modifica locuin\u021bele dup\u0103 Coronavirus - StilOrganizat","description":"Cum se prefigureaz\u0103 c\u0103 se vor modifica locuin\u021bele dup\u0103 Coronavirus. Cu terase, locuri pentru munca de acas\u0103 \u0219i pentru hobby-uri.","robots":{"index":"index","follow":"follow","max-snippet":"max-snippet:-1","max-image-preview":"max-image-preview:large","max-video-preview":"max-video-preview:-1"},"canonical":"https:\/\/stilorganizat.com\/?p=7014","og_locale":"en_US","og_type":"article","og_title":"Cum se vor modifica locuin\u021bele dup\u0103 Coronavirus - StilOrganizat","og_description":"Cum se prefigureaz\u0103 c\u0103 se vor modifica locuin\u021bele dup\u0103 Coronavirus. Cu terase, locuri pentru munca de acas\u0103 \u0219i pentru hobby-uri.","og_url":"https:\/\/stilorganizat.com\/?p=7014","og_site_name":"StilOrganizat","article_published_time":"2020-04-25T17:22:41+00:00","article_modified_time":"2020-04-26T06:55:12+00:00","og_image":[{"width":1800,"height":1350,"url":"https:\/\/stilorganizat.com\/wp-content\/uploads\/2020\/04\/birou-din-biblioteca.jpg","type":"image\/jpeg"}],"twitter_card":"summary_large_image","twitter_misc":{"Written by":"Ela","Est. reading time":"8 minutes"},"schema":{"@context":"https:\/\/schema.org","@graph":[{"@type":"WebSite","@id":"https:\/\/stilorganizat.com\/#website","url":"https:\/\/stilorganizat.com\/","name":"StilOrganizat","description":"","publisher":{"@id":"https:\/\/stilorganizat.com\/#\/schema\/person\/925650ea34ea4181154192c09316af88"},"potentialAction":[{"@type":"SearchAction","target":{"@type":"EntryPoint","urlTemplate":"https:\/\/stilorganizat.com\/?s={search_term_string}"},"query-input":"required name=search_term_string"}],"inLanguage":"en-US"},{"@type":"ImageObject","@id":"https:\/\/stilorganizat.com\/?p=7014#primaryimage","inLanguage":"en-US","url":"https:\/\/stilorganizat.com\/wp-content\/uploads\/2020\/04\/birou-din-biblioteca.jpg","contentUrl":"https:\/\/stilorganizat.com\/wp-content\/uploads\/2020\/04\/birou-din-biblioteca.jpg","width":1800,"height":1350,"caption":"birou in biblioteca"},{"@type":"WebPage","@id":"https:\/\/stilorganizat.com\/?p=7014#webpage","url":"https:\/\/stilorganizat.com\/?p=7014","name":"Cum se vor modifica locuin\u021bele dup\u0103 Coronavirus - StilOrganizat","isPartOf":{"@id":"https:\/\/stilorganizat.com\/#website"},"primaryImageOfPage":{"@id":"https:\/\/stilorganizat.com\/?p=7014#primaryimage"},"datePublished":"2020-04-25T17:22:41+00:00","dateModified":"2020-04-26T06:55:12+00:00","description":"Cum se prefigureaz\u0103 c\u0103 se vor modifica locuin\u021bele dup\u0103 Coronavirus. Cu terase, locuri pentru munca de acas\u0103 \u0219i pentru hobby-uri.","breadcrumb":{"@id":"https:\/\/stilorganizat.com\/?p=7014#breadcrumb"},"inLanguage":"en-US","potentialAction":[{"@type":"ReadAction","target":["https:\/\/stilorganizat.com\/?p=7014"]}]},{"@type":"BreadcrumbList","@id":"https:\/\/stilorganizat.com\/?p=7014#breadcrumb","itemListElement":[{"@type":"ListItem","position":1,"name":"Home","item":"https:\/\/stilorganizat.com\/"},{"@type":"ListItem","position":2,"name":"Organizarea casei","item":"https:\/\/stilorganizat.com\/?cat=4"},{"@type":"ListItem","position":3,"name":"Cum se vor modifica locuin\u021bele dup\u0103 Coronavirus"}]},{"@type":"Article","@id":"https:\/\/stilorganizat.com\/?p=7014#article","isPartOf":{"@id":"https:\/\/stilorganizat.com\/?p=7014#webpage"},"author":{"@id":"https:\/\/stilorganizat.com\/#\/schema\/person\/925650ea34ea4181154192c09316af88"},"headline":"Cum se vor modifica locuin\u021bele dup\u0103 Coronavirus","datePublished":"2020-04-25T17:22:41+00:00","dateModified":"2020-04-26T06:55:12+00:00","mainEntityOfPage":{"@id":"https:\/\/stilorganizat.com\/?p=7014#webpage"},"wordCount":1614,"commentCount":0,"publisher":{"@id":"https:\/\/stilorganizat.com\/#\/schema\/person\/925650ea34ea4181154192c09316af88"},"image":{"@id":"https:\/\/stilorganizat.com\/?p=7014#primaryimage"},"thumbnailUrl":"https:\/\/stilorganizat.com\/wp-content\/uploads\/2020\/04\/birou-din-biblioteca.jpg","keywords":["organizare","organizare birou","organizarea casei","organizarea obiectelor"],"articleSection":["Featured","Organizarea casei","Organizarea pe camere"],"inLanguage":"en-US","potentialAction":[{"@type":"CommentAction","name":"Comment","target":["https:\/\/stilorganizat.com\/?p=7014#respond"]}]},{"@type":["Person","Organization"],"@id":"https:\/\/stilorganizat.com\/#\/schema\/person\/925650ea34ea4181154192c09316af88","name":"Ela","image":{"@type":"ImageObject","@id":"https:\/\/stilorganizat.com\/#personlogo","inLanguage":"en-US","url":"https:\/\/secure.gravatar.com\/avatar\/8760904c7f0aa36ea71caf9864f47f82?s=96&d=identicon&r=g","contentUrl":"https:\/\/secure.gravatar.com\/avatar\/8760904c7f0aa36ea71caf9864f47f82?s=96&d=identicon&r=g","caption":"Ela"},"logo":{"@id":"https:\/\/stilorganizat.com\/#personlogo"},"sameAs":["http:\/\/stilorganizat.ro"]}]}},"_links":{"self":[{"href":"https:\/\/stilorganizat.com\/index.php?rest_route=\/wp\/v2\/posts\/7014"}],"collection":[{"href":"https:\/\/stilorganizat.com\/index.php?rest_route=\/wp\/v2\/posts"}],"about":[{"href":"https:\/\/stilorganizat.com\/index.php?rest_route=\/wp\/v2\/types\/post"}],"author":[{"embeddable":true,"href":"https:\/\/stilorganizat.com\/index.php?rest_route=\/wp\/v2\/users\/1"}],"replies":[{"embeddable":true,"href":"https:\/\/stilorganizat.com\/index.php?rest_route=%2Fwp%2Fv2%2Fcomments&post=7014"}],"version-history":[{"count":14,"href":"https:\/\/stilorganizat.com\/index.php?rest_route=\/wp\/v2\/posts\/7014\/revisions"}],"predecessor-version":[{"id":7032,"href":"https:\/\/stilorganizat.com\/index.php?rest_route=\/wp\/v2\/posts\/7014\/revisions\/7032"}],"wp:featuredmedia":[{"embeddable":true,"href":"https:\/\/stilorganizat.com\/index.php?rest_route=\/wp\/v2\/media\/7019"}],"wp:attachment":[{"href":"https:\/\/stilorganizat.com\/index.php?rest_route=%2Fwp%2Fv2%2Fmedia&parent=7014"}],"wp:term":[{"taxonomy":"category","embeddable":true,"href":"https:\/\/stilorganizat.com\/index.php?rest_route=%2Fwp%2Fv2%2Fcategories&post=7014"},{"taxonomy":"post_tag","embeddable":true,"href":"https:\/\/stilorganizat.com\/index.php?rest_route=%2Fwp%2Fv2%2Ftags&post=7014"}],"curies":[{"name":"wp","href":"https:\/\/api.w.org\/{rel}","templated":true}]}}