{"id":6524,"date":"2019-12-06T23:11:28","date_gmt":"2019-12-06T20:11:28","guid":{"rendered":"https:\/\/stilorganizat.com\/?p=6524"},"modified":"2019-12-06T23:11:29","modified_gmt":"2019-12-06T20:11:29","slug":"masa-de-craciun-in-rosu","status":"publish","type":"post","link":"https:\/\/stilorganizat.com\/?p=6524","title":{"rendered":"Mas\u0103 de Cr\u0103ciun \u00een ro\u0219u"},"content":{"rendered":"\n<p>Am v\u0103zut \u00een ultimele zile pe internet o mul\u021bime de mese aranjate pentru Cr\u0103ciun. Crede\u021bi-m\u0103, nu mai pot! Prea mult alb \u0219i mereu culori neutre. Neutral, neutral, peste tot. La un moment dat, toate mesele mi-au p\u0103rut c\u0103 arat\u0103 la fel. Sunt f\u0103r\u0103 \u00eendoial\u0103 rafinate, dar, din prea mult\u0103 repeti\u021bie, devin \u00eengrozitor de plicticoase. M-am cam enervat \u0219i am hot\u0103r\u00e2t \u00eentr-o clip\u0103 c\u0103 voi face o mas\u0103 de Cr\u0103ciun \u00een ro\u0219u. Mult ro\u0219u!<\/p>\n\n\n\n<figure class=\"wp-block-image\"><img loading=\"lazy\" width=\"1024\" height=\"673\" src=\"https:\/\/stilorganizat.com\/wp-content\/uploads\/2019\/12\/masa-in-rosu-1024x673.jpg\" alt=\"masa de Craciun in rosu\" class=\"wp-image-6534\" srcset=\"https:\/\/stilorganizat.com\/wp-content\/uploads\/2019\/12\/masa-in-rosu-1024x673.jpg 1024w, https:\/\/stilorganizat.com\/wp-content\/uploads\/2019\/12\/masa-in-rosu-300x197.jpg 300w, https:\/\/stilorganizat.com\/wp-content\/uploads\/2019\/12\/masa-in-rosu-768x505.jpg 768w, https:\/\/stilorganizat.com\/wp-content\/uploads\/2019\/12\/masa-in-rosu.jpg 1800w\" sizes=\"(max-width: 1024px) 100vw, 1024px\" \/><\/figure>\n\n\n\n<p>\u0218i deodat\u0103 mi-a venit ideea centrului de mas\u0103. Am turnat o cantitate apreciabil\u0103 de z\u0103pad\u0103 artificial\u0103 pe un platou \u0219i am aruncat c\u00e2teva bobi\u021be ro\u0219ii prin ea. Apoi am a\u0219ezat \u00een mijloc ursule\u021bul de ciocolat\u0103 primit \u00eentr-un pachet de dulciuri, \u00een avanpremier\u0103, de la b\u0103iatul meu.<\/p>\n\n\n\n<h2><\/h2>\n\n\n\n<figure class=\"wp-block-image\"><img loading=\"lazy\" width=\"1024\" height=\"683\" src=\"https:\/\/stilorganizat.com\/wp-content\/uploads\/2019\/12\/ursulet-de-ciocolata-1024x683.jpg\" alt=\"mas\u0103 de Cr\u0103ciun\" class=\"wp-image-6535\" srcset=\"https:\/\/stilorganizat.com\/wp-content\/uploads\/2019\/12\/ursulet-de-ciocolata-1024x683.jpg 1024w, https:\/\/stilorganizat.com\/wp-content\/uploads\/2019\/12\/ursulet-de-ciocolata-300x200.jpg 300w, https:\/\/stilorganizat.com\/wp-content\/uploads\/2019\/12\/ursulet-de-ciocolata-768x512.jpg 768w, https:\/\/stilorganizat.com\/wp-content\/uploads\/2019\/12\/ursulet-de-ciocolata.jpg 1800w\" sizes=\"(max-width: 1024px) 100vw, 1024px\" \/><\/figure>\n\n\n\n<p>Masa de Cr\u0103ciun \u00een ro\u0219u este de patru persoane, pentru o sear\u0103 \u00een familie. <\/p>\n\n\n\n<p>Da, are \u0219erve\u021bele de h\u00e2rtie! Plus farfurii de vreo 6 lei bucata (cele ro\u0219ii). Conuri adunate din p\u0103dure, globuri ieftine.<\/p>\n\n\n\n<p>Dar \u0219i farfurii decorate frumos sau pahare de cristal. Elemente de por\u021belan de la Villeroy &amp; Boch, c\u0103ni ornate minunat, suporturi elegante.<\/p>\n\n\n\n<figure class=\"wp-block-image\"><img loading=\"lazy\" width=\"1024\" height=\"683\" src=\"https:\/\/stilorganizat.com\/wp-content\/uploads\/2019\/12\/masa-de-Craciun-vesela-1024x683.jpg\" alt=\"cana de Craciun\" class=\"wp-image-6533\" srcset=\"https:\/\/stilorganizat.com\/wp-content\/uploads\/2019\/12\/masa-de-Craciun-vesela-1024x683.jpg 1024w, https:\/\/stilorganizat.com\/wp-content\/uploads\/2019\/12\/masa-de-Craciun-vesela-300x200.jpg 300w, https:\/\/stilorganizat.com\/wp-content\/uploads\/2019\/12\/masa-de-Craciun-vesela-768x512.jpg 768w, https:\/\/stilorganizat.com\/wp-content\/uploads\/2019\/12\/masa-de-Craciun-vesela.jpg 1800w\" sizes=\"(max-width: 1024px) 100vw, 1024px\" \/><\/figure>\n\n\n\n<p>Acest mix face ca masa s\u0103 fie decontractat\u0103 \u0219i sper ca atmosfera general\u0103 s\u0103 fie, de asemenea, relaxat\u0103 \u0219i vesel\u0103.<\/p>\n\n\n\n<p>Cum centrul de mas\u0103 este, de obicei, punctul de pornire al conversa\u021biilor, voi \u00eencepe prin a le spune copiilor ce entuziasmat\u0103 am fost c\u00e2nd am v\u0103zut \u00een pachet ursule\u021bul de la Laderach. Anii trecu\u021bi, c\u00e2nd am ajuns la Zurich, am avut tentative de a cump\u0103ra de la aceast\u0103 cofet\u0103rie figurine de ciocolat\u0103. Toate au e\u0219uat lamentabil! Nu am putut da a\u0219a mult pe ele, oric\u00e2t de frumoase ar fi fost \u0219i oric\u00e2t curaj mi-a\u0219 fi luat intr\u00e2nd acolo. Cred c\u0103 b\u0103iatul meu a \u021binut minte \u0219i mi-a f\u0103cut aceast\u0103 surpriz\u0103. Cu lament\u0103rile mele privind pre\u021bul ciocolatei voi fi \u021binta ironiilor, desigur. Dar eu sunt mama, nu am ce face, trebuie s\u0103 suport! cum spune de multe ori fata mea. <\/p>\n\n\n\n<p>Ursule\u021bul st\u0103 pe suportul s\u0103u auriu care acum apare prin z\u0103pad\u0103 ca \u0219i cum ar fi ghea\u021ba pe care a c\u0103zut \u00een fund.<\/p>\n\n\n\n<figure class=\"wp-block-image\"><img loading=\"lazy\" width=\"1024\" height=\"617\" src=\"https:\/\/stilorganizat.com\/wp-content\/uploads\/2019\/12\/masa-de-Craciun-in-rosu-1024x617.jpg\" alt=\"centru de masa de Craciun\" class=\"wp-image-6532\" srcset=\"https:\/\/stilorganizat.com\/wp-content\/uploads\/2019\/12\/masa-de-Craciun-in-rosu-1024x617.jpg 1024w, https:\/\/stilorganizat.com\/wp-content\/uploads\/2019\/12\/masa-de-Craciun-in-rosu-300x181.jpg 300w, https:\/\/stilorganizat.com\/wp-content\/uploads\/2019\/12\/masa-de-Craciun-in-rosu-768x463.jpg 768w, https:\/\/stilorganizat.com\/wp-content\/uploads\/2019\/12\/masa-de-Craciun-in-rosu.jpg 1800w\" sizes=\"(max-width: 1024px) 100vw, 1024px\" \/><\/figure>\n\n\n\n<p>Celelalte elemente au combinat ro\u0219ul aprins precum obrazul \u00eenghe\u021bat al lui Mo\u0219 Cr\u0103ciun cu maronul dulce, albul imaculat \u0219i pu\u021bin argintiu. <\/p>\n\n\n\n<p>\u0218erve\u021belele sunt foarte simpatice, cump\u0103rate demult \u0219i redescoperite acum. Le-am pliat \u00een form\u0103 de brad \u0219i am plasat c\u00e2te un glob mic, ro\u0219u, \u00een v\u00e2rful lor.  Am ales cea mai simpl\u0103 form\u0103 de a \u00eendoi h\u00e2rtia.<\/p>\n\n\n\n<h2><\/h2>\n\n\n\n<figure class=\"wp-block-image\"><img loading=\"lazy\" width=\"1024\" height=\"630\" src=\"https:\/\/stilorganizat.com\/wp-content\/uploads\/2019\/12\/masa-de-Craciun-farfurie-1024x630.jpg\" alt=\"servetele si farfurii pe masa de Craciun\" class=\"wp-image-6529\" srcset=\"https:\/\/stilorganizat.com\/wp-content\/uploads\/2019\/12\/masa-de-Craciun-farfurie-1024x630.jpg 1024w, https:\/\/stilorganizat.com\/wp-content\/uploads\/2019\/12\/masa-de-Craciun-farfurie-300x185.jpg 300w, https:\/\/stilorganizat.com\/wp-content\/uploads\/2019\/12\/masa-de-Craciun-farfurie-768x473.jpg 768w, https:\/\/stilorganizat.com\/wp-content\/uploads\/2019\/12\/masa-de-Craciun-farfurie.jpg 1800w\" sizes=\"(max-width: 1024px) 100vw, 1024px\" \/><\/figure>\n\n\n\n<p>\u00cenc\u0103 o sugestie este sprijinirea cu\u021bitului pe un b\u0103\u021b de scor\u021bi\u0219oar\u0103. \u00cemi doream s\u0103 g\u0103sesc ceva potrivit pentru asta \u0219i m-am bucurat nespus c\u00e2nd mi-a venit ideea!<\/p>\n\n\n\n<p>Suporturile argintii sunt de la <a href=\"https:\/\/jysk.ro\/pentru-casa\/fete-de-masa\/servete-de-masa\/servet-de-masa-kungsmynta-38-argintiu\" target=\"_blank\" rel=\"noreferrer noopener\" aria-label=\"Jysk (opens in a new tab)\">Jysk<\/a> \u0219i \u00eemi plac foarte mult. Se vor potrivi multor aranjamente pe care le voi face. Farfuriile mari sunt unele ieftine, cum spuneam mai sus, luate de la Carrefour. Farfuriile cu model sunt luate de la t\u00e2rgul de vechituri din Munchen.<\/p>\n\n\n\n<figure class=\"wp-block-image\"><img loading=\"lazy\" width=\"1024\" height=\"683\" src=\"https:\/\/stilorganizat.com\/wp-content\/uploads\/2019\/12\/masa-de-Craciun-in-rosu-vedere-laterala-1024x683.jpg\" alt=\"centru de masa de Craciun in rosu\" class=\"wp-image-6531\" srcset=\"https:\/\/stilorganizat.com\/wp-content\/uploads\/2019\/12\/masa-de-Craciun-in-rosu-vedere-laterala-1024x683.jpg 1024w, https:\/\/stilorganizat.com\/wp-content\/uploads\/2019\/12\/masa-de-Craciun-in-rosu-vedere-laterala-300x200.jpg 300w, https:\/\/stilorganizat.com\/wp-content\/uploads\/2019\/12\/masa-de-Craciun-in-rosu-vedere-laterala-768x512.jpg 768w, https:\/\/stilorganizat.com\/wp-content\/uploads\/2019\/12\/masa-de-Craciun-in-rosu-vedere-laterala.jpg 1800w\" sizes=\"(max-width: 1024px) 100vw, 1024px\" \/><\/figure>\n\n\n\n<p>Am ad\u0103ugat \u0219i anul acesta c\u00e2teva piese colec\u021biei Toys delight \u0219i iat\u0103 c\u00e2t de frumos se \u00eencadreaz\u0103 \u00een aranjament!<\/p>\n\n\n\n<h2>Organizare<\/h2>\n\n\n\n<p>Dup\u0103 primele discu\u021bii \u0219i la aducerea m\u00e2nc\u0103rii, centrul cu ursule\u021bul de ciocolat\u0103 va poposi pe masa al\u0103turat\u0103. La fel c\u0103nile, dac\u0103 vor fi folosite la ciocolat\u0103 cald\u0103. Dac\u0103 vor g\u0103zdui vinul fiert, vor r\u0103m\u00e2ne pe loc.<\/p>\n\n\n\n<p>Aceasta este masa de Cr\u0103ciun \u00een ro\u0219u. Vesel\u0103, plin\u0103 de culoare, anticip\u00e2nd s\u0103rb\u0103torile ce vor veni.<\/p>\n\n\n\n<figure class=\"wp-block-image\"><img loading=\"lazy\" width=\"1024\" height=\"768\" src=\"https:\/\/stilorganizat.com\/wp-content\/uploads\/2019\/12\/masa-de-Craciun-in-rosu-detalii-1024x768.jpg\" alt=\"masa de Craciun in rosu\" class=\"wp-image-6530\" srcset=\"https:\/\/stilorganizat.com\/wp-content\/uploads\/2019\/12\/masa-de-Craciun-in-rosu-detalii-1024x768.jpg 1024w, https:\/\/stilorganizat.com\/wp-content\/uploads\/2019\/12\/masa-de-Craciun-in-rosu-detalii-300x225.jpg 300w, https:\/\/stilorganizat.com\/wp-content\/uploads\/2019\/12\/masa-de-Craciun-in-rosu-detalii-768x576.jpg 768w, https:\/\/stilorganizat.com\/wp-content\/uploads\/2019\/12\/masa-de-Craciun-in-rosu-detalii.jpg 1800w\" sizes=\"(max-width: 1024px) 100vw, 1024px\" \/><\/figure>\n\n\n\n<p><a href=\"https:\/\/stilorganizat.com\/?p=4131\" target=\"_blank\" rel=\"noreferrer noopener\" aria-label=\"Alt mod de a aranja un \u0219erve\u021bel:  (opens in a new tab)\">Alt mod de a aranja un \u0219erve\u021bel: <\/a><\/p>\n\n\n\n<div class=\"wp-block-image\"><figure class=\"aligncenter\"><img loading=\"lazy\" width=\"621\" height=\"465\" src=\"https:\/\/stilorganizat.com\/wp-content\/uploads\/2015\/12\/servetel-in-forma-de-bradut-11.jpg\" alt=\"servetel in forma de bradut\" class=\"wp-image-4143\" srcset=\"https:\/\/stilorganizat.com\/wp-content\/uploads\/2015\/12\/servetel-in-forma-de-bradut-11.jpg 621w, https:\/\/stilorganizat.com\/wp-content\/uploads\/2015\/12\/servetel-in-forma-de-bradut-11-300x225.jpg 300w\" sizes=\"(max-width: 621px) 100vw, 621px\" \/><\/figure><\/div>\n","protected":false},"excerpt":{"rendered":"<p>Am v\u0103zut \u00een ultimele zile pe internet o mul\u021bime de mese aranjate pentru Cr\u0103ciun. Crede\u021bi-m\u0103, nu mai pot! Prea mult alb \u0219i mereu culori neutre. Neutral, neutral, peste tot. La un moment dat, toate mesele mi-au p\u0103rut c\u0103 arat\u0103 la fel. Sunt f\u0103r\u0103 \u00eendoial\u0103 rafinate, dar, din prea mult\u0103 repeti\u021bie, devin \u00eengrozitor de plicticoase. M-am cam enervat \u0219i am hot\u0103r\u00e2t \u00eentr-o clip\u0103 c\u0103 voi face o mas\u0103 de Cr\u0103ciun \u00een ro\u0219u. Mult ro\u0219u! \u0218i deodat\u0103 mi-a venit ideea centrului de<\/p>\n","protected":false},"author":1,"featured_media":6534,"comment_status":"open","ping_status":"open","sticky":false,"template":"","format":"standard","meta":[],"categories":[38,37,5],"tags":[32,212,129,311],"yoast_head":"<!-- This site is optimized with the Yoast SEO plugin v17.7.1 - https:\/\/yoast.com\/wordpress\/plugins\/seo\/ -->\n<title>Mas\u0103 de Cr\u0103ciun \u00een ro\u0219u - Aranjarea meselor StilOrganizat<\/title>\n<meta name=\"description\" content=\"Cum s\u0103 aranja\u021bi o mas\u0103 de Cr\u0103ciun \u00een ro\u0219u. Va aduce z\u00e2mbetul tuturor pe buze \u0219i nu ve\u021bi face cheltuieli mari pentru a o pune \u00een oper\u0103.\" \/>\n<meta name=\"robots\" content=\"index, follow, max-snippet:-1, max-image-preview:large, max-video-preview:-1\" \/>\n<link rel=\"canonical\" href=\"https:\/\/stilorganizat.com\/?p=6524\" \/>\n<meta property=\"og:locale\" content=\"en_US\" \/>\n<meta property=\"og:type\" content=\"article\" \/>\n<meta property=\"og:title\" content=\"Mas\u0103 de Cr\u0103ciun \u00een ro\u0219u - Aranjarea meselor StilOrganizat\" \/>\n<meta property=\"og:description\" content=\"Cum s\u0103 aranja\u021bi o mas\u0103 de Cr\u0103ciun \u00een ro\u0219u. Va aduce z\u00e2mbetul tuturor pe buze \u0219i nu ve\u021bi face cheltuieli mari pentru a o pune \u00een oper\u0103.\" \/>\n<meta property=\"og:url\" content=\"https:\/\/stilorganizat.com\/?p=6524\" \/>\n<meta property=\"og:site_name\" content=\"StilOrganizat\" \/>\n<meta property=\"article:published_time\" content=\"2019-12-06T20:11:28+00:00\" \/>\n<meta property=\"article:modified_time\" content=\"2019-12-06T20:11:29+00:00\" \/>\n<meta property=\"og:image\" content=\"https:\/\/stilorganizat.com\/wp-content\/uploads\/2019\/12\/masa-in-rosu.jpg\" \/>\n\t<meta property=\"og:image:width\" content=\"1800\" \/>\n\t<meta property=\"og:image:height\" content=\"1183\" \/>\n<meta name=\"twitter:card\" content=\"summary_large_image\" \/>\n<meta name=\"twitter:label1\" content=\"Written by\" \/>\n\t<meta name=\"twitter:data1\" content=\"Ela\" \/>\n\t<meta name=\"twitter:label2\" content=\"Est. reading time\" \/>\n\t<meta name=\"twitter:data2\" content=\"3 minutes\" \/>\n<script type=\"application\/ld+json\" class=\"yoast-schema-graph\">{\"@context\":\"https:\/\/schema.org\",\"@graph\":[{\"@type\":\"WebSite\",\"@id\":\"https:\/\/stilorganizat.com\/#website\",\"url\":\"https:\/\/stilorganizat.com\/\",\"name\":\"StilOrganizat\",\"description\":\"\",\"publisher\":{\"@id\":\"https:\/\/stilorganizat.com\/#\/schema\/person\/925650ea34ea4181154192c09316af88\"},\"potentialAction\":[{\"@type\":\"SearchAction\",\"target\":{\"@type\":\"EntryPoint\",\"urlTemplate\":\"https:\/\/stilorganizat.com\/?s={search_term_string}\"},\"query-input\":\"required name=search_term_string\"}],\"inLanguage\":\"en-US\"},{\"@type\":\"ImageObject\",\"@id\":\"https:\/\/stilorganizat.com\/?p=6524#primaryimage\",\"inLanguage\":\"en-US\",\"url\":\"https:\/\/stilorganizat.com\/wp-content\/uploads\/2019\/12\/masa-in-rosu.jpg\",\"contentUrl\":\"https:\/\/stilorganizat.com\/wp-content\/uploads\/2019\/12\/masa-in-rosu.jpg\",\"width\":1800,\"height\":1183,\"caption\":\"masa de Craciun in rosu\"},{\"@type\":\"WebPage\",\"@id\":\"https:\/\/stilorganizat.com\/?p=6524#webpage\",\"url\":\"https:\/\/stilorganizat.com\/?p=6524\",\"name\":\"Mas\\u0103 de Cr\\u0103ciun \\u00een ro\\u0219u - Aranjarea meselor StilOrganizat\",\"isPartOf\":{\"@id\":\"https:\/\/stilorganizat.com\/#website\"},\"primaryImageOfPage\":{\"@id\":\"https:\/\/stilorganizat.com\/?p=6524#primaryimage\"},\"datePublished\":\"2019-12-06T20:11:28+00:00\",\"dateModified\":\"2019-12-06T20:11:29+00:00\",\"description\":\"Cum s\\u0103 aranja\\u021bi o mas\\u0103 de Cr\\u0103ciun \\u00een ro\\u0219u. Va aduce z\\u00e2mbetul tuturor pe buze \\u0219i nu ve\\u021bi face cheltuieli mari pentru a o pune \\u00een oper\\u0103.\",\"breadcrumb\":{\"@id\":\"https:\/\/stilorganizat.com\/?p=6524#breadcrumb\"},\"inLanguage\":\"en-US\",\"potentialAction\":[{\"@type\":\"ReadAction\",\"target\":[\"https:\/\/stilorganizat.com\/?p=6524\"]}]},{\"@type\":\"BreadcrumbList\",\"@id\":\"https:\/\/stilorganizat.com\/?p=6524#breadcrumb\",\"itemListElement\":[{\"@type\":\"ListItem\",\"position\":1,\"name\":\"Home\",\"item\":\"https:\/\/stilorganizat.com\/\"},{\"@type\":\"ListItem\",\"position\":2,\"name\":\"Organizarea mesei\",\"item\":\"https:\/\/stilorganizat.com\/?cat=5\"},{\"@type\":\"ListItem\",\"position\":3,\"name\":\"Aranjarea meselor\",\"item\":\"https:\/\/stilorganizat.com\/?cat=38\"},{\"@type\":\"ListItem\",\"position\":4,\"name\":\"Mas\\u0103 de Cr\\u0103ciun \\u00een ro\\u0219u\"}]},{\"@type\":\"Article\",\"@id\":\"https:\/\/stilorganizat.com\/?p=6524#article\",\"isPartOf\":{\"@id\":\"https:\/\/stilorganizat.com\/?p=6524#webpage\"},\"author\":{\"@id\":\"https:\/\/stilorganizat.com\/#\/schema\/person\/925650ea34ea4181154192c09316af88\"},\"headline\":\"Mas\\u0103 de Cr\\u0103ciun \\u00een ro\\u0219u\",\"datePublished\":\"2019-12-06T20:11:28+00:00\",\"dateModified\":\"2019-12-06T20:11:29+00:00\",\"mainEntityOfPage\":{\"@id\":\"https:\/\/stilorganizat.com\/?p=6524#webpage\"},\"wordCount\":636,\"commentCount\":8,\"publisher\":{\"@id\":\"https:\/\/stilorganizat.com\/#\/schema\/person\/925650ea34ea4181154192c09316af88\"},\"image\":{\"@id\":\"https:\/\/stilorganizat.com\/?p=6524#primaryimage\"},\"thumbnailUrl\":\"https:\/\/stilorganizat.com\/wp-content\/uploads\/2019\/12\/masa-in-rosu.jpg\",\"keywords\":[\"aranjarea mesei\",\"masa de Craciun\",\"masa festiva\",\"organizarea mesei\"],\"articleSection\":[\"Aranjarea meselor\",\"Featured\",\"Organizarea mesei\"],\"inLanguage\":\"en-US\",\"potentialAction\":[{\"@type\":\"CommentAction\",\"name\":\"Comment\",\"target\":[\"https:\/\/stilorganizat.com\/?p=6524#respond\"]}]},{\"@type\":[\"Person\",\"Organization\"],\"@id\":\"https:\/\/stilorganizat.com\/#\/schema\/person\/925650ea34ea4181154192c09316af88\",\"name\":\"Ela\",\"image\":{\"@type\":\"ImageObject\",\"@id\":\"https:\/\/stilorganizat.com\/#personlogo\",\"inLanguage\":\"en-US\",\"url\":\"https:\/\/secure.gravatar.com\/avatar\/8760904c7f0aa36ea71caf9864f47f82?s=96&d=identicon&r=g\",\"contentUrl\":\"https:\/\/secure.gravatar.com\/avatar\/8760904c7f0aa36ea71caf9864f47f82?s=96&d=identicon&r=g\",\"caption\":\"Ela\"},\"logo\":{\"@id\":\"https:\/\/stilorganizat.com\/#personlogo\"},\"sameAs\":[\"http:\/\/stilorganizat.ro\"]}]}<\/script>\n<!-- \/ Yoast SEO plugin. -->","yoast_head_json":{"title":"Mas\u0103 de Cr\u0103ciun \u00een ro\u0219u - Aranjarea meselor StilOrganizat","description":"Cum s\u0103 aranja\u021bi o mas\u0103 de Cr\u0103ciun \u00een ro\u0219u. Va aduce z\u00e2mbetul tuturor pe buze \u0219i nu ve\u021bi face cheltuieli mari pentru a o pune \u00een oper\u0103.","robots":{"index":"index","follow":"follow","max-snippet":"max-snippet:-1","max-image-preview":"max-image-preview:large","max-video-preview":"max-video-preview:-1"},"canonical":"https:\/\/stilorganizat.com\/?p=6524","og_locale":"en_US","og_type":"article","og_title":"Mas\u0103 de Cr\u0103ciun \u00een ro\u0219u - Aranjarea meselor StilOrganizat","og_description":"Cum s\u0103 aranja\u021bi o mas\u0103 de Cr\u0103ciun \u00een ro\u0219u. Va aduce z\u00e2mbetul tuturor pe buze \u0219i nu ve\u021bi face cheltuieli mari pentru a o pune \u00een oper\u0103.","og_url":"https:\/\/stilorganizat.com\/?p=6524","og_site_name":"StilOrganizat","article_published_time":"2019-12-06T20:11:28+00:00","article_modified_time":"2019-12-06T20:11:29+00:00","og_image":[{"width":1800,"height":1183,"url":"https:\/\/stilorganizat.com\/wp-content\/uploads\/2019\/12\/masa-in-rosu.jpg","type":"image\/jpeg"}],"twitter_card":"summary_large_image","twitter_misc":{"Written by":"Ela","Est. reading time":"3 minutes"},"schema":{"@context":"https:\/\/schema.org","@graph":[{"@type":"WebSite","@id":"https:\/\/stilorganizat.com\/#website","url":"https:\/\/stilorganizat.com\/","name":"StilOrganizat","description":"","publisher":{"@id":"https:\/\/stilorganizat.com\/#\/schema\/person\/925650ea34ea4181154192c09316af88"},"potentialAction":[{"@type":"SearchAction","target":{"@type":"EntryPoint","urlTemplate":"https:\/\/stilorganizat.com\/?s={search_term_string}"},"query-input":"required name=search_term_string"}],"inLanguage":"en-US"},{"@type":"ImageObject","@id":"https:\/\/stilorganizat.com\/?p=6524#primaryimage","inLanguage":"en-US","url":"https:\/\/stilorganizat.com\/wp-content\/uploads\/2019\/12\/masa-in-rosu.jpg","contentUrl":"https:\/\/stilorganizat.com\/wp-content\/uploads\/2019\/12\/masa-in-rosu.jpg","width":1800,"height":1183,"caption":"masa de Craciun in rosu"},{"@type":"WebPage","@id":"https:\/\/stilorganizat.com\/?p=6524#webpage","url":"https:\/\/stilorganizat.com\/?p=6524","name":"Mas\u0103 de Cr\u0103ciun \u00een ro\u0219u - Aranjarea meselor StilOrganizat","isPartOf":{"@id":"https:\/\/stilorganizat.com\/#website"},"primaryImageOfPage":{"@id":"https:\/\/stilorganizat.com\/?p=6524#primaryimage"},"datePublished":"2019-12-06T20:11:28+00:00","dateModified":"2019-12-06T20:11:29+00:00","description":"Cum s\u0103 aranja\u021bi o mas\u0103 de Cr\u0103ciun \u00een ro\u0219u. Va aduce z\u00e2mbetul tuturor pe buze \u0219i nu ve\u021bi face cheltuieli mari pentru a o pune \u00een oper\u0103.","breadcrumb":{"@id":"https:\/\/stilorganizat.com\/?p=6524#breadcrumb"},"inLanguage":"en-US","potentialAction":[{"@type":"ReadAction","target":["https:\/\/stilorganizat.com\/?p=6524"]}]},{"@type":"BreadcrumbList","@id":"https:\/\/stilorganizat.com\/?p=6524#breadcrumb","itemListElement":[{"@type":"ListItem","position":1,"name":"Home","item":"https:\/\/stilorganizat.com\/"},{"@type":"ListItem","position":2,"name":"Organizarea mesei","item":"https:\/\/stilorganizat.com\/?cat=5"},{"@type":"ListItem","position":3,"name":"Aranjarea meselor","item":"https:\/\/stilorganizat.com\/?cat=38"},{"@type":"ListItem","position":4,"name":"Mas\u0103 de Cr\u0103ciun \u00een ro\u0219u"}]},{"@type":"Article","@id":"https:\/\/stilorganizat.com\/?p=6524#article","isPartOf":{"@id":"https:\/\/stilorganizat.com\/?p=6524#webpage"},"author":{"@id":"https:\/\/stilorganizat.com\/#\/schema\/person\/925650ea34ea4181154192c09316af88"},"headline":"Mas\u0103 de Cr\u0103ciun \u00een ro\u0219u","datePublished":"2019-12-06T20:11:28+00:00","dateModified":"2019-12-06T20:11:29+00:00","mainEntityOfPage":{"@id":"https:\/\/stilorganizat.com\/?p=6524#webpage"},"wordCount":636,"commentCount":8,"publisher":{"@id":"https:\/\/stilorganizat.com\/#\/schema\/person\/925650ea34ea4181154192c09316af88"},"image":{"@id":"https:\/\/stilorganizat.com\/?p=6524#primaryimage"},"thumbnailUrl":"https:\/\/stilorganizat.com\/wp-content\/uploads\/2019\/12\/masa-in-rosu.jpg","keywords":["aranjarea mesei","masa de Craciun","masa festiva","organizarea mesei"],"articleSection":["Aranjarea meselor","Featured","Organizarea mesei"],"inLanguage":"en-US","potentialAction":[{"@type":"CommentAction","name":"Comment","target":["https:\/\/stilorganizat.com\/?p=6524#respond"]}]},{"@type":["Person","Organization"],"@id":"https:\/\/stilorganizat.com\/#\/schema\/person\/925650ea34ea4181154192c09316af88","name":"Ela","image":{"@type":"ImageObject","@id":"https:\/\/stilorganizat.com\/#personlogo","inLanguage":"en-US","url":"https:\/\/secure.gravatar.com\/avatar\/8760904c7f0aa36ea71caf9864f47f82?s=96&d=identicon&r=g","contentUrl":"https:\/\/secure.gravatar.com\/avatar\/8760904c7f0aa36ea71caf9864f47f82?s=96&d=identicon&r=g","caption":"Ela"},"logo":{"@id":"https:\/\/stilorganizat.com\/#personlogo"},"sameAs":["http:\/\/stilorganizat.ro"]}]}},"_links":{"self":[{"href":"https:\/\/stilorganizat.com\/index.php?rest_route=\/wp\/v2\/posts\/6524"}],"collection":[{"href":"https:\/\/stilorganizat.com\/index.php?rest_route=\/wp\/v2\/posts"}],"about":[{"href":"https:\/\/stilorganizat.com\/index.php?rest_route=\/wp\/v2\/types\/post"}],"author":[{"embeddable":true,"href":"https:\/\/stilorganizat.com\/index.php?rest_route=\/wp\/v2\/users\/1"}],"replies":[{"embeddable":true,"href":"https:\/\/stilorganizat.com\/index.php?rest_route=%2Fwp%2Fv2%2Fcomments&post=6524"}],"version-history":[{"count":5,"href":"https:\/\/stilorganizat.com\/index.php?rest_route=\/wp\/v2\/posts\/6524\/revisions"}],"predecessor-version":[{"id":6536,"href":"https:\/\/stilorganizat.com\/index.php?rest_route=\/wp\/v2\/posts\/6524\/revisions\/6536"}],"wp:featuredmedia":[{"embeddable":true,"href":"https:\/\/stilorganizat.com\/index.php?rest_route=\/wp\/v2\/media\/6534"}],"wp:attachment":[{"href":"https:\/\/stilorganizat.com\/index.php?rest_route=%2Fwp%2Fv2%2Fmedia&parent=6524"}],"wp:term":[{"taxonomy":"category","embeddable":true,"href":"https:\/\/stilorganizat.com\/index.php?rest_route=%2Fwp%2Fv2%2Fcategories&post=6524"},{"taxonomy":"post_tag","embeddable":true,"href":"https:\/\/stilorganizat.com\/index.php?rest_route=%2Fwp%2Fv2%2Ftags&post=6524"}],"curies":[{"name":"wp","href":"https:\/\/api.w.org\/{rel}","templated":true}]}}