{"id":6485,"date":"2021-11-24T16:44:00","date_gmt":"2021-11-24T13:44:00","guid":{"rendered":"https:\/\/stilorganizat.com\/?p=6485"},"modified":"2021-11-24T21:07:57","modified_gmt":"2021-11-24T18:07:57","slug":"de-facut-in-decembrie-de-craciun","status":"publish","type":"post","link":"https:\/\/stilorganizat.com\/?p=6485","title":{"rendered":"De f\u0103cut \u00een decembrie &#8211; de Cr\u0103ciun"},"content":{"rendered":"\n<p>Totul se \u00eenv\u00e2rte \u00een aceast\u0103 perioad\u0103 \u00een jurul s\u0103rb\u0103torilor. S\u0103 vedem ce avem de f\u0103cut \u00een decembrie &#8211; de Cr\u0103ciun.<\/p>\n\n\n\n<p>Dac\u0103 nu a\u021bi citit <a rel=\"noreferrer noopener\" aria-label=\"articolul de organizare pe noiembrie (opens in a new tab)\" href=\"https:\/\/stilorganizat.com\/?p=6414\" target=\"_blank\">articolul de organizare pe noiembrie<\/a>, e momentul s\u0103 o face\u021bi acum. Ave\u021bi acolo specificate c\u00e2teva sfaturi esen\u021biale de organizare, inclusiv pentru aceast\u0103 perioad\u0103. <\/p>\n\n\n\n<p>Iar acum, decembrie:<\/p>\n\n\n\n<p class=\"has-vivid-red-color has-text-color\"><\/p>\n\n\n\n<h2 class=\"has-text-align-center\">La \u00eenceputul lunii<\/h2>\n\n\n\n<h4 class=\"has-vivid-red-color has-text-color\"><strong>Cadouri \u0219i \u00eempachetarea lor, felicit\u0103ri<\/strong><\/h4>\n\n\n\n<p>Am cump\u0103rat deja cadouri pentru familie. Am luat, de asemenea, dulciuri \u0219i alte c\u00e2teva m\u0103run\u021bi\u0219uri pentru oaspe\u021bi nea\u0219tepta\u021bi. De s\u0103rb\u0103tori, fiecare va trebui s\u0103 g\u0103seasc\u0103 ceva sub brad!<\/p>\n\n\n\n<p>Chiar dac\u0103 mai am de ad\u0103ugat, am sc\u0103pat de stresul acesta foarte mare. M\u0103 voi putea concentra pe cas\u0103 \u0219i pe atmosfera \u00een care doresc s\u0103 \u00eei primesc pe cei dragi.<\/p>\n\n\n\n<p>\u00cen orice caz, v\u0103 va aduce o mare u\u0219urare s\u0103 ave\u021bi deja lista de cadouri scris\u0103.  <\/p>\n\n\n\n<p>Ave\u021bi timp acum chiar s\u0103 realizati&nbsp;singuri anumite cadouri: de la pr\u0103jituri \u0219i felicit\u0103ri&nbsp;la ornamente festive. <\/p>\n\n\n\n<p>\u00cen plus, dac\u0103 vre\u021bi s\u0103 trimite\u021bi prin po\u0219t\u0103 felicit\u0103ri, tot acum este momentul s\u0103 le cump\u0103ra\u021bi \u0219i s\u0103 le scrie\u021bi.<\/p>\n\n\n\n<p>Alc\u0103tui\u021bi, de asemenea, o list\u0103 cu persoanele c\u0103rora le ve\u021bi trimite mail-uri, sms-uri. Concepeti deja mesajele \u0219i p\u0103stra\u021bi-le memorate, astfel \u00eenc\u00e2t \u00een zilele din preajma s\u0103rb\u0103torilor doar s\u0103 le transmite\u021bi. <\/p>\n\n\n\n<p class=\"has-text-color\" style=\"color:#217d72\"><\/p>\n\n\n\n<h4 class=\"has-vivid-red-color has-text-color\"><strong>Stabilirea meniurilor \u0219i cump\u0103r\u0103turi de f\u0103cut \u00een decembrie <\/strong><\/h4>\n\n\n\n<p>Pentru noi, cei care st\u0103m acas\u0103 \u0219i primim musafiri, bucuria de a fi cu cei dragi presupune munc\u0103, g\u0103tit \u0219i aranjat mese \u00een serii. De organizarea acestor activit\u0103\u021bi depinde starea noastr\u0103 de bine. De prea multe ori s\u0103rb\u0103torile implic\u0103 surmenaj \u0219i sentimente de ne\u00eemplinire dac\u0103 uneori lucrurile nu merg a\u0219a cum ne dorim. <\/p>\n\n\n\n<p>Trebuie s\u0103 pornim de la premisa c\u0103 nu e posibil ca totul s\u0103 fie perfect! Uneori, chiar incidentele (care se termin\u0103 cu bine!) vor fi amintiri amuzante. <\/p>\n\n\n\n<h5><em><strong>Organizarea meniurilor<\/strong><\/em><\/h5>\n\n\n\n<p>\u00cen ceea ce m\u0103 prive\u0219te, experien\u021ba combinat\u0103 cu spiritul de organizare au creionat o anumit\u0103 tactic\u0103 pentru aceast\u0103 perioad\u0103.<\/p>\n\n\n\n<p>Mai \u00eent\u00e2i fac ordine \u0219i cur\u0103\u021b frigiderul, congelatorul si c\u0103mara inainte de a \u00eencepe aprovizionarea pentru s\u0103rbatori, \u00een trei etape. Citi\u021bi mai multe \u00een <a rel=\"noreferrer noopener\" aria-label=\"articolul despre noiembrie, pentru c\u0103 este o ac\u021biune \u00eenceput\u0103 atunci. (opens in a new tab)\" href=\"https:\/\/stilorganizat.com\/?p=6414\" target=\"_blank\">articolul despre noiembrie, pentru c\u0103 este o ac\u021biune \u00eenceput\u0103 atunci.<\/a><\/p>\n\n\n\n<p><a aria-label=\"Acolo g\u0103si\u021bi multe detalii despre cele trei etape de aprovizionare. (opens in a new tab)\" href=\"https:\/\/stilorganizat.com\/?p=6414\" target=\"_blank\" rel=\"noreferrer noopener\">Acolo g\u0103si\u021bi detalii despre cele trei etape de aprovizionare.<\/a><\/p>\n\n\n\n<figure class=\"wp-block-image\"><img loading=\"lazy\" width=\"1024\" height=\"732\" src=\"https:\/\/stilorganizat.com\/wp-content\/uploads\/2019\/04\/organizarea-frigiderului-1024x732.jpg\" alt=\"organizarea frigiderului\" class=\"wp-image-5984\" srcset=\"https:\/\/stilorganizat.com\/wp-content\/uploads\/2019\/04\/organizarea-frigiderului-1024x732.jpg 1024w, https:\/\/stilorganizat.com\/wp-content\/uploads\/2019\/04\/organizarea-frigiderului-300x214.jpg 300w, https:\/\/stilorganizat.com\/wp-content\/uploads\/2019\/04\/organizarea-frigiderului-768x549.jpg 768w, https:\/\/stilorganizat.com\/wp-content\/uploads\/2019\/04\/organizarea-frigiderului.jpg 1801w\" sizes=\"(max-width: 1024px) 100vw, 1024px\" \/><figcaption><a href=\"https:\/\/stilorganizat.com\/?p=4131\" target=\"_blank\" rel=\"noreferrer noopener\" aria-label=\"Organizarea frigiderului (opens in a new tab)\">Organizarea frigiderului<\/a><\/figcaption><\/figure>\n\n\n\n<p>La \u00eenceputul lunii decembrie stabilesc meniul pentru zilele festive. \u00cen acest fel am clar\u0103 lista de ingrediente \u0219i cump\u0103r doar alimentele proaspete de care am nevoie. Nu supra\u00eencarc frigiderul cu lucruri pe care m\u0103 voi chinui apoi s\u0103 le consum sau le voi arunca. <\/p>\n\n\n\n<p>Pentru aceast\u0103 perioad\u0103, cel mai bun mi se pare modelul cu o masa festiv\u0103 bogat\u0103 \u0219i dou\u0103 gust\u0103ri pe zi.  Cel pu\u021bin, acesta este modelul care se potrive\u0219te cel mai bine familiei noastre. Fiecare membru are propria agend\u0103 social\u0103 \u00een aceast\u0103 perioad\u0103. Astfel c\u0103 stabilim un moment al zilei \u00een care s\u0103 ne reunim cu to\u021bii. Aceasta este masa principal\u0103. Iar gust\u0103rile sunt menite a fi accesate de fiecare (sau \u00eempreun\u0103) dup\u0103 propriul program.<\/p>\n\n\n\n<p class=\"has-text-color\" style=\"color:#217465\"><\/p>\n\n\n\n<div class=\"wp-block-image\"><figure class=\"aligncenter\"><img loading=\"lazy\" width=\"621\" height=\"465\" src=\"https:\/\/stilorganizat.com\/wp-content\/uploads\/2015\/12\/Craciun-2015-12.jpg\" alt=\"Craciun 2015\" class=\"wp-image-4179\" srcset=\"https:\/\/stilorganizat.com\/wp-content\/uploads\/2015\/12\/Craciun-2015-12.jpg 621w, https:\/\/stilorganizat.com\/wp-content\/uploads\/2015\/12\/Craciun-2015-12-300x225.jpg 300w\" sizes=\"(max-width: 621px) 100vw, 621px\" \/><\/figure><\/div>\n\n\n\n<h5><em><strong>\u00censu\u0219irile meniurilor<\/strong><\/em><\/h5>\n\n\n\n<p>Meniurile stabilite \u00een decembrie &#8211; de Cr\u0103ciun &#8211; trebuie s\u0103 aib\u0103 ni\u0219te caracteristici anume. \u00cen acest fel ne simplific\u0103m via\u021ba \u0219i ne eliber\u0103m timpul pentru a sim\u021bi bucuria s\u0103rb\u0103torilor.<\/p>\n\n\n\n<p>Ele trebuie s\u0103 fie un mix de:<\/p>\n\n\n\n<ul><li>alimente care se preg\u0103tesc \u00eenainte (fursecuri, blaturi), semi-preparate care se pot pune la congelator;<\/li><li>alimente care se pot prepara cu o zi \u00eenainte de mese;<\/li><li>doar o mic\u0103 parte din m\u00e2nc\u0103ruri care s\u0103 fie preg\u0103tite \u00een ziua respectiv\u0103.<\/li><\/ul>\n\n\n\n<p>De m\u0103iestria alc\u0103tuirii acestui mix va depinde \u00een mare parte \u0219i mic\u0219orarea stresului \u0219i a oboselii. <\/p>\n\n\n\n<p>Desigur, multe preparate se pot comanda, dar eu (\u00eenc\u0103) prefer s\u0103 le g\u0103tesc pe cele mai multe acas\u0103. <\/p>\n\n\n\n<p>Coc dulciuri cu ceva timp \u00eenaintea Cr\u0103ciunului, dar p\u0103strez re\u021bete de pr\u0103jituri, foarte simple, de f\u0103cut pe moment. Calculez mental, uneori chiar pe h\u0103rtie, timpul necesar prepar\u0103rii alimentelor. Apoi descarc meniurile de m\u00e2nc\u0103ruri ce ar lua prea mult timp. <\/p>\n\n\n\n<p>Bucuria conceperii unei mese trebuie s\u0103 se uneasc\u0103 cu lejeritatea preg\u0103tirii ei!<\/p>\n\n\n\n<h4 class=\"has-vivid-red-color has-text-color\"><strong>Vesela pentru mesele din decembrie &#8211; de Cr\u0103ciun<\/strong><\/h4>\n\n\n\n<p>\u00cemi place s\u0103 aranjez mese speciale de s\u0103rb\u0103tori. De aceea am alc\u0103tuit o colec\u021bie frumoas\u0103 de farfurii cu decoruri pentru fiecare sezon.<\/p>\n\n\n\n<p>\u00cemi dau seama c\u0103 nu mul\u021bi au astfel de pasiune pentru ceramic\u0103 \u0219i por\u021belan \u0219i nu colec\u021bioneaz\u0103 ca mine.<\/p>\n\n\n\n<div class=\"wp-block-image\"><figure class=\"aligncenter\"><img loading=\"lazy\" width=\"1024\" height=\"728\" src=\"https:\/\/stilorganizat.com\/wp-content\/uploads\/2019\/01\/Craciun-2018-1024x728.jpg\" alt=\"Craciun 2018\" class=\"wp-image-5586\" srcset=\"https:\/\/stilorganizat.com\/wp-content\/uploads\/2019\/01\/Craciun-2018-1024x728.jpg 1024w, https:\/\/stilorganizat.com\/wp-content\/uploads\/2019\/01\/Craciun-2018-300x213.jpg 300w, https:\/\/stilorganizat.com\/wp-content\/uploads\/2019\/01\/Craciun-2018-768x546.jpg 768w, https:\/\/stilorganizat.com\/wp-content\/uploads\/2019\/01\/Craciun-2018.jpg 1800w\" sizes=\"(max-width: 1024px) 100vw, 1024px\" \/><\/figure><\/div>\n\n\n\n<p>\u00cen schimb, \u00ee\u0219i dau toat\u0103 arta \u00een a preg\u0103ti feluri de m\u00e2ncare memorabile. Chiar \u00een cazul unor seturi albe, simple, e necesar s\u0103 face\u021bi inventarul tuturor elementelor necesare mesei. Apoi s\u0103 le completa\u021bi. S\u0103 ad\u0103uga\u021bi \u0219erve\u021bele de sezon, lum\u00e2n\u0103ri festive, s\u0103 c\u0103lca\u021bi \u0219ervetele de p\u00e2nz\u0103 \u0219i fe\u021bele de mas\u0103.<\/p>\n\n\n\n<p>O mas\u0103 \u00eengrijit\u0103 va aduce senin\u0103tate \u0219i z\u00e2mbetul pe buzele tuturor.<\/p>\n\n\n\n<p>O tem\u0103 care s\u0103 amuze asisten\u021ba ar anima atmosfera din start. A\u0219a c\u0103 g\u00e2ndi\u021bi &#8220;outside the box&#8221; \u0219i, \u00een func\u021bie de oaspe\u021bi, g\u0103si\u021bi elemente interesante de ad\u0103ugat.<\/p>\n\n\n\n<figure class=\"wp-block-image size-large\"><img loading=\"lazy\" width=\"1024\" height=\"673\" src=\"https:\/\/stilorganizat.com\/wp-content\/uploads\/2019\/12\/masa-in-rosu-1024x673.jpg\" alt=\"masa de Craciun in rosu\" class=\"wp-image-6534\" srcset=\"https:\/\/stilorganizat.com\/wp-content\/uploads\/2019\/12\/masa-in-rosu-1024x673.jpg 1024w, https:\/\/stilorganizat.com\/wp-content\/uploads\/2019\/12\/masa-in-rosu-300x197.jpg 300w, https:\/\/stilorganizat.com\/wp-content\/uploads\/2019\/12\/masa-in-rosu-768x505.jpg 768w, https:\/\/stilorganizat.com\/wp-content\/uploads\/2019\/12\/masa-in-rosu.jpg 1800w\" sizes=\"(max-width: 1024px) 100vw, 1024px\" \/><figcaption><a href=\"https:\/\/stilorganizat.com\/?p=6524\" target=\"_blank\" aria-label=\"undefined (opens in a new tab)\" rel=\"noreferrer noopener\">Mas\u0103 \u00een ro\u0219u &#8211; da\u021bi click pentru link<\/a><\/figcaption><\/figure>\n\n\n\n<div class=\"wp-block-image\"><figure class=\"aligncenter\"><img loading=\"lazy\" width=\"620\" height=\"465\" src=\"https:\/\/stilorganizat.com\/wp-content\/uploads\/2014\/01\/centru-de-masa-cu-conifere-1.jpg\" alt=\"centru de masa cu conifere\" class=\"wp-image-2883\" srcset=\"https:\/\/stilorganizat.com\/wp-content\/uploads\/2014\/01\/centru-de-masa-cu-conifere-1.jpg 620w, https:\/\/stilorganizat.com\/wp-content\/uploads\/2014\/01\/centru-de-masa-cu-conifere-1-300x225.jpg 300w\" sizes=\"(max-width: 620px) 100vw, 620px\" \/><\/figure><\/div>\n\n\n\n<h4 class=\"has-vivid-red-color has-text-color\"><strong>Preg\u0103tirea pentru musafiri<\/strong><\/h4>\n\n\n\n<p>C\u00e2nd renovarea interioar\u0103 a casei era \u00een toi, am sim\u021bit nevoia mai mult ca oric\u00e2nd s\u0103 m\u0103 organizez pentru musafiri. Era decembrie &#8211; de Cr\u0103ciun, iar eu tr\u0103iam \u00een mijlocul haosului.<\/p>\n\n\n\n<p>Uit\u00e2ndu-m\u0103 iar pe acel articol, <a rel=\"noreferrer noopener\" aria-label=\"\u00eemi dau seama c\u0103 principiile expuse se aplic\u0103 oricui, a\u0219a c\u0103 v\u0103 recomand s\u0103 \u00eel citi\u021bi. (opens in a new tab)\" href=\"https:\/\/stilorganizat.com\/?p=5194\" target=\"_blank\">\u00eemi dau seama c\u0103 principiile expuse se aplic\u0103 oricui, a\u0219a c\u0103 vi-l recomand.<\/a><\/p>\n\n\n\n<h2><\/h2>\n\n\n\n<p>Alte c\u00e2teva lucruri de amintit:<\/p>\n\n\n\n<ul><li>Arunca\u021bi o privire peste spa\u021biile \u00een care vor intra musafirii \u0219i \u021bine\u021bi la \u00eendem\u00e2n\u0103 obiecte de cur\u0103\u021bat pentru a interveni rapid \u00een caz de nevoie.<\/li><li>\u021aine\u021bi la \u00eendem\u00e2n\u0103 un co\u0219 dr\u0103gu\u021b \u0219i \u00eenc\u0103p\u0103tor \u00een care s\u0103 pune\u021bi repede lucruri aruncate prin cas\u0103: ambalaje de cadouri, p\u0103turi, juc\u0103rii etc. Apoi le ve\u021bi duce la locurile lor c\u00e2nd ve\u021bi avea un pic de timp la dispozi\u021bie.<\/li><li>Ma\u0219ina de sp\u0103lat e ideal\u0103 pentru a \u00eenghi\u021bi vasele murdare. Dac\u0103 nu ave\u021bi una, e bun un lighean pe care s\u0103 \u00eel piti\u021bi undeva.<\/li><li>A\u0219eza\u021bi vesela \u00een a\u0219a fel \u00eenc\u00e2t s\u0103 fie folosit\u0103 comod. Grupa\u021bi ce\u0219ti, c\u0103ni, pahare la \u00eendem\u00e2n\u0103 pentru a le putea&nbsp;utiliza cu u\u0219urin\u021b\u0103.&nbsp;&nbsp;&nbsp; <\/li><li>Vesela pentru masa de Cr\u0103ciun o pute\u021bi aranja de seara. Diminea\u021ba v\u0103 ve\u021bi bucura mai mult de timpul petrecut cu ceilal\u021bi. <\/li><li>Pentru oaspe\u021bii care \u00eennopteaz\u0103, preg\u0103ti\u021bi dinainte seturi de lenjerii, prosoape, cosmetice pe care s\u0103 le folosi\u021bi la momentul oportun. Elimina\u021bi astfel un stres major. Nu ve\u021bi mai alerga de colo-colo s\u0103 aduce\u021bi tot ce e necesar, cu musafirii de fa\u021b\u0103. Plus c\u0103 e posibil ca tocmai atunci s\u0103 nu g\u0103si\u021bi ceva adecvat sau s\u0103 uita\u021bi un element important.<\/li><\/ul>\n\n\n\n<div class=\"wp-block-image\"><figure class=\"aligncenter\"><img loading=\"lazy\" width=\"1024\" height=\"683\" src=\"https:\/\/stilorganizat.com\/wp-content\/uploads\/2019\/02\/baia-pentru-musafiri-7-1024x683.jpg\" alt=\"baia pentru musafiri\" class=\"wp-image-5788\" srcset=\"https:\/\/stilorganizat.com\/wp-content\/uploads\/2019\/02\/baia-pentru-musafiri-7-1024x683.jpg 1024w, https:\/\/stilorganizat.com\/wp-content\/uploads\/2019\/02\/baia-pentru-musafiri-7-300x200.jpg 300w, https:\/\/stilorganizat.com\/wp-content\/uploads\/2019\/02\/baia-pentru-musafiri-7-768x512.jpg 768w, https:\/\/stilorganizat.com\/wp-content\/uploads\/2019\/02\/baia-pentru-musafiri-7.jpg 1800w\" sizes=\"(max-width: 1024px) 100vw, 1024px\" \/><\/figure><\/div>\n\n\n\n<h4 class=\"has-vivid-red-color has-text-color\"><strong>Aranjarea bradului \u0219i a decorurilor de Cr\u0103ciun<\/strong><\/h4>\n\n\n\n<p>\u00cen luna noiembrie scrisesem c\u0103 voi monta deja lumini\u021bele. Afla\u021bi c\u0103 am reu\u0219it s\u0103 scot din cutii, de asemenea,  toate decorurile \u0219i s\u0103 le aranjez prin cas\u0103 \u0219i pe afar\u0103. M-am bucurat s\u0103 rev\u0103d podoabe cump\u0103rate de-a lungul anilor. Le-am scos din cutiile de lux pe care le-am confec\u021bionat singur\u0103. <\/p>\n\n\n\n<p>\u0218i \u00een acest an \u00eemi voi face timp, st\u00e2nd la un film, s\u0103 ornez c\u00e2teva pentru pre\u021bioasele decoruri de Cr\u0103ciun. (Chiar glumeam cu so\u021bul meu c\u0103 nici la Jelmoli &#8211; tipul de magazin universal de lux din Zurich &#8211; nu aveau cutii at\u00e2t de rafinate.) <\/p>\n\n\n\n<div class=\"wp-block-image\"><figure class=\"aligncenter\"><img loading=\"lazy\" width=\"1024\" height=\"768\" src=\"https:\/\/stilorganizat.com\/wp-content\/uploads\/2019\/01\/cutii-de-globuri-1024x768.jpg\" alt=\"cutii pentru globuri\" class=\"wp-image-5598\" srcset=\"https:\/\/stilorganizat.com\/wp-content\/uploads\/2019\/01\/cutii-de-globuri-1024x768.jpg 1024w, https:\/\/stilorganizat.com\/wp-content\/uploads\/2019\/01\/cutii-de-globuri-300x225.jpg 300w, https:\/\/stilorganizat.com\/wp-content\/uploads\/2019\/01\/cutii-de-globuri-768x576.jpg 768w, https:\/\/stilorganizat.com\/wp-content\/uploads\/2019\/01\/cutii-de-globuri.jpg 1800w\" sizes=\"(max-width: 1024px) 100vw, 1024px\" \/><figcaption>Cutii pentru globuri DIY<\/figcaption><\/figure><\/div>\n\n\n\n<p><a href=\"https:\/\/stilorganizat.com\/?p=4940\" target=\"_blank\" rel=\"noreferrer noopener\" aria-label=\"Citi\u021bi cum le pute\u021bi confec\u021biona; e at\u00e2t de u\u0219or! (opens in a new tab)\">Citi\u021bi cum le pute\u021bi confec\u021biona; e at\u00e2t de u\u0219or!<\/a><\/p>\n\n\n\n<p>Aranjarea decorurilor de la \u00eenceputul lunii decembrie (sau de la sf\u00e2r\u0219itul lui noiembrie, \u00een cazul meu!) are mai multe avantaje:<\/p>\n\n\n\n<ul><li>bucuria de a intra mai devreme \u00een spiritul s\u0103rb\u0103torilor de iarn\u0103;<\/li><li>constatarea din vreme a lucrurilor ce lipsesc sau ar mai trebui ad\u0103ugate. A\u0219a e timp mai mult la dispozi\u021bie pentru cump\u0103rarea sau confec\u021bionarea lor;<\/li><li>presiunea pe timpul (limitat) al lunii decembrie scade.<\/li><\/ul>\n\n\n\n<p>Tot aici trebuie s\u0103 adaug muzica. E foarte simplu acum s\u0103 c\u0103uta\u021bi pe internet programe de sezon \u0219i s\u0103 le salva\u021bi pe cele care v-au pl\u0103cut mai mult.<\/p>\n\n\n\n<h4 class=\"has-vivid-red-color has-text-color\"><strong>Garderoba<\/strong><\/h4>\n\n\n\n<p>E o perioad\u0103 de vizite, de petreceri, de serb\u0103ri, de c\u0103l\u0103torii, p\u00e2n\u0103 dup\u0103 Anul Nou. Trebuie s\u0103 v\u0103 g\u00e2ndi\u021bi deja cu ce v\u0103 ve\u021bi \u00eembr\u0103ca \u0219i s\u0103 completa\u021bi ce v\u0103 lipse\u0219te. Dac\u0103 l\u0103sa\u021bi aceste lucruri pe ultima sut\u0103 de metri, v\u0103 va stresa inutil subiectul.<\/p>\n\n\n\n<h2 class=\"has-text-align-center\">Mijlocul lunii decembrie<\/h2>\n\n\n\n<p>Cu toate preg\u0103tirile de mai sus (aproape) realizate, ave\u021bi mai mult timp s\u0103 v\u0103 bucura\u021bi de spiritul Cr\u0103ciunului. Fie c\u0103 aceasta presupune \u00eent\u00e2lniri cu prietenii, concerte, ajutor dat celor care au nevoie, plimb\u0103ri sau tot ce crede\u021bi de cuviin\u021b\u0103 s\u0103 face\u021bi de s\u0103rb\u0103tori, ve\u021bi gusta din plin din ele. Ve\u021bi fi elibera\u021bi de mare parte din stresul acelor activit\u0103\u021bi de care nu ave\u021bi sc\u0103pare (dac\u0103 nu face\u021bi parte dintre pu\u021binii noroco\u0219i).<\/p>\n\n\n\n<p>Ave\u021bi r\u0103gaz acum s\u0103 lucra\u021bi la detalii pentru oricare din punctele enumerate mai sus.<\/p>\n\n\n\n<p>Cump\u0103ra\u021bi alimentele perisabile.<\/p>\n\n\n\n<p>Termina\u021bi de \u00eempachetat toate cadourile.<\/p>\n\n\n\n<h2 class=\"has-text-align-center\">Cr\u0103ciunul<\/h2>\n\n\n\n<h4 class=\"has-vivid-red-color has-text-color\"><strong>Felicit\u0103ri<\/strong><\/h4>\n\n\n\n<p>Trimite\u021bi \u00een ajun mailurile \u0219i sms-urile pe care le-a\u021bi conceput. Astfel, nu ve\u021bi fi distra\u0219i de la evenimentele din cas\u0103, de Cr\u0103ciun.<\/p>\n\n\n\n<h4 class=\"has-vivid-red-color has-text-color\"><strong>Mesele<\/strong><\/h4>\n\n\n\n<p>Am \u00eenv\u0103\u021bat multe&nbsp;despre mese \u00een at\u00e2\u021bia ani \u00een care am citit \u0219i am experimentat aranjamente, re\u021bete, mode \u0219i stiluri. Am devenit mai flexibil\u0103 \u0219i m\u0103 g\u00e2ndesc mereu la modalit\u0103\u021bi de a angrena oaspe\u021bii \u00een desf\u0103\u0219urarea activit\u0103\u021bilor din buc\u0103t\u0103rie. Bine\u00een\u021beles c\u0103 masa va fi asezat\u0103 atunci c\u00e2nd musafirii intr\u0103 pe u\u0219\u0103! C\u0103 va trebui s\u0103 fie frumoas\u0103, s\u0103 arate c\u0103 eu, ca gazd\u0103, mi-am dorit s\u0103 \u00eei fac s\u0103 se simta iubi\u021bi \u0219i respecta\u021bi! Dar felurile de m\u00e2ncare aflate \u00een desf\u0103\u0219urarea acesteia nu trebuie s\u0103 se loveasc\u0103 de un protocol rigid. Suntem noi \u0219i familia noastr\u0103, prietenii no\u0219tri, astfel c\u0103 ne putem ajuta pentru ca toat\u0103 lumea s\u0103 fie destins\u0103 \u0219i vesel\u0103.<\/p>\n\n\n\n<p>Ca tradi\u021bie, avem o mas\u0103 festiv\u0103 \u00een noaptea de ajun doar noi \u0219i copiii, apoi, \u00een ziua de Cr\u0103ciun, ne reunim cu familia extins\u0103. Urmeaz\u0103 zile cu musafiri sau \u00een care suntem doar noi.<\/p>\n\n\n\n<p>Am conceput acum, dup\u0103 renovare, locuri mai multe destinate preg\u0103tirii b\u0103uturilor, acces\u0103rii gust\u0103rilor \u0219i obiectelor pentru servire. <\/p>\n\n\n\n<div class=\"wp-block-image\"><figure class=\"aligncenter\"><img loading=\"lazy\" width=\"620\" height=\"465\" src=\"https:\/\/stilorganizat.com\/wp-content\/uploads\/2015\/12\/servetel-in-forma-de-bradut-10.jpg\" alt=\"servetel in forma de bradut\" class=\"wp-image-4142\" srcset=\"https:\/\/stilorganizat.com\/wp-content\/uploads\/2015\/12\/servetel-in-forma-de-bradut-10.jpg 620w, https:\/\/stilorganizat.com\/wp-content\/uploads\/2015\/12\/servetel-in-forma-de-bradut-10-300x225.jpg 300w\" sizes=\"(max-width: 620px) 100vw, 620px\" \/><figcaption><a href=\"https:\/\/stilorganizat.com\/?p=4131\" target=\"_blank\" rel=\"noreferrer noopener\" aria-label=\"\u0218erve\u021bel \u00een form\u0103 de br\u0103du\u021b (opens in a new tab)\">\u0218erve\u021bel \u00een form\u0103 de br\u0103du\u021b<\/a><\/figcaption><\/figure><\/div>\n\n\n\n<h4 class=\"has-text-align-left has-vivid-red-color has-text-color\"><strong>\u00cendemn pentru Cr\u0103ciun<\/strong><\/h4>\n\n\n\n<p>\u00cen ziua respectiv\u0103 bucura\u021bi-v\u0103 c\u00e2t pute\u021bi de cei dragi, de familie, de prieteni. <\/p>\n\n\n\n<p>Nu v\u0103 sim\u021bi\u021bi singur nici dac\u0103 nu ave\u021bi niciun tovar\u0103\u0219 acas\u0103! Cu mijloacele de comunicare de ast\u0103zi nu mai trebuie dec\u00e2t un efort de un click s\u0103 intra\u021bi \u00een leg\u0103tura cu cei pe care vi-i dori\u021bi aproape. \u00cemi amintesc de s\u0103rb\u0103tori la care un membru al familiei era prezent pe zoom, a\u0219ezat la mas\u0103 prin laptop. <\/p>\n\n\n\n<p>Singur e cel care \u00eei respinge pe ceilal\u021bi \u0219i se izoleaz\u0103 de bun\u0103voie. <\/p>\n\n\n\n<p>Sau cel care, prin for\u021ba \u00eemprejur\u0103rilor, nu mai poate lua leg\u0103tura cu nimeni. <\/p>\n\n\n\n<p>Nu \u0219i cel ce se nimere\u0219te a fi f\u0103r\u0103 altcineva l\u00e2ng\u0103 el.<\/p>\n\n\n\n<p>Pentru cei care nu se mai pot deplasa, merge\u021bi c\u0103tre ei! <\/p>\n\n\n\n<p>Bucura\u021bi-v\u0103 c\u00e2t pute\u021bi de aceste zile, dar g\u0103si\u021bi un pic de timp pentru a fotografia sau a scrie impresii la cald. Amintirile sunt de nepre\u021buit \u0219i vor constitui hran\u0103 pentru suflet mult timp de acum \u00eencolo. <\/p>\n\n\n\n<p>Decorurile, \u00eent\u00e2mpl\u0103rile nostime, m\u00e2nc\u0103rurile deosebite, aranjamentele interesante vor fi exemple pentru evenimentele viitoare. E p\u0103cat s\u0103 se piard\u0103 magia odat\u0103 ce amintirile se \u00eence\u021bo\u0219eaz\u0103.<\/p>\n\n\n\n<p> <\/p>\n\n\n\n<h2 class=\"has-text-align-center\">Sf\u00e2r\u0219itul lui decembrie &#8211; de Cr\u0103ciun \u0219i dup\u0103<\/h2>\n\n\n\n<p>Pu\u021bin\u0103 ordine \u0219i cur\u0103\u021benie trebuie f\u0103cute pe toat\u0103 perioada s\u0103rb\u0103torilor. Ambalajele de cadouri, mesele nestr\u00e2nse, juc\u0103riile \u00een curs de a fi montate, gust\u0103rile peste tot prin cas\u0103, pot crea un aspect dezordonat dar care, din fericire, se \u00eenl\u0103tur\u0103 u\u0219or. <\/p>\n\n\n\n<p>Cel mai important \u00een aceste zile este \u00eens\u0103 s\u0103 petrece\u021bi c\u00e2t mai mult timp cu cei dragi. <\/p>\n\n\n\n<p>Conversa\u021bi cu ei!<\/p>\n\n\n\n<p>G\u0103si\u021bi punctele de convergen\u021b\u0103!<\/p>\n\n\n\n<p>\u00cenc\u0103rca\u021bi-v\u0103 cu binele pe care doar familia \u0219i prietenii \u00eel pot rev\u0103rsa asupra voastr\u0103!<\/p>\n\n\n\n<p>Iar dac\u0103 ve\u021bi g\u0103si momente de solitudine, vor fi de nepre\u021buit \u0219i acestea, pentru c\u0103 vor fi momente de reflec\u021bie a ceea ce a fost \u00een anul ce a trecut \u0219i la ce va urma \u00een viitor.<\/p>\n\n\n\n<p>Programul de s\u0103rb\u0103tori va continua cu Anul Nou \u0219i cu o pleiad\u0103 de zile onomastice pe care fiecare le va petrece acas\u0103 sau \u00een deplasare. Iar sfaturile de mai sus se pot replica pentru fiecare dintre ele.<\/p>\n\n\n\n<p>Acest articol se cite\u0219te \u00een coresponden\u021b\u0103 cu:<\/p>\n\n\n\n<p><a href=\"https:\/\/stilorganizat.com\/?p=6414\" target=\"_blank\" rel=\"noreferrer noopener\" aria-label=\"De f\u0103cut \u00een noiembrie (opens in a new tab)\">De f\u0103cut \u00een noiembrie<\/a> (primele preparative pentru s\u0103rb\u0103tori)<\/p>\n\n\n\n<p><a href=\"https:\/\/stilorganizat.com\/?p=5194\" target=\"_blank\" rel=\"noreferrer noopener\" aria-label=\"Preg\u0103ti\u021bi pentru musafiri? (opens in a new tab)\">Preg\u0103ti\u021bi pentru musafiri?<\/a><\/p>\n\n\n\n<p><a href=\"https:\/\/stilorganizat.com\/?p=6542\" target=\"_blank\" rel=\"noreferrer noopener\">Organizarea pentru servirea musafirilor.<\/a><\/p>\n\n\n\n<figure class=\"wp-block-image\"><img loading=\"lazy\" width=\"1024\" height=\"733\" src=\"https:\/\/stilorganizat.com\/wp-content\/uploads\/2019\/11\/decembrie-de-Craciun-1024x733.jpg\" alt=\"decembrie - de Craciun\" class=\"wp-image-6510\" srcset=\"https:\/\/stilorganizat.com\/wp-content\/uploads\/2019\/11\/decembrie-de-Craciun-1024x733.jpg 1024w, https:\/\/stilorganizat.com\/wp-content\/uploads\/2019\/11\/decembrie-de-Craciun-300x215.jpg 300w, https:\/\/stilorganizat.com\/wp-content\/uploads\/2019\/11\/decembrie-de-Craciun-768x550.jpg 768w, https:\/\/stilorganizat.com\/wp-content\/uploads\/2019\/11\/decembrie-de-Craciun.jpg 1800w\" sizes=\"(max-width: 1024px) 100vw, 1024px\" \/><\/figure>\n\n\n\n<p><\/p>\n","protected":false},"excerpt":{"rendered":"<p>Totul se \u00eenv\u00e2rte \u00een aceast\u0103 perioad\u0103 \u00een jurul s\u0103rb\u0103torilor. S\u0103 vedem ce avem de f\u0103cut \u00een decembrie &#8211; de Cr\u0103ciun. Dac\u0103 nu a\u021bi citit articolul de organizare pe noiembrie, e momentul s\u0103 o face\u021bi acum. Ave\u021bi acolo specificate c\u00e2teva sfaturi esen\u021biale de organizare, inclusiv pentru aceast\u0103 perioad\u0103. Iar acum, decembrie: La \u00eenceputul lunii Cadouri \u0219i \u00eempachetarea lor, felicit\u0103ri Am cump\u0103rat deja cadouri pentru familie. Am luat, de asemenea, dulciuri \u0219i alte c\u00e2teva m\u0103run\u021bi\u0219uri pentru oaspe\u021bi nea\u0219tepta\u021bi. De s\u0103rb\u0103tori, fiecare va<\/p>\n","protected":false},"author":1,"featured_media":6510,"comment_status":"open","ping_status":"open","sticky":false,"template":"","format":"standard","meta":[],"categories":[57,37,45],"tags":[370,368,252,212,369,136],"yoast_head":"<!-- This site is optimized with the Yoast SEO plugin v17.7.1 - https:\/\/yoast.com\/wordpress\/plugins\/seo\/ -->\n<title>De f\u0103cut \u00een decembrie - de Cr\u0103ciun - Craciunul - StilOrganizat<\/title>\n<meta name=\"description\" content=\"Organizarea activit\u0103\u021bilor pe care le ave\u021bi de f\u0103cut \u00een decembrie, de Cr\u0103ciun, pentru a v\u0103 putea bucura din plin de s\u0103rb\u0103tori\" \/>\n<meta name=\"robots\" content=\"index, follow, max-snippet:-1, max-image-preview:large, max-video-preview:-1\" \/>\n<link rel=\"canonical\" href=\"https:\/\/stilorganizat.com\/?p=6485\" \/>\n<meta property=\"og:locale\" content=\"en_US\" \/>\n<meta property=\"og:type\" content=\"article\" \/>\n<meta property=\"og:title\" content=\"De f\u0103cut \u00een decembrie - de Cr\u0103ciun - Craciunul - StilOrganizat\" \/>\n<meta property=\"og:description\" content=\"Organizarea activit\u0103\u021bilor pe care le ave\u021bi de f\u0103cut \u00een decembrie, de Cr\u0103ciun, pentru a v\u0103 putea bucura din plin de s\u0103rb\u0103tori\" \/>\n<meta property=\"og:url\" content=\"https:\/\/stilorganizat.com\/?p=6485\" \/>\n<meta property=\"og:site_name\" content=\"StilOrganizat\" \/>\n<meta property=\"article:published_time\" content=\"2021-11-24T13:44:00+00:00\" \/>\n<meta property=\"article:modified_time\" content=\"2021-11-24T18:07:57+00:00\" \/>\n<meta property=\"og:image\" content=\"https:\/\/stilorganizat.com\/wp-content\/uploads\/2019\/11\/decembrie-de-Craciun.jpg\" \/>\n\t<meta property=\"og:image:width\" content=\"1800\" \/>\n\t<meta property=\"og:image:height\" content=\"1288\" \/>\n<meta name=\"twitter:card\" content=\"summary_large_image\" \/>\n<meta name=\"twitter:label1\" content=\"Written by\" \/>\n\t<meta name=\"twitter:data1\" content=\"Ela\" \/>\n\t<meta name=\"twitter:label2\" content=\"Est. reading time\" \/>\n\t<meta name=\"twitter:data2\" content=\"11 minutes\" \/>\n<script type=\"application\/ld+json\" class=\"yoast-schema-graph\">{\"@context\":\"https:\/\/schema.org\",\"@graph\":[{\"@type\":\"WebSite\",\"@id\":\"https:\/\/stilorganizat.com\/#website\",\"url\":\"https:\/\/stilorganizat.com\/\",\"name\":\"StilOrganizat\",\"description\":\"\",\"publisher\":{\"@id\":\"https:\/\/stilorganizat.com\/#\/schema\/person\/925650ea34ea4181154192c09316af88\"},\"potentialAction\":[{\"@type\":\"SearchAction\",\"target\":{\"@type\":\"EntryPoint\",\"urlTemplate\":\"https:\/\/stilorganizat.com\/?s={search_term_string}\"},\"query-input\":\"required name=search_term_string\"}],\"inLanguage\":\"en-US\"},{\"@type\":\"ImageObject\",\"@id\":\"https:\/\/stilorganizat.com\/?p=6485#primaryimage\",\"inLanguage\":\"en-US\",\"url\":\"https:\/\/stilorganizat.com\/wp-content\/uploads\/2019\/11\/decembrie-de-Craciun.jpg\",\"contentUrl\":\"https:\/\/stilorganizat.com\/wp-content\/uploads\/2019\/11\/decembrie-de-Craciun.jpg\",\"width\":1800,\"height\":1288,\"caption\":\"decembrie - de Craciun\"},{\"@type\":\"WebPage\",\"@id\":\"https:\/\/stilorganizat.com\/?p=6485#webpage\",\"url\":\"https:\/\/stilorganizat.com\/?p=6485\",\"name\":\"De f\\u0103cut \\u00een decembrie - de Cr\\u0103ciun - Craciunul - StilOrganizat\",\"isPartOf\":{\"@id\":\"https:\/\/stilorganizat.com\/#website\"},\"primaryImageOfPage\":{\"@id\":\"https:\/\/stilorganizat.com\/?p=6485#primaryimage\"},\"datePublished\":\"2021-11-24T13:44:00+00:00\",\"dateModified\":\"2021-11-24T18:07:57+00:00\",\"description\":\"Organizarea activit\\u0103\\u021bilor pe care le ave\\u021bi de f\\u0103cut \\u00een decembrie, de Cr\\u0103ciun, pentru a v\\u0103 putea bucura din plin de s\\u0103rb\\u0103tori\",\"breadcrumb\":{\"@id\":\"https:\/\/stilorganizat.com\/?p=6485#breadcrumb\"},\"inLanguage\":\"en-US\",\"potentialAction\":[{\"@type\":\"ReadAction\",\"target\":[\"https:\/\/stilorganizat.com\/?p=6485\"]}]},{\"@type\":\"BreadcrumbList\",\"@id\":\"https:\/\/stilorganizat.com\/?p=6485#breadcrumb\",\"itemListElement\":[{\"@type\":\"ListItem\",\"position\":1,\"name\":\"Home\",\"item\":\"https:\/\/stilorganizat.com\/\"},{\"@type\":\"ListItem\",\"position\":2,\"name\":\"Timp liber\",\"item\":\"https:\/\/stilorganizat.com\/?cat=54\"},{\"@type\":\"ListItem\",\"position\":3,\"name\":\"Craciunul\",\"item\":\"https:\/\/stilorganizat.com\/?cat=57\"},{\"@type\":\"ListItem\",\"position\":4,\"name\":\"De f\\u0103cut \\u00een decembrie &#8211; de Cr\\u0103ciun\"}]},{\"@type\":\"Article\",\"@id\":\"https:\/\/stilorganizat.com\/?p=6485#article\",\"isPartOf\":{\"@id\":\"https:\/\/stilorganizat.com\/?p=6485#webpage\"},\"author\":{\"@id\":\"https:\/\/stilorganizat.com\/#\/schema\/person\/925650ea34ea4181154192c09316af88\"},\"headline\":\"De f\\u0103cut \\u00een decembrie &#8211; de Cr\\u0103ciun\",\"datePublished\":\"2021-11-24T13:44:00+00:00\",\"dateModified\":\"2021-11-24T18:07:57+00:00\",\"mainEntityOfPage\":{\"@id\":\"https:\/\/stilorganizat.com\/?p=6485#webpage\"},\"wordCount\":2303,\"commentCount\":2,\"publisher\":{\"@id\":\"https:\/\/stilorganizat.com\/#\/schema\/person\/925650ea34ea4181154192c09316af88\"},\"image\":{\"@id\":\"https:\/\/stilorganizat.com\/?p=6485#primaryimage\"},\"thumbnailUrl\":\"https:\/\/stilorganizat.com\/wp-content\/uploads\/2019\/11\/decembrie-de-Craciun.jpg\",\"keywords\":[\"casa de Craciun\",\"ce facem de Craciun\",\"Craciunul\",\"masa de Craciun\",\"musafiri\",\"organizarea Craciunului\"],\"articleSection\":[\"Craciunul\",\"Featured\",\"Organizarea pe anotimpuri\"],\"inLanguage\":\"en-US\",\"potentialAction\":[{\"@type\":\"CommentAction\",\"name\":\"Comment\",\"target\":[\"https:\/\/stilorganizat.com\/?p=6485#respond\"]}]},{\"@type\":[\"Person\",\"Organization\"],\"@id\":\"https:\/\/stilorganizat.com\/#\/schema\/person\/925650ea34ea4181154192c09316af88\",\"name\":\"Ela\",\"image\":{\"@type\":\"ImageObject\",\"@id\":\"https:\/\/stilorganizat.com\/#personlogo\",\"inLanguage\":\"en-US\",\"url\":\"https:\/\/secure.gravatar.com\/avatar\/8760904c7f0aa36ea71caf9864f47f82?s=96&d=identicon&r=g\",\"contentUrl\":\"https:\/\/secure.gravatar.com\/avatar\/8760904c7f0aa36ea71caf9864f47f82?s=96&d=identicon&r=g\",\"caption\":\"Ela\"},\"logo\":{\"@id\":\"https:\/\/stilorganizat.com\/#personlogo\"},\"sameAs\":[\"http:\/\/stilorganizat.ro\"]}]}<\/script>\n<!-- \/ Yoast SEO plugin. -->","yoast_head_json":{"title":"De f\u0103cut \u00een decembrie - de Cr\u0103ciun - Craciunul - StilOrganizat","description":"Organizarea activit\u0103\u021bilor pe care le ave\u021bi de f\u0103cut \u00een decembrie, de Cr\u0103ciun, pentru a v\u0103 putea bucura din plin de s\u0103rb\u0103tori","robots":{"index":"index","follow":"follow","max-snippet":"max-snippet:-1","max-image-preview":"max-image-preview:large","max-video-preview":"max-video-preview:-1"},"canonical":"https:\/\/stilorganizat.com\/?p=6485","og_locale":"en_US","og_type":"article","og_title":"De f\u0103cut \u00een decembrie - de Cr\u0103ciun - Craciunul - StilOrganizat","og_description":"Organizarea activit\u0103\u021bilor pe care le ave\u021bi de f\u0103cut \u00een decembrie, de Cr\u0103ciun, pentru a v\u0103 putea bucura din plin de s\u0103rb\u0103tori","og_url":"https:\/\/stilorganizat.com\/?p=6485","og_site_name":"StilOrganizat","article_published_time":"2021-11-24T13:44:00+00:00","article_modified_time":"2021-11-24T18:07:57+00:00","og_image":[{"width":1800,"height":1288,"url":"https:\/\/stilorganizat.com\/wp-content\/uploads\/2019\/11\/decembrie-de-Craciun.jpg","type":"image\/jpeg"}],"twitter_card":"summary_large_image","twitter_misc":{"Written by":"Ela","Est. reading time":"11 minutes"},"schema":{"@context":"https:\/\/schema.org","@graph":[{"@type":"WebSite","@id":"https:\/\/stilorganizat.com\/#website","url":"https:\/\/stilorganizat.com\/","name":"StilOrganizat","description":"","publisher":{"@id":"https:\/\/stilorganizat.com\/#\/schema\/person\/925650ea34ea4181154192c09316af88"},"potentialAction":[{"@type":"SearchAction","target":{"@type":"EntryPoint","urlTemplate":"https:\/\/stilorganizat.com\/?s={search_term_string}"},"query-input":"required name=search_term_string"}],"inLanguage":"en-US"},{"@type":"ImageObject","@id":"https:\/\/stilorganizat.com\/?p=6485#primaryimage","inLanguage":"en-US","url":"https:\/\/stilorganizat.com\/wp-content\/uploads\/2019\/11\/decembrie-de-Craciun.jpg","contentUrl":"https:\/\/stilorganizat.com\/wp-content\/uploads\/2019\/11\/decembrie-de-Craciun.jpg","width":1800,"height":1288,"caption":"decembrie - de Craciun"},{"@type":"WebPage","@id":"https:\/\/stilorganizat.com\/?p=6485#webpage","url":"https:\/\/stilorganizat.com\/?p=6485","name":"De f\u0103cut \u00een decembrie - de Cr\u0103ciun - Craciunul - StilOrganizat","isPartOf":{"@id":"https:\/\/stilorganizat.com\/#website"},"primaryImageOfPage":{"@id":"https:\/\/stilorganizat.com\/?p=6485#primaryimage"},"datePublished":"2021-11-24T13:44:00+00:00","dateModified":"2021-11-24T18:07:57+00:00","description":"Organizarea activit\u0103\u021bilor pe care le ave\u021bi de f\u0103cut \u00een decembrie, de Cr\u0103ciun, pentru a v\u0103 putea bucura din plin de s\u0103rb\u0103tori","breadcrumb":{"@id":"https:\/\/stilorganizat.com\/?p=6485#breadcrumb"},"inLanguage":"en-US","potentialAction":[{"@type":"ReadAction","target":["https:\/\/stilorganizat.com\/?p=6485"]}]},{"@type":"BreadcrumbList","@id":"https:\/\/stilorganizat.com\/?p=6485#breadcrumb","itemListElement":[{"@type":"ListItem","position":1,"name":"Home","item":"https:\/\/stilorganizat.com\/"},{"@type":"ListItem","position":2,"name":"Timp liber","item":"https:\/\/stilorganizat.com\/?cat=54"},{"@type":"ListItem","position":3,"name":"Craciunul","item":"https:\/\/stilorganizat.com\/?cat=57"},{"@type":"ListItem","position":4,"name":"De f\u0103cut \u00een decembrie &#8211; de Cr\u0103ciun"}]},{"@type":"Article","@id":"https:\/\/stilorganizat.com\/?p=6485#article","isPartOf":{"@id":"https:\/\/stilorganizat.com\/?p=6485#webpage"},"author":{"@id":"https:\/\/stilorganizat.com\/#\/schema\/person\/925650ea34ea4181154192c09316af88"},"headline":"De f\u0103cut \u00een decembrie &#8211; de Cr\u0103ciun","datePublished":"2021-11-24T13:44:00+00:00","dateModified":"2021-11-24T18:07:57+00:00","mainEntityOfPage":{"@id":"https:\/\/stilorganizat.com\/?p=6485#webpage"},"wordCount":2303,"commentCount":2,"publisher":{"@id":"https:\/\/stilorganizat.com\/#\/schema\/person\/925650ea34ea4181154192c09316af88"},"image":{"@id":"https:\/\/stilorganizat.com\/?p=6485#primaryimage"},"thumbnailUrl":"https:\/\/stilorganizat.com\/wp-content\/uploads\/2019\/11\/decembrie-de-Craciun.jpg","keywords":["casa de Craciun","ce facem de Craciun","Craciunul","masa de Craciun","musafiri","organizarea Craciunului"],"articleSection":["Craciunul","Featured","Organizarea pe anotimpuri"],"inLanguage":"en-US","potentialAction":[{"@type":"CommentAction","name":"Comment","target":["https:\/\/stilorganizat.com\/?p=6485#respond"]}]},{"@type":["Person","Organization"],"@id":"https:\/\/stilorganizat.com\/#\/schema\/person\/925650ea34ea4181154192c09316af88","name":"Ela","image":{"@type":"ImageObject","@id":"https:\/\/stilorganizat.com\/#personlogo","inLanguage":"en-US","url":"https:\/\/secure.gravatar.com\/avatar\/8760904c7f0aa36ea71caf9864f47f82?s=96&d=identicon&r=g","contentUrl":"https:\/\/secure.gravatar.com\/avatar\/8760904c7f0aa36ea71caf9864f47f82?s=96&d=identicon&r=g","caption":"Ela"},"logo":{"@id":"https:\/\/stilorganizat.com\/#personlogo"},"sameAs":["http:\/\/stilorganizat.ro"]}]}},"_links":{"self":[{"href":"https:\/\/stilorganizat.com\/index.php?rest_route=\/wp\/v2\/posts\/6485"}],"collection":[{"href":"https:\/\/stilorganizat.com\/index.php?rest_route=\/wp\/v2\/posts"}],"about":[{"href":"https:\/\/stilorganizat.com\/index.php?rest_route=\/wp\/v2\/types\/post"}],"author":[{"embeddable":true,"href":"https:\/\/stilorganizat.com\/index.php?rest_route=\/wp\/v2\/users\/1"}],"replies":[{"embeddable":true,"href":"https:\/\/stilorganizat.com\/index.php?rest_route=%2Fwp%2Fv2%2Fcomments&post=6485"}],"version-history":[{"count":43,"href":"https:\/\/stilorganizat.com\/index.php?rest_route=\/wp\/v2\/posts\/6485\/revisions"}],"predecessor-version":[{"id":7937,"href":"https:\/\/stilorganizat.com\/index.php?rest_route=\/wp\/v2\/posts\/6485\/revisions\/7937"}],"wp:featuredmedia":[{"embeddable":true,"href":"https:\/\/stilorganizat.com\/index.php?rest_route=\/wp\/v2\/media\/6510"}],"wp:attachment":[{"href":"https:\/\/stilorganizat.com\/index.php?rest_route=%2Fwp%2Fv2%2Fmedia&parent=6485"}],"wp:term":[{"taxonomy":"category","embeddable":true,"href":"https:\/\/stilorganizat.com\/index.php?rest_route=%2Fwp%2Fv2%2Fcategories&post=6485"},{"taxonomy":"post_tag","embeddable":true,"href":"https:\/\/stilorganizat.com\/index.php?rest_route=%2Fwp%2Fv2%2Ftags&post=6485"}],"curies":[{"name":"wp","href":"https:\/\/api.w.org\/{rel}","templated":true}]}}