{"id":6338,"date":"2021-10-01T19:27:00","date_gmt":"2021-10-01T16:27:00","guid":{"rendered":"https:\/\/stilorganizat.ro\/?p=6338"},"modified":"2021-10-01T20:23:35","modified_gmt":"2021-10-01T17:23:35","slug":"gradina-in-octombrie-ce-e-de-facut","status":"publish","type":"post","link":"https:\/\/stilorganizat.com\/?p=6338","title":{"rendered":"Gr\u0103dina \u00een octombrie &#8211; ce e de f\u0103cut"},"content":{"rendered":"\n<p>Octombrie are unele zile at\u00e2t de frumoase, \u00eenc\u00e2t le sim\u021bi la propriu dulcea\u021ba! Ar\u0219i\u021ba a disp\u0103rut de mult, iar ploile \u00eenc\u0103 nu acoper\u0103 tot calendarul. Sunt ocazii s\u0103 petrecem c\u00e2teva ore afar\u0103, iar gr\u0103dina \u00een octombrie ne ofer\u0103 acest privilegiu.<\/p>\n\n\n\n<p>Deseori m\u0103 plimb prin gr\u0103din\u0103 \u0219i caut idei pentru anul urm\u0103tor. Notez ce plante a\u0219 mai cump\u0103ra \u0219i cum ar trebui s\u0103 se combine cu cele existente deja.<\/p>\n\n\n\n<p>Multe activit\u0103\u021bi le pot executa toamna \u00een loc s\u0103 le las pentru anul viitor. Deoarece prim\u0103vara este extrem de solicitant\u0103 \u00een gr\u0103din\u0103, munca de acum va \u00eensemna mai pu\u021bin stres atunci. <\/p>\n\n\n\n<h2 class=\"has-text-align-center\">Straturi \u00een gr\u0103din\u0103<\/h2>\n\n\n\n<p>Voi vorbi despre straturile din gr\u0103din\u0103 pentru c\u0103 urmeaz\u0103 s\u0103 planific unele noi \u0219i s\u0103 le \u00eengrijesc mai bine pe cele vechi.<\/p>\n\n\n\n<h3>Straturi noi<\/h3>\n\n\n\n<p>Voi urma ace\u0219ti pa\u0219i pentru straturile noi, a\u0219a cum spuneam \u0219i \u00een septembrie:<\/p>\n\n\n\n<ul><li>alegerea locului \u0219i a dimensiunilor;<\/li><li>construirea aleilor adiacente, eventual;<\/li><li>dac\u0103 locul e plin de buruieni, acoperirea sa cu ziare pe timpul iernii;<\/li><li>folosirea unui cultivator pentru a r\u00e2c\u00e2i suprafa\u021ba terenului;<\/li><li>\u00eempr\u0103\u0219tierea unui strat generos de compost, chiar incomplet descompus.<\/li><\/ul>\n\n\n\n<p>Astfel bucata de teren e preg\u0103tit\u0103 pentru prim\u0103var\u0103. Observa\u021bi c\u0103 am s\u0103rit opera\u021biunea de s\u0103pare. Doar voi r\u00e2c\u00e2i p\u0103m\u00e2ntul, voi a\u0219terne compostul \u0219i voi l\u0103sa natura s\u0103 lucreze mai departe. Cele dou\u0103 lumi p\u0103m\u00e2ntoase vor \u00eencepe s\u0103 se \u00eentrep\u0103trund\u0103, iar anul viitor vor da vigoare r\u0103sadurilor pe care le voi planta. Sper!<\/p>\n\n\n\n<figure class=\"wp-block-image\"><img loading=\"lazy\" width=\"1024\" height=\"683\" src=\"https:\/\/stilorganizat.ro\/wp-content\/uploads\/2019\/08\/La-pas-prin-Paris-Esplanada-Invalizilor-1024x683.jpg\" alt=\"bordura de flori pe Esplanada Invalizilor\" class=\"wp-image-6224\" srcset=\"https:\/\/stilorganizat.com\/wp-content\/uploads\/2019\/08\/La-pas-prin-Paris-Esplanada-Invalizilor-1024x683.jpg 1024w, https:\/\/stilorganizat.com\/wp-content\/uploads\/2019\/08\/La-pas-prin-Paris-Esplanada-Invalizilor-300x200.jpg 300w, https:\/\/stilorganizat.com\/wp-content\/uploads\/2019\/08\/La-pas-prin-Paris-Esplanada-Invalizilor-768x512.jpg 768w, https:\/\/stilorganizat.com\/wp-content\/uploads\/2019\/08\/La-pas-prin-Paris-Esplanada-Invalizilor.jpg 1800w\" sizes=\"(max-width: 1024px) 100vw, 1024px\" \/><figcaption>Strat de flori \u00een Paris<\/figcaption><\/figure>\n\n\n\n<h3>Straturi vechi<\/h3>\n\n\n\n<p>Gr\u0103dina \u00een octombrie nu mai este at\u00e2t de colorat\u0103. Multe flori s-au ofilit, iar straturile trebuie preg\u0103tite de trecerea peste iarn\u0103. Pentru locurile cu plante existente, strategia const\u0103 \u00een:<\/p>\n\n\n\n<ul><li>eliminarea buruienilor pentru c\u0103 altfel, \u00een prim\u0103var\u0103 vor ap\u0103rea mult mai multe din semin\u021be;<\/li><li>cur\u0103\u021barea de vegeta\u021bie \u0219i flori uscate;<\/li><li>unele plante perene se taie acum, cele care nu arat\u0103 bine, dar cu grij\u0103, s\u0103 se lase c\u00e2\u021biva centimetri de tulpin\u0103 \u0219i s\u0103 nu fie afectate rozetele de la baz\u0103, din care se vor dezvolta plantele sezonul urm\u0103tor;<\/li><li>plantele perene care arat\u0103 bine iarna se vor t\u0103ia \u00een prim\u0103var\u0103;<\/li><li>plantele perene ve\u0219nic verzi se ud\u0103 foarte bine pentru ca r\u0103d\u0103cinile s\u0103 se dezvolte c\u00e2t mai ad\u00e2nc \u00een p\u0103m\u00e2nt \u0219i s\u0103 reziste gerului;<\/li><li>divizarea plantelor perene la \u00eenceputul lunii pentru a reu\u0219i s\u0103 \u00ee\u0219i stabilizeze r\u0103d\u0103cinile p\u00e2n\u0103 la venirea frigului;<\/li><li>scoaterea aracilor \u0219i a altor elemente care nu sunt necesare pe timpul iernii \u0219i  depozitarea lor;<\/li><li>bulbii florilor de var\u0103 (dalii, canna, gladiole) se scot de asemenea;<\/li><li>plantarea bulbilor de prim\u0103var\u0103, dac\u0103 nu a fost f\u0103cut\u0103 \u00een septembrie;<\/li><li>acoperirea cu mulch c\u00e2nd temperaturile coboar\u0103 spre cele de \u00eenghe\u021b (activitate de noiembrie \u00een zona mea).<\/li><\/ul>\n\n\n\n<p>Notez c\u00e2nd trebuie s\u0103 tai plantele. Am r\u0103s\u0103dit multe noi \u0219i e mult mai u\u0219or s\u0103 am fi\u0219e cu ele. Sortimentul de pe pia\u021b\u0103 e foarte bogat, dar \u0219i metodele de informare sunt acum la \u00eendem\u00e2na oricui. <\/p>\n\n\n\n<p>De exemplu, eu am \u00een gr\u0103din\u0103 lavand\u0103 \u0219i cimbru \u0219i \u0219tiu c\u0103 nu trebuie s\u0103 le tai toamna, ci abia \u00een prim\u0103var\u0103. <\/p>\n\n\n\n<p>Mulch-ul \u0219i compostul trebuie ad\u0103ugate \u00een straturi c\u00e2nd temperaturile sunt deja cobor\u00e2te, altfel, c\u0103ldura emanat\u0103 va determina apari\u021bia l\u0103starilor plantelor \u00een prag de iarn\u0103. Stratul protector este necesar pentru ca ele s\u0103 fie protejate de gerurile din iarn\u0103.<\/p>\n\n\n\n<h2 class=\"has-text-align-center\">Gazonul, arbu\u0219ti, arbori<\/h2>\n\n\n\n<p>Delimitarea straturilor de gazon se face acum, c\u00e2nd iarba nu mai cre\u0219te a\u0219a repede. Marginile se taie frumos pentru un aspect \u00eengrijit.<\/p>\n\n\n\n<p>Trebuie str\u00e2nse regulat frunzele care cad din pomi.<\/p>\n\n\n\n<p><\/p>\n\n\n\n<p>Pentru arbu\u0219tii \u0219i arborii tineri \u0219i sensibili la frig trebuie s\u0103 facem rost de materiale de protec\u021bie. Printre cele mai simple \u0219i eficace sunt paiele.<\/p>\n\n\n\n<p><\/p>\n\n\n\n<figure class=\"wp-block-image\"><img loading=\"lazy\" width=\"1024\" height=\"683\" src=\"https:\/\/stilorganizat.ro\/wp-content\/uploads\/2019\/08\/Gradina-muzeului-Rodin-1024x683.jpg\" alt=\"Gradina muzeului Rodin\" class=\"wp-image-6221\" srcset=\"https:\/\/stilorganizat.com\/wp-content\/uploads\/2019\/08\/Gradina-muzeului-Rodin-1024x683.jpg 1024w, https:\/\/stilorganizat.com\/wp-content\/uploads\/2019\/08\/Gradina-muzeului-Rodin-300x200.jpg 300w, https:\/\/stilorganizat.com\/wp-content\/uploads\/2019\/08\/Gradina-muzeului-Rodin-768x512.jpg 768w, https:\/\/stilorganizat.com\/wp-content\/uploads\/2019\/08\/Gradina-muzeului-Rodin.jpg 1800w\" sizes=\"(max-width: 1024px) 100vw, 1024px\" \/><figcaption>Gr\u0103dina muzeului Rodin<\/figcaption><\/figure>\n\n\n\n<h2 class=\"has-text-align-center\">Legume \u00een gr\u0103dina \u00een octombrie<\/h2>\n\n\n\n<p>E momentul plant\u0103rii cepei \u0219i usturoiului, a salatelor \u0219i spanacului \u0219i a altor legume de iarn\u0103. <\/p>\n\n\n\n<h2 class=\"has-text-align-center\">Recolta din gr\u0103din\u0103 \u00een octombrie<\/h2>\n\n\n\n<p>Continu\u0103 str\u00e2ngerea recoltelor \u0219i p\u0103strarea lor adecvat\u0103.<\/p>\n\n\n\n<p>Pentru mere \u0219i pere, se pot felia sub\u021bire \u0219i usca la soare, pe \u0219erve\u021bele sau \u00een cuptor. Cu ocazia s\u0103rb\u0103torilor se pot folosi la ghirlande tradi\u021bionale.<\/p>\n\n\n\n<figure class=\"wp-block-image\"><img alt=\"\"\/><\/figure>\n\n\n\n<h2 class=\"has-text-align-center\">Plante \u00een ghivece<\/h2>\n\n\n\n<p>Undeva \u00een cursul lunii, \u00een func\u021bie de vreme, ghivecele cu plante sensibile vor ajunge \u00een cas\u0103 sau \u00een subsol. <\/p>\n\n\n\n<p><a href=\"https:\/\/stilorganizat.ro\/?p=3931\" target=\"_blank\" rel=\"noreferrer noopener\" aria-label=\"Colec\u021bia de plante aromatice  (opens in a new tab)\">Colec\u021bia de plante aromatice <\/a>va poposi \u0219i ea, pe timpul iernii, \u00eentr-un loc ferit de ger.<\/p>\n\n\n\n<p>Am foarte multe Clivia \u0219i acestea vor trece \u00een urm\u0103toarele s\u0103pt\u0103m\u00e2ni peste o perioad\u0103 de frig (aproximativ 10 grade) \u0219i usc\u0103ciune. Astfel, peste vreo dou\u0103 luni ar trebui s\u0103 \u00eenfloreasc\u0103. Un tratament asem\u0103n\u0103tor va primi \u0219i Amarylis.<\/p>\n\n\n\n<figure class=\"wp-block-image\"><img loading=\"lazy\" width=\"1024\" height=\"709\" src=\"https:\/\/stilorganizat.ro\/wp-content\/uploads\/2019\/10\/Flori-in-Alsacia-1024x709.jpg\" alt=\"Flori in Alsacia\" class=\"wp-image-6365\" srcset=\"https:\/\/stilorganizat.com\/wp-content\/uploads\/2019\/10\/Flori-in-Alsacia-1024x709.jpg 1024w, https:\/\/stilorganizat.com\/wp-content\/uploads\/2019\/10\/Flori-in-Alsacia-300x208.jpg 300w, https:\/\/stilorganizat.com\/wp-content\/uploads\/2019\/10\/Flori-in-Alsacia-768x532.jpg 768w, https:\/\/stilorganizat.com\/wp-content\/uploads\/2019\/10\/Flori-in-Alsacia.jpg 1800w\" sizes=\"(max-width: 1024px) 100vw, 1024px\" \/><figcaption>Flori \u00een ghivece \u00een Alsacia<\/figcaption><\/figure>\n\n\n\n<h2 class=\"has-text-align-center\">Alte acareturi<\/h2>\n\n\n\n<p>Toamna vine cu ploi, a\u0219a c\u0103 sistemele de iriga\u021bii nu \u00ee\u0219i mai au rostul. Ele trebuie golite de ap\u0103 sau puse la ad\u0103post pentru a nu se deteriora pe ger.<\/p>\n\n\n\n<p>Echipamentele folosite trebuie puse bine pe m\u0103sur\u0103 ce muncile \u00een gr\u0103din\u0103 se restr\u00e2ng. Uneltele mai pot a\u0219tepta p\u00e2n\u0103 \u00een noiembrie.<\/p>\n\n\n\n<h2 class=\"has-text-align-center\">\u00cen final&#8230;<\/h2>\n\n\n\n<p>S\u0103 fim aten\u021bi la primele brume: ele ne arat\u0103 locurile din gr\u0103din\u0103 \u00een care sunt curen\u021bi reci \u0219i e mai frig ca \u00een alte zone. Astfel vom lua decizii pentru urm\u0103toarele plant\u0103ri.<\/p>\n\n\n\n<p><\/p>\n\n\n\n<p><\/p>\n","protected":false},"excerpt":{"rendered":"<p>Octombrie are unele zile at\u00e2t de frumoase, \u00eenc\u00e2t le sim\u021bi la propriu dulcea\u021ba! Ar\u0219i\u021ba a disp\u0103rut de mult, iar ploile \u00eenc\u0103 nu acoper\u0103 tot calendarul. Sunt ocazii s\u0103 petrecem c\u00e2teva ore afar\u0103, iar gr\u0103dina \u00een octombrie ne ofer\u0103 acest privilegiu. Deseori m\u0103 plimb prin gr\u0103din\u0103 \u0219i caut idei pentru anul urm\u0103tor. Notez ce plante a\u0219 mai cump\u0103ra \u0219i cum ar trebui s\u0103 se combine cu cele existente deja. Multe activit\u0103\u021bi le pot executa toamna \u00een loc s\u0103 le las pentru<\/p>\n","protected":false},"author":1,"featured_media":6365,"comment_status":"open","ping_status":"open","sticky":false,"template":"","format":"standard","meta":[],"categories":[37,8,25],"tags":[352,81,132,181,351],"yoast_head":"<!-- This site is optimized with the Yoast SEO plugin v17.7.1 - https:\/\/yoast.com\/wordpress\/plugins\/seo\/ -->\n<title>Gr\u0103dina \u00een octombrie - ce e de f\u0103cut - StilOrganizat<\/title>\n<meta name=\"description\" content=\"Ce lucr\u0103ri avem de f\u0103cut pentru gr\u0103dina \u00een octombrie pentru a o p\u0103stra frumoas\u0103 \u0219i s\u0103n\u0103toas\u0103. \u00cengrijire general\u0103, plant\u0103ri, t\u0103ieri.\" \/>\n<meta name=\"robots\" content=\"index, follow, max-snippet:-1, max-image-preview:large, max-video-preview:-1\" \/>\n<link rel=\"canonical\" href=\"https:\/\/stilorganizat.com\/?p=6338\" \/>\n<meta property=\"og:locale\" content=\"en_US\" \/>\n<meta property=\"og:type\" content=\"article\" \/>\n<meta property=\"og:title\" content=\"Gr\u0103dina \u00een octombrie - ce e de f\u0103cut - StilOrganizat\" \/>\n<meta property=\"og:description\" content=\"Ce lucr\u0103ri avem de f\u0103cut pentru gr\u0103dina \u00een octombrie pentru a o p\u0103stra frumoas\u0103 \u0219i s\u0103n\u0103toas\u0103. \u00cengrijire general\u0103, plant\u0103ri, t\u0103ieri.\" \/>\n<meta property=\"og:url\" content=\"https:\/\/stilorganizat.com\/?p=6338\" \/>\n<meta property=\"og:site_name\" content=\"StilOrganizat\" \/>\n<meta property=\"article:published_time\" content=\"2021-10-01T16:27:00+00:00\" \/>\n<meta property=\"article:modified_time\" content=\"2021-10-01T17:23:35+00:00\" \/>\n<meta property=\"og:image\" content=\"https:\/\/stilorganizat.com\/wp-content\/uploads\/2019\/10\/Flori-in-Alsacia.jpg\" \/>\n\t<meta property=\"og:image:width\" content=\"1800\" \/>\n\t<meta property=\"og:image:height\" content=\"1247\" \/>\n<meta name=\"twitter:card\" content=\"summary_large_image\" \/>\n<meta name=\"twitter:label1\" content=\"Written by\" \/>\n\t<meta name=\"twitter:data1\" content=\"Ela\" \/>\n\t<meta name=\"twitter:label2\" content=\"Est. reading time\" \/>\n\t<meta name=\"twitter:data2\" content=\"5 minutes\" \/>\n<script type=\"application\/ld+json\" class=\"yoast-schema-graph\">{\"@context\":\"https:\/\/schema.org\",\"@graph\":[{\"@type\":\"WebSite\",\"@id\":\"https:\/\/stilorganizat.com\/#website\",\"url\":\"https:\/\/stilorganizat.com\/\",\"name\":\"StilOrganizat\",\"description\":\"\",\"publisher\":{\"@id\":\"https:\/\/stilorganizat.com\/#\/schema\/person\/925650ea34ea4181154192c09316af88\"},\"potentialAction\":[{\"@type\":\"SearchAction\",\"target\":{\"@type\":\"EntryPoint\",\"urlTemplate\":\"https:\/\/stilorganizat.com\/?s={search_term_string}\"},\"query-input\":\"required name=search_term_string\"}],\"inLanguage\":\"en-US\"},{\"@type\":\"ImageObject\",\"@id\":\"https:\/\/stilorganizat.com\/?p=6338#primaryimage\",\"inLanguage\":\"en-US\",\"url\":\"https:\/\/stilorganizat.com\/wp-content\/uploads\/2019\/10\/Flori-in-Alsacia.jpg\",\"contentUrl\":\"https:\/\/stilorganizat.com\/wp-content\/uploads\/2019\/10\/Flori-in-Alsacia.jpg\",\"width\":1800,\"height\":1247,\"caption\":\"Flori in Alsacia\"},{\"@type\":\"WebPage\",\"@id\":\"https:\/\/stilorganizat.com\/?p=6338#webpage\",\"url\":\"https:\/\/stilorganizat.com\/?p=6338\",\"name\":\"Gr\\u0103dina \\u00een octombrie - ce e de f\\u0103cut - StilOrganizat\",\"isPartOf\":{\"@id\":\"https:\/\/stilorganizat.com\/#website\"},\"primaryImageOfPage\":{\"@id\":\"https:\/\/stilorganizat.com\/?p=6338#primaryimage\"},\"datePublished\":\"2021-10-01T16:27:00+00:00\",\"dateModified\":\"2021-10-01T17:23:35+00:00\",\"description\":\"Ce lucr\\u0103ri avem de f\\u0103cut pentru gr\\u0103dina \\u00een octombrie pentru a o p\\u0103stra frumoas\\u0103 \\u0219i s\\u0103n\\u0103toas\\u0103. \\u00cengrijire general\\u0103, plant\\u0103ri, t\\u0103ieri.\",\"breadcrumb\":{\"@id\":\"https:\/\/stilorganizat.com\/?p=6338#breadcrumb\"},\"inLanguage\":\"en-US\",\"potentialAction\":[{\"@type\":\"ReadAction\",\"target\":[\"https:\/\/stilorganizat.com\/?p=6338\"]}]},{\"@type\":\"BreadcrumbList\",\"@id\":\"https:\/\/stilorganizat.com\/?p=6338#breadcrumb\",\"itemListElement\":[{\"@type\":\"ListItem\",\"position\":1,\"name\":\"Home\",\"item\":\"https:\/\/stilorganizat.com\/\"},{\"@type\":\"ListItem\",\"position\":2,\"name\":\"Gradina\",\"item\":\"https:\/\/stilorganizat.com\/?cat=8\"},{\"@type\":\"ListItem\",\"position\":3,\"name\":\"Gradina pe luni\",\"item\":\"https:\/\/stilorganizat.com\/?cat=25\"},{\"@type\":\"ListItem\",\"position\":4,\"name\":\"Gr\\u0103dina \\u00een octombrie &#8211; ce e de f\\u0103cut\"}]},{\"@type\":\"Article\",\"@id\":\"https:\/\/stilorganizat.com\/?p=6338#article\",\"isPartOf\":{\"@id\":\"https:\/\/stilorganizat.com\/?p=6338#webpage\"},\"author\":{\"@id\":\"https:\/\/stilorganizat.com\/#\/schema\/person\/925650ea34ea4181154192c09316af88\"},\"headline\":\"Gr\\u0103dina \\u00een octombrie &#8211; ce e de f\\u0103cut\",\"datePublished\":\"2021-10-01T16:27:00+00:00\",\"dateModified\":\"2021-10-01T17:23:35+00:00\",\"mainEntityOfPage\":{\"@id\":\"https:\/\/stilorganizat.com\/?p=6338#webpage\"},\"wordCount\":942,\"commentCount\":2,\"publisher\":{\"@id\":\"https:\/\/stilorganizat.com\/#\/schema\/person\/925650ea34ea4181154192c09316af88\"},\"image\":{\"@id\":\"https:\/\/stilorganizat.com\/?p=6338#primaryimage\"},\"thumbnailUrl\":\"https:\/\/stilorganizat.com\/wp-content\/uploads\/2019\/10\/Flori-in-Alsacia.jpg\",\"keywords\":[\"amenajarea gradinii\",\"gradina pe luni\",\"lucrari in gradina\",\"organizare gradina\",\"toamna in gradina\"],\"articleSection\":[\"Featured\",\"Gradina\",\"Gradina pe luni\"],\"inLanguage\":\"en-US\",\"potentialAction\":[{\"@type\":\"CommentAction\",\"name\":\"Comment\",\"target\":[\"https:\/\/stilorganizat.com\/?p=6338#respond\"]}]},{\"@type\":[\"Person\",\"Organization\"],\"@id\":\"https:\/\/stilorganizat.com\/#\/schema\/person\/925650ea34ea4181154192c09316af88\",\"name\":\"Ela\",\"image\":{\"@type\":\"ImageObject\",\"@id\":\"https:\/\/stilorganizat.com\/#personlogo\",\"inLanguage\":\"en-US\",\"url\":\"https:\/\/secure.gravatar.com\/avatar\/8760904c7f0aa36ea71caf9864f47f82?s=96&d=identicon&r=g\",\"contentUrl\":\"https:\/\/secure.gravatar.com\/avatar\/8760904c7f0aa36ea71caf9864f47f82?s=96&d=identicon&r=g\",\"caption\":\"Ela\"},\"logo\":{\"@id\":\"https:\/\/stilorganizat.com\/#personlogo\"},\"sameAs\":[\"http:\/\/stilorganizat.ro\"]}]}<\/script>\n<!-- \/ Yoast SEO plugin. -->","yoast_head_json":{"title":"Gr\u0103dina \u00een octombrie - ce e de f\u0103cut - StilOrganizat","description":"Ce lucr\u0103ri avem de f\u0103cut pentru gr\u0103dina \u00een octombrie pentru a o p\u0103stra frumoas\u0103 \u0219i s\u0103n\u0103toas\u0103. \u00cengrijire general\u0103, plant\u0103ri, t\u0103ieri.","robots":{"index":"index","follow":"follow","max-snippet":"max-snippet:-1","max-image-preview":"max-image-preview:large","max-video-preview":"max-video-preview:-1"},"canonical":"https:\/\/stilorganizat.com\/?p=6338","og_locale":"en_US","og_type":"article","og_title":"Gr\u0103dina \u00een octombrie - ce e de f\u0103cut - StilOrganizat","og_description":"Ce lucr\u0103ri avem de f\u0103cut pentru gr\u0103dina \u00een octombrie pentru a o p\u0103stra frumoas\u0103 \u0219i s\u0103n\u0103toas\u0103. \u00cengrijire general\u0103, plant\u0103ri, t\u0103ieri.","og_url":"https:\/\/stilorganizat.com\/?p=6338","og_site_name":"StilOrganizat","article_published_time":"2021-10-01T16:27:00+00:00","article_modified_time":"2021-10-01T17:23:35+00:00","og_image":[{"width":1800,"height":1247,"url":"https:\/\/stilorganizat.com\/wp-content\/uploads\/2019\/10\/Flori-in-Alsacia.jpg","type":"image\/jpeg"}],"twitter_card":"summary_large_image","twitter_misc":{"Written by":"Ela","Est. reading time":"5 minutes"},"schema":{"@context":"https:\/\/schema.org","@graph":[{"@type":"WebSite","@id":"https:\/\/stilorganizat.com\/#website","url":"https:\/\/stilorganizat.com\/","name":"StilOrganizat","description":"","publisher":{"@id":"https:\/\/stilorganizat.com\/#\/schema\/person\/925650ea34ea4181154192c09316af88"},"potentialAction":[{"@type":"SearchAction","target":{"@type":"EntryPoint","urlTemplate":"https:\/\/stilorganizat.com\/?s={search_term_string}"},"query-input":"required name=search_term_string"}],"inLanguage":"en-US"},{"@type":"ImageObject","@id":"https:\/\/stilorganizat.com\/?p=6338#primaryimage","inLanguage":"en-US","url":"https:\/\/stilorganizat.com\/wp-content\/uploads\/2019\/10\/Flori-in-Alsacia.jpg","contentUrl":"https:\/\/stilorganizat.com\/wp-content\/uploads\/2019\/10\/Flori-in-Alsacia.jpg","width":1800,"height":1247,"caption":"Flori in Alsacia"},{"@type":"WebPage","@id":"https:\/\/stilorganizat.com\/?p=6338#webpage","url":"https:\/\/stilorganizat.com\/?p=6338","name":"Gr\u0103dina \u00een octombrie - ce e de f\u0103cut - StilOrganizat","isPartOf":{"@id":"https:\/\/stilorganizat.com\/#website"},"primaryImageOfPage":{"@id":"https:\/\/stilorganizat.com\/?p=6338#primaryimage"},"datePublished":"2021-10-01T16:27:00+00:00","dateModified":"2021-10-01T17:23:35+00:00","description":"Ce lucr\u0103ri avem de f\u0103cut pentru gr\u0103dina \u00een octombrie pentru a o p\u0103stra frumoas\u0103 \u0219i s\u0103n\u0103toas\u0103. \u00cengrijire general\u0103, plant\u0103ri, t\u0103ieri.","breadcrumb":{"@id":"https:\/\/stilorganizat.com\/?p=6338#breadcrumb"},"inLanguage":"en-US","potentialAction":[{"@type":"ReadAction","target":["https:\/\/stilorganizat.com\/?p=6338"]}]},{"@type":"BreadcrumbList","@id":"https:\/\/stilorganizat.com\/?p=6338#breadcrumb","itemListElement":[{"@type":"ListItem","position":1,"name":"Home","item":"https:\/\/stilorganizat.com\/"},{"@type":"ListItem","position":2,"name":"Gradina","item":"https:\/\/stilorganizat.com\/?cat=8"},{"@type":"ListItem","position":3,"name":"Gradina pe luni","item":"https:\/\/stilorganizat.com\/?cat=25"},{"@type":"ListItem","position":4,"name":"Gr\u0103dina \u00een octombrie &#8211; ce e de f\u0103cut"}]},{"@type":"Article","@id":"https:\/\/stilorganizat.com\/?p=6338#article","isPartOf":{"@id":"https:\/\/stilorganizat.com\/?p=6338#webpage"},"author":{"@id":"https:\/\/stilorganizat.com\/#\/schema\/person\/925650ea34ea4181154192c09316af88"},"headline":"Gr\u0103dina \u00een octombrie &#8211; ce e de f\u0103cut","datePublished":"2021-10-01T16:27:00+00:00","dateModified":"2021-10-01T17:23:35+00:00","mainEntityOfPage":{"@id":"https:\/\/stilorganizat.com\/?p=6338#webpage"},"wordCount":942,"commentCount":2,"publisher":{"@id":"https:\/\/stilorganizat.com\/#\/schema\/person\/925650ea34ea4181154192c09316af88"},"image":{"@id":"https:\/\/stilorganizat.com\/?p=6338#primaryimage"},"thumbnailUrl":"https:\/\/stilorganizat.com\/wp-content\/uploads\/2019\/10\/Flori-in-Alsacia.jpg","keywords":["amenajarea gradinii","gradina pe luni","lucrari in gradina","organizare gradina","toamna in gradina"],"articleSection":["Featured","Gradina","Gradina pe luni"],"inLanguage":"en-US","potentialAction":[{"@type":"CommentAction","name":"Comment","target":["https:\/\/stilorganizat.com\/?p=6338#respond"]}]},{"@type":["Person","Organization"],"@id":"https:\/\/stilorganizat.com\/#\/schema\/person\/925650ea34ea4181154192c09316af88","name":"Ela","image":{"@type":"ImageObject","@id":"https:\/\/stilorganizat.com\/#personlogo","inLanguage":"en-US","url":"https:\/\/secure.gravatar.com\/avatar\/8760904c7f0aa36ea71caf9864f47f82?s=96&d=identicon&r=g","contentUrl":"https:\/\/secure.gravatar.com\/avatar\/8760904c7f0aa36ea71caf9864f47f82?s=96&d=identicon&r=g","caption":"Ela"},"logo":{"@id":"https:\/\/stilorganizat.com\/#personlogo"},"sameAs":["http:\/\/stilorganizat.ro"]}]}},"_links":{"self":[{"href":"https:\/\/stilorganizat.com\/index.php?rest_route=\/wp\/v2\/posts\/6338"}],"collection":[{"href":"https:\/\/stilorganizat.com\/index.php?rest_route=\/wp\/v2\/posts"}],"about":[{"href":"https:\/\/stilorganizat.com\/index.php?rest_route=\/wp\/v2\/types\/post"}],"author":[{"embeddable":true,"href":"https:\/\/stilorganizat.com\/index.php?rest_route=\/wp\/v2\/users\/1"}],"replies":[{"embeddable":true,"href":"https:\/\/stilorganizat.com\/index.php?rest_route=%2Fwp%2Fv2%2Fcomments&post=6338"}],"version-history":[{"count":18,"href":"https:\/\/stilorganizat.com\/index.php?rest_route=\/wp\/v2\/posts\/6338\/revisions"}],"predecessor-version":[{"id":7882,"href":"https:\/\/stilorganizat.com\/index.php?rest_route=\/wp\/v2\/posts\/6338\/revisions\/7882"}],"wp:featuredmedia":[{"embeddable":true,"href":"https:\/\/stilorganizat.com\/index.php?rest_route=\/wp\/v2\/media\/6365"}],"wp:attachment":[{"href":"https:\/\/stilorganizat.com\/index.php?rest_route=%2Fwp%2Fv2%2Fmedia&parent=6338"}],"wp:term":[{"taxonomy":"category","embeddable":true,"href":"https:\/\/stilorganizat.com\/index.php?rest_route=%2Fwp%2Fv2%2Fcategories&post=6338"},{"taxonomy":"post_tag","embeddable":true,"href":"https:\/\/stilorganizat.com\/index.php?rest_route=%2Fwp%2Fv2%2Ftags&post=6338"}],"curies":[{"name":"wp","href":"https:\/\/api.w.org\/{rel}","templated":true}]}}