{"id":6280,"date":"2021-08-21T08:54:00","date_gmt":"2021-08-21T05:54:00","guid":{"rendered":"https:\/\/stilorganizat.ro\/?p=6280"},"modified":"2021-08-21T19:08:20","modified_gmt":"2021-08-21T16:08:20","slug":"colectarea-semintelor","status":"publish","type":"post","link":"https:\/\/stilorganizat.com\/?p=6280","title":{"rendered":"Colectarea semin\u021belor"},"content":{"rendered":"\n<p>\u00cen zilele noastre este cel mai simplu s\u0103 te duci la magazin s\u0103 cumperi c\u00e2teva plicule\u021be de semin\u021be. \u00cens\u0103 s-ar putea s\u0103 pierzi o parte frumoas\u0103 a vie\u021bii de gr\u0103dinar. Colectarea semin\u021belor din propria gr\u0103din\u0103 (sau din altele) transcende secolele. Este undeva s\u0103dit ad\u00e2nc \u00een codul nostru genetic s\u0103 avem grij\u0103 de plante. Iar de aici porne\u0219te satisfac\u021bia de a \u00eengriji boabele minuscule peste iarn\u0103 \u0219i de a le planta mai t\u00e2rziu.<\/p>\n\n\n\n<p>Colectarea semin\u021belor atunci c\u00e2nd ai o gr\u0103din\u0103 este facil\u0103 \u0219i constituie una din pl\u0103cerile gr\u0103din\u0103ritului. Te plimbi printre plante \u0219i observi ce strategii ingenioase folosesc acestea pentru a se \u00eenmul\u021bi. <\/p>\n\n\n\n<figure class=\"wp-block-image size-large\"><img loading=\"lazy\" width=\"1024\" height=\"683\" src=\"https:\/\/stilorganizat.com\/wp-content\/uploads\/2019\/09\/seminte-de-cleome-1024x683.jpg\" alt=\"seminte de cleoma\" class=\"wp-image-7348\" srcset=\"https:\/\/stilorganizat.com\/wp-content\/uploads\/2019\/09\/seminte-de-cleome-1024x683.jpg 1024w, https:\/\/stilorganizat.com\/wp-content\/uploads\/2019\/09\/seminte-de-cleome-300x200.jpg 300w, https:\/\/stilorganizat.com\/wp-content\/uploads\/2019\/09\/seminte-de-cleome-768x512.jpg 768w, https:\/\/stilorganizat.com\/wp-content\/uploads\/2019\/09\/seminte-de-cleome-1536x1024.jpg 1536w, https:\/\/stilorganizat.com\/wp-content\/uploads\/2019\/09\/seminte-de-cleome.jpg 1800w\" sizes=\"(max-width: 1024px) 100vw, 1024px\" \/><figcaption>Semin\u021bele cleomei sunt interesante la fel ca inflorescen\u021bele sale<\/figcaption><\/figure>\n\n\n\n<p>Dincolo de satisfac\u021bia imediat\u0103 c\u0103 din m\u00e2inile tale va r\u0103s\u0103ri o via\u021b\u0103 nou\u0103, colectarea semin\u021belor prezint\u0103 multe avantaje:<\/p>\n\n\n\n<p><\/p>\n\n\n\n<ul><li>mult mai multe plante \u00eenflorite \u00een curte;<\/li><li>perpetuarea unor soiuri care se g\u0103sesc mai greu;<\/li><li>surpriza unei genera\u021bii de flori pu\u021bin mai altfel fa\u021b\u0103 de sezonul anterior.<\/li><\/ul>\n\n\n\n<p><\/p>\n\n\n\n<p>Singura obiec\u021bie \u021bine de hibrizii (nota\u021bi cu F1 pe plic) care dau genera\u021bii noi dezam\u0103gitoare. Eu am p\u0103\u021bit-o cu r\u0103sadurile de panselu\u021be. Acestea au avut flori imense c\u00e2nd le-am cump\u0103rat. Apoi, \u00een anii urm\u0103tori, aveau flori c\u00e2t v\u00e2rful unui bold! <\/p>\n\n\n\n<h2>Procedura de colectare<\/h2>\n\n\n\n<p>A\u0219tept s\u0103 se usuce florile, le str\u00e2ng cu grij\u0103 \u00een cutii sau pungi de h\u00e2rtie \u0219i le las la uscat \u00een continuare. Aleg semin\u021bele c\u00e2nd capsulele se desfac u\u0219or. Se observ\u0103 \u00een fotografie cum cad de la sine.<\/p>\n\n\n\n<p>Le a\u0219ez \u00een plicule\u021be. Obligatoriu notez pe ele numele plantei, locul \u0219i data colect\u0103rii. Apoi le conserv \u00eentr-un loc ferit de lumin\u0103 \u0219i umiditate.<\/p>\n\n\n\n<figure class=\"wp-block-image\"><img loading=\"lazy\" width=\"1024\" height=\"738\" src=\"https:\/\/stilorganizat.ro\/wp-content\/uploads\/2019\/09\/colectarea-semintelor-1024x738.jpg\" alt=\"colectarea semintelor\" class=\"wp-image-6283\" srcset=\"https:\/\/stilorganizat.com\/wp-content\/uploads\/2019\/09\/colectarea-semintelor-1024x738.jpg 1024w, https:\/\/stilorganizat.com\/wp-content\/uploads\/2019\/09\/colectarea-semintelor-300x216.jpg 300w, https:\/\/stilorganizat.com\/wp-content\/uploads\/2019\/09\/colectarea-semintelor-768x554.jpg 768w, https:\/\/stilorganizat.com\/wp-content\/uploads\/2019\/09\/colectarea-semintelor.jpg 1800w\" sizes=\"(max-width: 1024px) 100vw, 1024px\" \/><\/figure>\n\n\n\n<p>Fac \u00een acela\u0219i timp mici experimente. Las semin\u021be prin gr\u0103din\u0103 ca s\u0103 v\u0103d dac\u0103 prim\u0103vara urm\u0103toare unele plante vor r\u0103s\u0103ri spontan. <\/p>\n\n\n\n<p>Sunt c\u00e2teva soiuri care mi-au f\u0103cut astfel de surprize: petunii, borago, gura leului, col\u021buna\u0219i. <\/p>\n\n\n\n<p>Anul acesta mi-am propus s\u0103 p\u0103c\u0103lesc colombinele, care sunt destul de dificile c\u00e2nd e vorba s\u0103 le cre\u0219ti din semin\u021be. Dup\u0103 ani cu \u00eencerc\u0103ri nereu\u0219ite, am apelat la r\u0103saduri din pepiniere. Colombinele s-au \u00eenmul\u021bit apoi \u00een voie \u00een strat. Acum am luat cu totul tijele uscate \u0219i le-am aruncat \u00eentr-un alt loc din gr\u0103din\u0103. Le-a\u0219 putea determina s\u0103 r\u0103sar\u0103 unde vreau eu. Vom vedea la prim\u0103var\u0103!<\/p>\n\n\n\n<h2>Colectarea semin\u021belor de tomate <\/h2>\n\n\n\n<p>De c\u00e2nd am cump\u0103rat semin\u021be de tomate heirloom \u0219i le-am crescut \u00een gr\u0103din\u0103, m-am obi\u0219nuit s\u0103 le recoltez apoi de la fructele coapte. \u00cen afar\u0103 de situa\u021bia \u00een care e vorba de hibrizi (marca\u021bi cu F pe plicuri), din semin\u021be ar trebui s\u0103 apar\u0103 plante identice cu cele ini\u021biale.<\/p>\n\n\n\n<p>Pentru a recupera semin\u021bele, aleg exemplare mari, bine coapte \u0219i s\u0103n\u0103toase. A\u0219ez doar pulpa \u00een ap\u0103 \u0219i o las o zi-dou\u0103 la macerat. La final, semin\u021bele se desfac u\u0219or de partea c\u0103rnoas\u0103. M\u0103 asigur c\u0103 sunt bine sp\u0103late. Le usuc perfect \u00een aer liber pe o h\u00e2rtie absorbant\u0103, apoi le p\u0103strez peste iarn\u0103 \u00een plicule\u021be de h\u00e2rtie. Semin\u021bele sunt viabile 5 ani.<\/p>\n\n\n\n<p>Am citit \u0219i de alte metode, \u00een care se spal\u0103 imediat semin\u021bele sau se \u021bin la macerat c\u00e2teva zile doar \u00een sucul propriu. Oricare mod de prelevare este \u00een regul\u0103.<\/p>\n\n\n\n<h2>Colectarea semin\u021belor cu stil<\/h2>\n\n\n\n<p>Cum s\u0103 aduni semin\u021bele diferitelor tipuri de plante g\u0103se\u0219ti peste tot, pe internet. <\/p>\n\n\n\n<p>Dar pu\u021bini te sf\u0103tuiesc s\u0103 o faci cu stil.<\/p>\n\n\n\n<figure class=\"wp-block-image\"><img loading=\"lazy\" width=\"1024\" height=\"768\" src=\"https:\/\/stilorganizat.ro\/wp-content\/uploads\/2018\/02\/plicuri-cu-seminte-1024x768.jpg\" alt=\"plicuri cu seminte\" class=\"wp-image-5284\" srcset=\"https:\/\/stilorganizat.com\/wp-content\/uploads\/2018\/02\/plicuri-cu-seminte-1024x768.jpg 1024w, https:\/\/stilorganizat.com\/wp-content\/uploads\/2018\/02\/plicuri-cu-seminte-300x225.jpg 300w, https:\/\/stilorganizat.com\/wp-content\/uploads\/2018\/02\/plicuri-cu-seminte-768x576.jpg 768w, https:\/\/stilorganizat.com\/wp-content\/uploads\/2018\/02\/plicuri-cu-seminte.jpg 1800w\" sizes=\"(max-width: 1024px) 100vw, 1024px\" \/><figcaption>Plicuri incapatoare in care se pastreaza semintele aceluiasi soi, provenite din mai multe surse si din ani diferiti<\/figcaption><\/figure>\n\n\n\n<p>S\u0103 le p\u0103strezi:<\/p>\n\n\n\n<ul><li>\u00cen plicule\u021be personalizate cu desene \u00een creion sau acuarel\u0103. <\/li><li>Sau cu o mic\u0103 poveste cu t\u00e2lc, s\u0103 aminteasc\u0103 \u00eent\u00e2mplarea care a adus planta \u00een curte. <\/li><li>Poate cu o glum\u0103 de gr\u0103dinar \u0219tiut\u0103 doar de cunosc\u0103torii casei.<\/li><\/ul>\n\n\n\n<p>C\u00e2nd am timp, folosesc acuarele pe h\u00e2rtie special\u0103 pentru ornarea plicurilor.<\/p>\n\n\n\n<figure class=\"wp-block-image size-large\"><img loading=\"lazy\" width=\"1024\" height=\"683\" src=\"https:\/\/stilorganizat.com\/wp-content\/uploads\/2019\/09\/plicuri-in-acuarela-1024x683.jpg\" alt=\"pictez in acuarela pe plicurile de seminte\" class=\"wp-image-7347\" srcset=\"https:\/\/stilorganizat.com\/wp-content\/uploads\/2019\/09\/plicuri-in-acuarela-1024x683.jpg 1024w, https:\/\/stilorganizat.com\/wp-content\/uploads\/2019\/09\/plicuri-in-acuarela-300x200.jpg 300w, https:\/\/stilorganizat.com\/wp-content\/uploads\/2019\/09\/plicuri-in-acuarela-768x512.jpg 768w, https:\/\/stilorganizat.com\/wp-content\/uploads\/2019\/09\/plicuri-in-acuarela-1536x1024.jpg 1536w, https:\/\/stilorganizat.com\/wp-content\/uploads\/2019\/09\/plicuri-in-acuarela.jpg 1800w\" sizes=\"(max-width: 1024px) 100vw, 1024px\" \/><\/figure>\n\n\n\n<p>Dac\u0103 m\u0103 gr\u0103besc, sunt suficiente c\u00e2teva linii colorate, \u00een creion, pe h\u00e2rtie obi\u0219nuit\u0103.<\/p>\n\n\n\n<p>\u00centotdeauna pre\u021bioasele semin\u021be stau \u00een plicuri personalizate, demne de importan\u021ba lor pe acest p\u0103m\u00e2nt.<\/p>\n\n\n\n<p>Consider, \u00een plus, c\u0103 este frumos s\u0103 oferi un dar din gr\u0103din\u0103 astfel \u00eempachetat.<\/p>\n\n\n\n<figure class=\"wp-block-image\"><img loading=\"lazy\" width=\"1024\" height=\"768\" src=\"https:\/\/stilorganizat.ro\/wp-content\/uploads\/2019\/09\/plicuri-cu-seminte-si-desene-1024x768.jpg\" alt=\"colectarea semintelor in plicuri personalizate\" class=\"wp-image-6284\" srcset=\"https:\/\/stilorganizat.com\/wp-content\/uploads\/2019\/09\/plicuri-cu-seminte-si-desene-1024x768.jpg 1024w, https:\/\/stilorganizat.com\/wp-content\/uploads\/2019\/09\/plicuri-cu-seminte-si-desene-300x225.jpg 300w, https:\/\/stilorganizat.com\/wp-content\/uploads\/2019\/09\/plicuri-cu-seminte-si-desene-768x576.jpg 768w, https:\/\/stilorganizat.com\/wp-content\/uploads\/2019\/09\/plicuri-cu-seminte-si-desene.jpg 1800w\" sizes=\"(max-width: 1024px) 100vw, 1024px\" \/><\/figure>\n\n\n\n<p>Filele din c\u0103r\u021bi vechi reprezint\u0103 alt\u0103 modalitate de a p\u0103stra semin\u021be cu stil. Cu un mic desen \u00een tu\u0219 \u0219i o etichet\u0103 frumoas\u0103, nimic mai simplu \u0219i mai rafinat.<\/p>\n\n\n\n<figure class=\"wp-block-image size-large\"><a href=\"https:\/\/stilorganizat.com\/wp-content\/uploads\/2020\/09\/plicuri-cu-seminte.jpg\" rel=\"wp-prettyPhoto[6280]\"><img loading=\"lazy\" width=\"1024\" height=\"703\" src=\"https:\/\/stilorganizat.com\/wp-content\/uploads\/2020\/09\/plicuri-cu-seminte-1024x703.jpg\" alt=\"plicuri cu seminte din file de carte\" class=\"wp-image-7859\" srcset=\"https:\/\/stilorganizat.com\/wp-content\/uploads\/2020\/09\/plicuri-cu-seminte-1024x703.jpg 1024w, https:\/\/stilorganizat.com\/wp-content\/uploads\/2020\/09\/plicuri-cu-seminte-300x206.jpg 300w, https:\/\/stilorganizat.com\/wp-content\/uploads\/2020\/09\/plicuri-cu-seminte-768x527.jpg 768w, https:\/\/stilorganizat.com\/wp-content\/uploads\/2020\/09\/plicuri-cu-seminte-1536x1055.jpg 1536w, https:\/\/stilorganizat.com\/wp-content\/uploads\/2020\/09\/plicuri-cu-seminte.jpg 1800w\" sizes=\"(max-width: 1024px) 100vw, 1024px\" \/><\/a><\/figure>\n\n\n\n<p>Iar unele semin\u021be pot fi p\u0103strate ca decor, ca cele de mac din fotografia de sus.<\/p>\n\n\n\n<p>Plicul cu numele unei plante poate r\u0103m\u00e2ne ani la r\u00e2nd acela\u0219i. \u00cen interiorul lui, fiecare genera\u021bie de la care s-au str\u00e2ns semin\u021bele va avea propria pungu\u021b\u0103. Eventual, pe l\u00e2ng\u0103 an, va fi scris\u0103 \u0219i o caracteristic\u0103 aparte. Pentru c\u0103 florile au bunul obicei de a se \u00eencruci\u0219a \u0219i a reveni \u00een sezonul urm\u0103tor \u00een culori u\u0219or diferite. <\/p>\n\n\n\n<p>Balconul este locul perfect pentru pictat.<\/p>\n\n\n\n<figure class=\"wp-block-image size-large\"><img loading=\"lazy\" width=\"1024\" height=\"683\" src=\"https:\/\/stilorganizat.com\/wp-content\/uploads\/2019\/09\/pictat-pe-balcon-1024x683.jpg\" alt=\"pictat pe balcon\" class=\"wp-image-7346\" srcset=\"https:\/\/stilorganizat.com\/wp-content\/uploads\/2019\/09\/pictat-pe-balcon-1024x683.jpg 1024w, https:\/\/stilorganizat.com\/wp-content\/uploads\/2019\/09\/pictat-pe-balcon-300x200.jpg 300w, https:\/\/stilorganizat.com\/wp-content\/uploads\/2019\/09\/pictat-pe-balcon-768x512.jpg 768w, https:\/\/stilorganizat.com\/wp-content\/uploads\/2019\/09\/pictat-pe-balcon-1536x1024.jpg 1536w, https:\/\/stilorganizat.com\/wp-content\/uploads\/2019\/09\/pictat-pe-balcon.jpg 1800w\" sizes=\"(max-width: 1024px) 100vw, 1024px\" \/><\/figure>\n\n\n\n<p>V\u0103 aminti\u021bi de <a href=\"https:\/\/stilorganizat.ro\/?p=5279\" target=\"_blank\" rel=\"noreferrer noopener\" aria-label=\"l\u0103di\u021ba cu semin\u021be? (opens in a new tab)\">l\u0103di\u021ba cu semin\u021be?<\/a> Este tezaurul de vise pentru anul urm\u0103tor. Mereu sper c\u0103 va fi mai bine, poate chiar ceva perfect, p\u00e2n\u0103 dau piept cu realitatea vie\u021bii de gr\u0103dinar&#8230;<\/p>\n\n\n\n<figure class=\"wp-block-image\"><img loading=\"lazy\" width=\"1024\" height=\"775\" src=\"https:\/\/stilorganizat.ro\/wp-content\/uploads\/2018\/02\/ladita-cu-seminte-3-1024x775.jpg\" alt=\"ladita de seminte\" class=\"wp-image-5283\" srcset=\"https:\/\/stilorganizat.com\/wp-content\/uploads\/2018\/02\/ladita-cu-seminte-3-1024x775.jpg 1024w, https:\/\/stilorganizat.com\/wp-content\/uploads\/2018\/02\/ladita-cu-seminte-3-300x227.jpg 300w, https:\/\/stilorganizat.com\/wp-content\/uploads\/2018\/02\/ladita-cu-seminte-3-768x581.jpg 768w, https:\/\/stilorganizat.com\/wp-content\/uploads\/2018\/02\/ladita-cu-seminte-3.jpg 1800w\" sizes=\"(max-width: 1024px) 100vw, 1024px\" \/><figcaption>Se face inventarul dintr-o privire!<\/figcaption><\/figure>\n","protected":false},"excerpt":{"rendered":"<p>\u00cen zilele noastre este cel mai simplu s\u0103 te duci la magazin s\u0103 cumperi c\u00e2teva plicule\u021be de semin\u021be. \u00cens\u0103 s-ar putea s\u0103 pierzi o parte frumoas\u0103 a vie\u021bii de gr\u0103dinar. Colectarea semin\u021belor din propria gr\u0103din\u0103 (sau din altele) transcende secolele. Este undeva s\u0103dit ad\u00e2nc \u00een codul nostru genetic s\u0103 avem grij\u0103 de plante. Iar de aici porne\u0219te satisfac\u021bia de a \u00eengriji boabele minuscule peste iarn\u0103 \u0219i de a le planta mai t\u00e2rziu. Colectarea semin\u021belor atunci c\u00e2nd ai o gr\u0103din\u0103 este<\/p>\n","protected":false},"author":1,"featured_media":5284,"comment_status":"open","ping_status":"open","sticky":false,"template":"","format":"standard","meta":[],"categories":[37,8,26],"tags":[342,72,279,132,181,278,341,343],"yoast_head":"<!-- This site is optimized with the Yoast SEO plugin v17.7.1 - https:\/\/yoast.com\/wordpress\/plugins\/seo\/ -->\n<title>Colectarea semin\u021belor - Utile in gradina - StilOrganizat<\/title>\n<meta name=\"description\" content=\"Colectarea semin\u021belor pentru sezonul urm\u0103tor o pute\u021bi face foarte u\u0219or. Iar dac\u0103 ad\u0103uga\u021bi plicule\u021be personalizate cu desene, o face\u021bi cu stil.\" \/>\n<meta name=\"robots\" content=\"index, follow, max-snippet:-1, max-image-preview:large, max-video-preview:-1\" \/>\n<link rel=\"canonical\" href=\"https:\/\/stilorganizat.com\/?p=6280\" \/>\n<meta property=\"og:locale\" content=\"en_US\" \/>\n<meta property=\"og:type\" content=\"article\" \/>\n<meta property=\"og:title\" content=\"Colectarea semin\u021belor - Utile in gradina - StilOrganizat\" \/>\n<meta property=\"og:description\" content=\"Colectarea semin\u021belor pentru sezonul urm\u0103tor o pute\u021bi face foarte u\u0219or. Iar dac\u0103 ad\u0103uga\u021bi plicule\u021be personalizate cu desene, o face\u021bi cu stil.\" \/>\n<meta property=\"og:url\" content=\"https:\/\/stilorganizat.com\/?p=6280\" \/>\n<meta property=\"og:site_name\" content=\"StilOrganizat\" \/>\n<meta property=\"article:published_time\" content=\"2021-08-21T05:54:00+00:00\" \/>\n<meta property=\"article:modified_time\" content=\"2021-08-21T16:08:20+00:00\" \/>\n<meta property=\"og:image\" content=\"https:\/\/stilorganizat.com\/wp-content\/uploads\/2018\/02\/plicuri-cu-seminte.jpg\" \/>\n\t<meta property=\"og:image:width\" content=\"1800\" \/>\n\t<meta property=\"og:image:height\" content=\"1350\" \/>\n<meta name=\"twitter:card\" content=\"summary_large_image\" \/>\n<meta name=\"twitter:label1\" content=\"Written by\" \/>\n\t<meta name=\"twitter:data1\" content=\"Ela\" \/>\n\t<meta name=\"twitter:label2\" content=\"Est. reading time\" \/>\n\t<meta name=\"twitter:data2\" content=\"6 minutes\" \/>\n<script type=\"application\/ld+json\" class=\"yoast-schema-graph\">{\"@context\":\"https:\/\/schema.org\",\"@graph\":[{\"@type\":\"WebSite\",\"@id\":\"https:\/\/stilorganizat.com\/#website\",\"url\":\"https:\/\/stilorganizat.com\/\",\"name\":\"StilOrganizat\",\"description\":\"\",\"publisher\":{\"@id\":\"https:\/\/stilorganizat.com\/#\/schema\/person\/925650ea34ea4181154192c09316af88\"},\"potentialAction\":[{\"@type\":\"SearchAction\",\"target\":{\"@type\":\"EntryPoint\",\"urlTemplate\":\"https:\/\/stilorganizat.com\/?s={search_term_string}\"},\"query-input\":\"required name=search_term_string\"}],\"inLanguage\":\"en-US\"},{\"@type\":\"ImageObject\",\"@id\":\"https:\/\/stilorganizat.com\/?p=6280#primaryimage\",\"inLanguage\":\"en-US\",\"url\":\"https:\/\/stilorganizat.com\/wp-content\/uploads\/2018\/02\/plicuri-cu-seminte.jpg\",\"contentUrl\":\"https:\/\/stilorganizat.com\/wp-content\/uploads\/2018\/02\/plicuri-cu-seminte.jpg\",\"width\":1800,\"height\":1350,\"caption\":\"Plicuri incapatoare in care se pastreaza semintele aceluiasi soi, provenite din mai multe surse si din ani diferiti\"},{\"@type\":\"WebPage\",\"@id\":\"https:\/\/stilorganizat.com\/?p=6280#webpage\",\"url\":\"https:\/\/stilorganizat.com\/?p=6280\",\"name\":\"Colectarea semin\\u021belor - Utile in gradina - StilOrganizat\",\"isPartOf\":{\"@id\":\"https:\/\/stilorganizat.com\/#website\"},\"primaryImageOfPage\":{\"@id\":\"https:\/\/stilorganizat.com\/?p=6280#primaryimage\"},\"datePublished\":\"2021-08-21T05:54:00+00:00\",\"dateModified\":\"2021-08-21T16:08:20+00:00\",\"description\":\"Colectarea semin\\u021belor pentru sezonul urm\\u0103tor o pute\\u021bi face foarte u\\u0219or. Iar dac\\u0103 ad\\u0103uga\\u021bi plicule\\u021be personalizate cu desene, o face\\u021bi cu stil.\",\"breadcrumb\":{\"@id\":\"https:\/\/stilorganizat.com\/?p=6280#breadcrumb\"},\"inLanguage\":\"en-US\",\"potentialAction\":[{\"@type\":\"ReadAction\",\"target\":[\"https:\/\/stilorganizat.com\/?p=6280\"]}]},{\"@type\":\"BreadcrumbList\",\"@id\":\"https:\/\/stilorganizat.com\/?p=6280#breadcrumb\",\"itemListElement\":[{\"@type\":\"ListItem\",\"position\":1,\"name\":\"Home\",\"item\":\"https:\/\/stilorganizat.com\/\"},{\"@type\":\"ListItem\",\"position\":2,\"name\":\"Gradina\",\"item\":\"https:\/\/stilorganizat.com\/?cat=8\"},{\"@type\":\"ListItem\",\"position\":3,\"name\":\"Utile in gradina\",\"item\":\"https:\/\/stilorganizat.com\/?cat=26\"},{\"@type\":\"ListItem\",\"position\":4,\"name\":\"Colectarea semin\\u021belor\"}]},{\"@type\":\"Article\",\"@id\":\"https:\/\/stilorganizat.com\/?p=6280#article\",\"isPartOf\":{\"@id\":\"https:\/\/stilorganizat.com\/?p=6280#webpage\"},\"author\":{\"@id\":\"https:\/\/stilorganizat.com\/#\/schema\/person\/925650ea34ea4181154192c09316af88\"},\"headline\":\"Colectarea semin\\u021belor\",\"datePublished\":\"2021-08-21T05:54:00+00:00\",\"dateModified\":\"2021-08-21T16:08:20+00:00\",\"mainEntityOfPage\":{\"@id\":\"https:\/\/stilorganizat.com\/?p=6280#webpage\"},\"wordCount\":937,\"commentCount\":4,\"publisher\":{\"@id\":\"https:\/\/stilorganizat.com\/#\/schema\/person\/925650ea34ea4181154192c09316af88\"},\"image\":{\"@id\":\"https:\/\/stilorganizat.com\/?p=6280#primaryimage\"},\"thumbnailUrl\":\"https:\/\/stilorganizat.com\/wp-content\/uploads\/2018\/02\/plicuri-cu-seminte.jpg\",\"keywords\":[\"colectarea semintelor\",\"gradina\",\"ladita cu seminte\",\"lucrari in gradina\",\"organizare gradina\",\"organizarea semintelor\",\"pastrarea semintelor\",\"seminte de plante\"],\"articleSection\":[\"Featured\",\"Gradina\",\"Utile in gradina\"],\"inLanguage\":\"en-US\",\"potentialAction\":[{\"@type\":\"CommentAction\",\"name\":\"Comment\",\"target\":[\"https:\/\/stilorganizat.com\/?p=6280#respond\"]}]},{\"@type\":[\"Person\",\"Organization\"],\"@id\":\"https:\/\/stilorganizat.com\/#\/schema\/person\/925650ea34ea4181154192c09316af88\",\"name\":\"Ela\",\"image\":{\"@type\":\"ImageObject\",\"@id\":\"https:\/\/stilorganizat.com\/#personlogo\",\"inLanguage\":\"en-US\",\"url\":\"https:\/\/secure.gravatar.com\/avatar\/8760904c7f0aa36ea71caf9864f47f82?s=96&d=identicon&r=g\",\"contentUrl\":\"https:\/\/secure.gravatar.com\/avatar\/8760904c7f0aa36ea71caf9864f47f82?s=96&d=identicon&r=g\",\"caption\":\"Ela\"},\"logo\":{\"@id\":\"https:\/\/stilorganizat.com\/#personlogo\"},\"sameAs\":[\"http:\/\/stilorganizat.ro\"]}]}<\/script>\n<!-- \/ Yoast SEO plugin. -->","yoast_head_json":{"title":"Colectarea semin\u021belor - Utile in gradina - StilOrganizat","description":"Colectarea semin\u021belor pentru sezonul urm\u0103tor o pute\u021bi face foarte u\u0219or. Iar dac\u0103 ad\u0103uga\u021bi plicule\u021be personalizate cu desene, o face\u021bi cu stil.","robots":{"index":"index","follow":"follow","max-snippet":"max-snippet:-1","max-image-preview":"max-image-preview:large","max-video-preview":"max-video-preview:-1"},"canonical":"https:\/\/stilorganizat.com\/?p=6280","og_locale":"en_US","og_type":"article","og_title":"Colectarea semin\u021belor - Utile in gradina - StilOrganizat","og_description":"Colectarea semin\u021belor pentru sezonul urm\u0103tor o pute\u021bi face foarte u\u0219or. Iar dac\u0103 ad\u0103uga\u021bi plicule\u021be personalizate cu desene, o face\u021bi cu stil.","og_url":"https:\/\/stilorganizat.com\/?p=6280","og_site_name":"StilOrganizat","article_published_time":"2021-08-21T05:54:00+00:00","article_modified_time":"2021-08-21T16:08:20+00:00","og_image":[{"width":1800,"height":1350,"url":"https:\/\/stilorganizat.com\/wp-content\/uploads\/2018\/02\/plicuri-cu-seminte.jpg","type":"image\/jpeg"}],"twitter_card":"summary_large_image","twitter_misc":{"Written by":"Ela","Est. reading time":"6 minutes"},"schema":{"@context":"https:\/\/schema.org","@graph":[{"@type":"WebSite","@id":"https:\/\/stilorganizat.com\/#website","url":"https:\/\/stilorganizat.com\/","name":"StilOrganizat","description":"","publisher":{"@id":"https:\/\/stilorganizat.com\/#\/schema\/person\/925650ea34ea4181154192c09316af88"},"potentialAction":[{"@type":"SearchAction","target":{"@type":"EntryPoint","urlTemplate":"https:\/\/stilorganizat.com\/?s={search_term_string}"},"query-input":"required name=search_term_string"}],"inLanguage":"en-US"},{"@type":"ImageObject","@id":"https:\/\/stilorganizat.com\/?p=6280#primaryimage","inLanguage":"en-US","url":"https:\/\/stilorganizat.com\/wp-content\/uploads\/2018\/02\/plicuri-cu-seminte.jpg","contentUrl":"https:\/\/stilorganizat.com\/wp-content\/uploads\/2018\/02\/plicuri-cu-seminte.jpg","width":1800,"height":1350,"caption":"Plicuri incapatoare in care se pastreaza semintele aceluiasi soi, provenite din mai multe surse si din ani diferiti"},{"@type":"WebPage","@id":"https:\/\/stilorganizat.com\/?p=6280#webpage","url":"https:\/\/stilorganizat.com\/?p=6280","name":"Colectarea semin\u021belor - Utile in gradina - StilOrganizat","isPartOf":{"@id":"https:\/\/stilorganizat.com\/#website"},"primaryImageOfPage":{"@id":"https:\/\/stilorganizat.com\/?p=6280#primaryimage"},"datePublished":"2021-08-21T05:54:00+00:00","dateModified":"2021-08-21T16:08:20+00:00","description":"Colectarea semin\u021belor pentru sezonul urm\u0103tor o pute\u021bi face foarte u\u0219or. Iar dac\u0103 ad\u0103uga\u021bi plicule\u021be personalizate cu desene, o face\u021bi cu stil.","breadcrumb":{"@id":"https:\/\/stilorganizat.com\/?p=6280#breadcrumb"},"inLanguage":"en-US","potentialAction":[{"@type":"ReadAction","target":["https:\/\/stilorganizat.com\/?p=6280"]}]},{"@type":"BreadcrumbList","@id":"https:\/\/stilorganizat.com\/?p=6280#breadcrumb","itemListElement":[{"@type":"ListItem","position":1,"name":"Home","item":"https:\/\/stilorganizat.com\/"},{"@type":"ListItem","position":2,"name":"Gradina","item":"https:\/\/stilorganizat.com\/?cat=8"},{"@type":"ListItem","position":3,"name":"Utile in gradina","item":"https:\/\/stilorganizat.com\/?cat=26"},{"@type":"ListItem","position":4,"name":"Colectarea semin\u021belor"}]},{"@type":"Article","@id":"https:\/\/stilorganizat.com\/?p=6280#article","isPartOf":{"@id":"https:\/\/stilorganizat.com\/?p=6280#webpage"},"author":{"@id":"https:\/\/stilorganizat.com\/#\/schema\/person\/925650ea34ea4181154192c09316af88"},"headline":"Colectarea semin\u021belor","datePublished":"2021-08-21T05:54:00+00:00","dateModified":"2021-08-21T16:08:20+00:00","mainEntityOfPage":{"@id":"https:\/\/stilorganizat.com\/?p=6280#webpage"},"wordCount":937,"commentCount":4,"publisher":{"@id":"https:\/\/stilorganizat.com\/#\/schema\/person\/925650ea34ea4181154192c09316af88"},"image":{"@id":"https:\/\/stilorganizat.com\/?p=6280#primaryimage"},"thumbnailUrl":"https:\/\/stilorganizat.com\/wp-content\/uploads\/2018\/02\/plicuri-cu-seminte.jpg","keywords":["colectarea semintelor","gradina","ladita cu seminte","lucrari in gradina","organizare gradina","organizarea semintelor","pastrarea semintelor","seminte de plante"],"articleSection":["Featured","Gradina","Utile in gradina"],"inLanguage":"en-US","potentialAction":[{"@type":"CommentAction","name":"Comment","target":["https:\/\/stilorganizat.com\/?p=6280#respond"]}]},{"@type":["Person","Organization"],"@id":"https:\/\/stilorganizat.com\/#\/schema\/person\/925650ea34ea4181154192c09316af88","name":"Ela","image":{"@type":"ImageObject","@id":"https:\/\/stilorganizat.com\/#personlogo","inLanguage":"en-US","url":"https:\/\/secure.gravatar.com\/avatar\/8760904c7f0aa36ea71caf9864f47f82?s=96&d=identicon&r=g","contentUrl":"https:\/\/secure.gravatar.com\/avatar\/8760904c7f0aa36ea71caf9864f47f82?s=96&d=identicon&r=g","caption":"Ela"},"logo":{"@id":"https:\/\/stilorganizat.com\/#personlogo"},"sameAs":["http:\/\/stilorganizat.ro"]}]}},"_links":{"self":[{"href":"https:\/\/stilorganizat.com\/index.php?rest_route=\/wp\/v2\/posts\/6280"}],"collection":[{"href":"https:\/\/stilorganizat.com\/index.php?rest_route=\/wp\/v2\/posts"}],"about":[{"href":"https:\/\/stilorganizat.com\/index.php?rest_route=\/wp\/v2\/types\/post"}],"author":[{"embeddable":true,"href":"https:\/\/stilorganizat.com\/index.php?rest_route=\/wp\/v2\/users\/1"}],"replies":[{"embeddable":true,"href":"https:\/\/stilorganizat.com\/index.php?rest_route=%2Fwp%2Fv2%2Fcomments&post=6280"}],"version-history":[{"count":16,"href":"https:\/\/stilorganizat.com\/index.php?rest_route=\/wp\/v2\/posts\/6280\/revisions"}],"predecessor-version":[{"id":7862,"href":"https:\/\/stilorganizat.com\/index.php?rest_route=\/wp\/v2\/posts\/6280\/revisions\/7862"}],"wp:featuredmedia":[{"embeddable":true,"href":"https:\/\/stilorganizat.com\/index.php?rest_route=\/wp\/v2\/media\/5284"}],"wp:attachment":[{"href":"https:\/\/stilorganizat.com\/index.php?rest_route=%2Fwp%2Fv2%2Fmedia&parent=6280"}],"wp:term":[{"taxonomy":"category","embeddable":true,"href":"https:\/\/stilorganizat.com\/index.php?rest_route=%2Fwp%2Fv2%2Fcategories&post=6280"},{"taxonomy":"post_tag","embeddable":true,"href":"https:\/\/stilorganizat.com\/index.php?rest_route=%2Fwp%2Fv2%2Ftags&post=6280"}],"curies":[{"name":"wp","href":"https:\/\/api.w.org\/{rel}","templated":true}]}}