{"id":6265,"date":"2021-09-04T20:48:00","date_gmt":"2021-09-04T17:48:00","guid":{"rendered":"https:\/\/stilorganizat.ro\/?p=6265"},"modified":"2021-09-04T23:38:02","modified_gmt":"2021-09-04T20:38:02","slug":"gradina-in-septembrie-ce-e-de-facut","status":"publish","type":"post","link":"https:\/\/stilorganizat.com\/?p=6265","title":{"rendered":"Gr\u0103dina \u00een septembrie &#8211; ce e de f\u0103cut"},"content":{"rendered":"\n<p>Anul trecut \u00eencepeam a\u0219a: \u00eenc\u0103 un an cu secet\u0103 prelungit\u0103. Ce s\u0103 mai spun de aceast\u0103 var\u0103 \u00een care a plouat bine \u00een zona noastr\u0103 doar de dou\u0103 ori? (Restul precipita\u021biilor care au adunat c\u00e2teva pic\u0103turi nu se pot pune). Cu mari eforturi am reu\u0219it s\u0103 men\u021binem vii plantele pe timpul verii. S\u0103 vedem ce vom face cu gr\u0103dina \u00een septembrie.<\/p>\n\n\n\n<h2 class=\"has-text-align-center\">Obiective pentru gr\u0103dina \u00een septembrie<\/h2>\n\n\n\n<p>Dimine\u021bile devin r\u0103coroase, uneori chiar neguroase, semn c\u0103 toamna se apropie cu pa\u0219i mici. C\u0103ldura s-a domolit, iar zilele sunt dulci \u0219i pl\u0103cute. <\/p>\n\n\n\n<p>\u0218i plantele se simt acum mai bine, dup\u0103 ce a trecut canicula. \u00cencep s\u0103 revin\u0103 la via\u021b\u0103, s\u0103 le apar\u0103 iar boboci, iar verdele frunzelor cap\u0103t\u0103 culori mai vii.  <\/p>\n\n\n\n<p>Petrecerea timpului \u00een gr\u0103din\u0103 acum, f\u0103r\u0103 c\u0103ldura sufocant\u0103, este o delectare. Fie c\u0103 ne g\u0103sim c\u00e2te ceva de lucru printre plante, fie c\u0103 ne odihnim sau lu\u0103m masa.<\/p>\n\n\n\n<p>\u00cen acela\u0219i timp, s\u0103 ne g\u00e2ndim la viitor. Pentru c\u0103&#8230;<\/p>\n\n\n\n<h2 class=\"has-text-align-center\"> Sezonul urm\u0103tor de gr\u0103din\u0103rit \u00eencepe toamna!<\/h2>\n\n\n\n<p>Nu trebuie s\u0103 a\u0219tept\u0103m iarna pentru a face planuri de cum va ar\u0103ta gr\u0103dina anul viitor. Acum o avem \u00een fa\u021ba ochilor! <\/p>\n\n\n\n<p>O plimbare prin gr\u0103din\u0103 cu observarea atent\u0103 a plantelor e util\u0103 pentru a vedea ce a mers bine \u0219i ce nu anul acesta. Dac\u0103 unor plante nu le-a priit \u00een locul \u00een care au fost puse, vom cerceta cu ce am gre\u0219it: cu expunerea la soare, cu tipul de sol sau modul de udare. Vom c\u0103uta s\u0103 le g\u0103sim un loc mai potrivit sau vom renun\u021ba la ele. <\/p>\n\n\n\n<p>Pepinierele sunt iar\u0103\u0219i pline de r\u0103saduri, ofertele se \u021bin lan\u021b \u0219i toate ne \u00eembie s\u0103 facem noi \u00eencerc\u0103ri. R\u0103m\u00e2ne s\u0103 lu\u0103m decizii.<\/p>\n\n\n\n<p>Chiar de la \u00eenceputul lunii trebuie comanda\u021bi bulbii de lalele sau alte flori de prim\u0103var\u0103. Stocurile nu sunt at\u00e2t de mari \u0219i risc\u0103m altfel s\u0103 nu mai g\u0103sim soiurile preferate.<\/p>\n\n\n\n<p>Anul acesta am comandat deja peste 500 de bulbi de lalele! \u00cencurajat\u0103 de reu\u0219ita plant\u0103rii lor \u00een ghivece, voi repeta scenariul la scar\u0103 mai mare. Sper c\u0103 va fi un spectacol deosebit!<\/p>\n\n\n\n<figure class=\"wp-block-image size-large\"><a href=\"https:\/\/stilorganizat.com\/wp-content\/uploads\/2021\/05\/lalele-in-ghiveci.jpg\" rel=\"wp-prettyPhoto[6265]\"><img loading=\"lazy\" width=\"1024\" height=\"683\" src=\"https:\/\/stilorganizat.com\/wp-content\/uploads\/2021\/05\/lalele-in-ghiveci-1024x683.jpg\" alt=\"lalele in ghiveci\" class=\"wp-image-7744\" srcset=\"https:\/\/stilorganizat.com\/wp-content\/uploads\/2021\/05\/lalele-in-ghiveci-1024x683.jpg 1024w, https:\/\/stilorganizat.com\/wp-content\/uploads\/2021\/05\/lalele-in-ghiveci-300x200.jpg 300w, https:\/\/stilorganizat.com\/wp-content\/uploads\/2021\/05\/lalele-in-ghiveci-768x512.jpg 768w, https:\/\/stilorganizat.com\/wp-content\/uploads\/2021\/05\/lalele-in-ghiveci-1536x1024.jpg 1536w, https:\/\/stilorganizat.com\/wp-content\/uploads\/2021\/05\/lalele-in-ghiveci.jpg 1800w\" sizes=\"(max-width: 1024px) 100vw, 1024px\" \/><\/a><\/figure>\n\n\n\n<h2 class=\"has-text-align-center\">Exemplul unui strat de flori (o evaluare a gr\u0103dinii)<\/h2>\n\n\n\n<p>Am un exemplu de strat care a fost spectaculos \u00een lunile de prim\u0103var\u0103 \u0219i \u00eenceput de var\u0103; acum e dezolant. De la acest peisaj, cu lalele&#8230;<\/p>\n\n\n\n<figure class=\"wp-block-image size-large\"><img loading=\"lazy\" width=\"841\" height=\"1024\" src=\"https:\/\/stilorganizat.com\/wp-content\/uploads\/2019\/05\/lalele-in-strat-841x1024.jpg\" alt=\"lalele mov\" class=\"wp-image-7065\" srcset=\"https:\/\/stilorganizat.com\/wp-content\/uploads\/2019\/05\/lalele-in-strat-841x1024.jpg 841w, https:\/\/stilorganizat.com\/wp-content\/uploads\/2019\/05\/lalele-in-strat-246x300.jpg 246w, https:\/\/stilorganizat.com\/wp-content\/uploads\/2019\/05\/lalele-in-strat-768x935.jpg 768w, https:\/\/stilorganizat.com\/wp-content\/uploads\/2019\/05\/lalele-in-strat-1261x1536.jpg 1261w, https:\/\/stilorganizat.com\/wp-content\/uploads\/2019\/05\/lalele-in-strat-300x365.jpg 300w, https:\/\/stilorganizat.com\/wp-content\/uploads\/2019\/05\/lalele-in-strat.jpg 1400w\" sizes=\"(max-width: 841px) 100vw, 841px\" \/><\/figure>\n\n\n\n<p>&#8230;a urmat acesta, la \u00eenceputul verii.<\/p>\n\n\n\n<figure class=\"wp-block-image size-large\"><img loading=\"lazy\" width=\"768\" height=\"1024\" src=\"https:\/\/stilorganizat.com\/wp-content\/uploads\/2018\/05\/strat-cu-flori-din-gradina-la-sfarsit-de-mai-768x1024.jpg\" alt=\"gradina la sfarsit de mai- strat insorit\" class=\"wp-image-7122\" srcset=\"https:\/\/stilorganizat.com\/wp-content\/uploads\/2018\/05\/strat-cu-flori-din-gradina-la-sfarsit-de-mai-768x1024.jpg 768w, https:\/\/stilorganizat.com\/wp-content\/uploads\/2018\/05\/strat-cu-flori-din-gradina-la-sfarsit-de-mai-225x300.jpg 225w, https:\/\/stilorganizat.com\/wp-content\/uploads\/2018\/05\/strat-cu-flori-din-gradina-la-sfarsit-de-mai-1152x1536.jpg 1152w, https:\/\/stilorganizat.com\/wp-content\/uploads\/2018\/05\/strat-cu-flori-din-gradina-la-sfarsit-de-mai-300x400.jpg 300w, https:\/\/stilorganizat.com\/wp-content\/uploads\/2018\/05\/strat-cu-flori-din-gradina-la-sfarsit-de-mai.jpg 1200w\" sizes=\"(max-width: 768px) 100vw, 768px\" \/><\/figure>\n\n\n\n<p>Pe m\u0103sur\u0103 ce treceau zilele, florile de Lychnis coronaria deveneau tot mai spectaculoase.<\/p>\n\n\n\n<figure class=\"wp-block-image size-large\"><img loading=\"lazy\" width=\"1024\" height=\"777\" src=\"https:\/\/stilorganizat.com\/wp-content\/uploads\/2020\/07\/suport-de-flori-1024x777.jpg\" alt=\"suport de flori\" class=\"wp-image-7228\" srcset=\"https:\/\/stilorganizat.com\/wp-content\/uploads\/2020\/07\/suport-de-flori-1024x777.jpg 1024w, https:\/\/stilorganizat.com\/wp-content\/uploads\/2020\/07\/suport-de-flori-300x228.jpg 300w, https:\/\/stilorganizat.com\/wp-content\/uploads\/2020\/07\/suport-de-flori-768x582.jpg 768w, https:\/\/stilorganizat.com\/wp-content\/uploads\/2020\/07\/suport-de-flori.jpg 1200w\" sizes=\"(max-width: 1024px) 100vw, 1024px\" \/><\/figure>\n\n\n\n<p>Ca acum, la \u00eenceput de septembrie, aleea s\u0103 arate a\u0219a:<\/p>\n\n\n\n<figure class=\"wp-block-image size-large\"><img loading=\"lazy\" width=\"1024\" height=\"683\" src=\"https:\/\/stilorganizat.com\/wp-content\/uploads\/2019\/09\/gradina-in-septembrie-1024x683.jpg\" alt=\"Gradina in septembrie\" class=\"wp-image-7345\" srcset=\"https:\/\/stilorganizat.com\/wp-content\/uploads\/2019\/09\/gradina-in-septembrie-1024x683.jpg 1024w, https:\/\/stilorganizat.com\/wp-content\/uploads\/2019\/09\/gradina-in-septembrie-300x200.jpg 300w, https:\/\/stilorganizat.com\/wp-content\/uploads\/2019\/09\/gradina-in-septembrie-768x512.jpg 768w, https:\/\/stilorganizat.com\/wp-content\/uploads\/2019\/09\/gradina-in-septembrie-1536x1024.jpg 1536w, https:\/\/stilorganizat.com\/wp-content\/uploads\/2019\/09\/gradina-in-septembrie.jpg 1800w\" sizes=\"(max-width: 1024px) 100vw, 1024px\" \/><\/figure>\n\n\n\n<p>Ce e de f\u0103cut pentru ca un strat s\u0103 arate binetot timpul anului? <\/p>\n\n\n\n<p>De la caz la caz, trebuie ad\u0103ugate plante perene cu \u00eenflorire toamna, plante anuale sau ghivece cu flori.<\/p>\n\n\n\n<p>\u00cen cazul acestui strat, pe el sunt plante perene ve\u0219nic verzi \u00een primul an. Mai am de a\u0219teptat doi ani p\u00e2n\u0103 ce acestea s\u0103 ajung\u0103 la maturitate, cu \u021binut\u0103 aspectuoas\u0103 \u0219i dup\u0103 ce florile trec. De aceea, aici nu  voi putea planta crizanteme, de exemplu. Dar pentru pete de culoare, am hot\u0103r\u00e2t ca anul viitor s\u0103 r\u0103s\u0103desc ni\u0219te flori de var\u0103 anuale de statur\u0103 mic\u0103, cu \u00eenflorire p\u00e2n\u0103 t\u00e2rziu \u00een toamn\u0103.<\/p>\n\n\n\n<p>Pentru anul acesta voi ad\u0103uga c\u00e2teva ghivece cu flori.<\/p>\n\n\n\n<p>Desigur c\u0103 e nevoie de un pic de experien\u021b\u0103, de multe \u00eencerc\u0103ri \u0219i de inevitabile e\u0219ecuri p\u00e2n\u0103 c\u00e2nd \u00eencepem s\u0103 intuim, \u00een mod natural, ce avem de f\u0103cut.<\/p>\n\n\n\n<p>Ideea e c\u0103 fiecare strat de flori poate fi \u00eembun\u0103t\u0103\u021bit. Acum \u00eel vedem cel mai bine \u0219i acum trebuie s\u0103 hot\u0103r\u00e2m ce vom face pentru anul urm\u0103tor.<\/p>\n\n\n\n<h2 class=\"has-text-align-center\">Lucr\u0103ri generale<\/h2>\n\n\n\n<h3>Cur\u0103\u021bare<\/h3>\n\n\n\n<p>Dup\u0103 perioada de var\u0103 (canicul\u0103, concedii) trebuie luate la r\u00e2nd din nou straturile din gr\u0103din\u0103. Eliminarea buruienilor acum e mult mai eficient\u0103. Acestea nu vor apuca s\u0103 produc\u0103 semin\u021be, iar prim\u0103vara va fi mai u\u0219or de gestionat problema lor. <\/p>\n\n\n\n<p>De asemenea, e necesar\u0103 o trecere prin toat\u0103 gr\u0103dina pentru a \u00eenl\u0103tura florile ofilite, crengile \u0219i frunzele uscate. <\/p>\n\n\n\n<h3>Udare<\/h3>\n\n\n\n<p>Septembrie aduce ploaie, \u00een sf\u00e2r\u0219it. Dac\u0103 perioadele dintre ploi sunt mai mari, gr\u0103dina trebuie udat\u0103 temeinic o dat\u0103 pe s\u0103pt\u0103m\u00e2n\u0103. E mult mai s\u0103n\u0103tos pentru plante dec\u00e2t udat c\u00e2te pu\u021bin \u00een fiecare zi. Deoarece, \u00een acest ultim caz, r\u0103d\u0103cinile se ridic\u0103 la suprafa\u021ba solului dup\u0103 ap\u0103, iar la venirea iernii, acestea au \u0219anse s\u0103 \u00eenghe\u021be, iar planta s\u0103 fie compromis\u0103.<\/p>\n\n\n\n<p><\/p>\n\n\n\n<h2 class=\"has-text-align-center\">Plant\u0103ri<\/h2>\n\n\n\n<p>Se planteaz\u0103 cel mai bine toamna, la \u00eenceputul ei. Fie c\u0103 e vorba de bulbi, arbori, arbu\u0219ti sau plante perene. Dac\u0103 \u00eent\u00e2rziem mai mult, acestea nu vor avea timp s\u0103 \u00ee\u0219i stabilizeze r\u0103d\u0103cinile \u0219i s\u0103 se obi\u0219nuiasc\u0103 \u00een noul loc p\u00e2n\u0103 la venirea frigului. <\/p>\n\n\n\n<p>Pe un caiet notez pentru fiecare loc ce doresc \u0219i cump\u0103r c\u00e2t mai multe plante acum. Iar la prim\u0103var\u0103, acestea vor fi deja cu un pas \u00eenainte pentru noul sezon. <\/p>\n\n\n\n<p>Am, de asemenea, o list\u0103 de magazine de plante de unde am f\u0103cut achizi\u021bii bune, p\u0103strez facturile ca s\u0103 \u0219tiu ce am luat \u0219i de unde. E foarte util\u0103 aceast\u0103 trasabilitate, mai ales \u00een cazul cump\u0103r\u0103turilor ce se repet\u0103 an de an.<\/p>\n\n\n\n<p>Pentru lucr\u0103rile din gr\u0103din\u0103 am un plantator excelent \u0219i <a aria-label=\"am scris acum ceva timp despre el (opens in a new tab)\" rel=\"noreferrer noopener\" href=\"https:\/\/stilorganizat.ro\/?p=5852\" target=\"_blank\">am scris acum ceva timp despre el<\/a>.<\/p>\n\n\n\n<h2 class=\"has-text-align-center\">Colectarea semin\u021belor<\/h2>\n\n\n\n<p>E o pl\u0103cere s\u0103 te plimbi prin gr\u0103din\u0103 \u0219i s\u0103 observi ce strategii de \u00eenmul\u021bire a dezvoltat fiecare plant\u0103. Apoi, s\u0103 aduni pre\u021bioase semin\u021be \u0219i s\u0103 le p\u0103strezi cu stil, dup\u0103 cum am scris on <a aria-label=\"undefined (opens in a new tab)\" href=\"https:\/\/stilorganizat.com\/?p=6280\" target=\"_blank\" rel=\"noreferrer noopener\">Colectarea semin\u021belor.<\/a><\/p>\n\n\n\n<figure class=\"wp-block-image size-large\"><img loading=\"lazy\" width=\"1024\" height=\"683\" src=\"https:\/\/stilorganizat.com\/wp-content\/uploads\/2019\/09\/plicuri-in-acuarela-1024x683.jpg\" alt=\"pictez in acuarela pe plicurile de seminte\" class=\"wp-image-7347\" srcset=\"https:\/\/stilorganizat.com\/wp-content\/uploads\/2019\/09\/plicuri-in-acuarela-1024x683.jpg 1024w, https:\/\/stilorganizat.com\/wp-content\/uploads\/2019\/09\/plicuri-in-acuarela-300x200.jpg 300w, https:\/\/stilorganizat.com\/wp-content\/uploads\/2019\/09\/plicuri-in-acuarela-768x512.jpg 768w, https:\/\/stilorganizat.com\/wp-content\/uploads\/2019\/09\/plicuri-in-acuarela-1536x1024.jpg 1536w, https:\/\/stilorganizat.com\/wp-content\/uploads\/2019\/09\/plicuri-in-acuarela.jpg 1800w\" sizes=\"(max-width: 1024px) 100vw, 1024px\" \/><\/figure>\n\n\n\n<p>Anul acesta nu am avut deloc timp de desene \u0219i am f\u0103cut ni\u0219te plicule\u021be din file de carte. Foarte simplu, dar stilat.<\/p>\n\n\n\n<p><\/p>\n\n\n\n<figure class=\"wp-block-image size-large\"><a href=\"https:\/\/stilorganizat.com\/wp-content\/uploads\/2020\/09\/plicuri-cu-seminte.jpg\" rel=\"wp-prettyPhoto[6265]\"><img loading=\"lazy\" width=\"1024\" height=\"703\" src=\"https:\/\/stilorganizat.com\/wp-content\/uploads\/2020\/09\/plicuri-cu-seminte-1024x703.jpg\" alt=\"plicuri cu seminte din file de carte\" class=\"wp-image-7859\" srcset=\"https:\/\/stilorganizat.com\/wp-content\/uploads\/2020\/09\/plicuri-cu-seminte-1024x703.jpg 1024w, https:\/\/stilorganizat.com\/wp-content\/uploads\/2020\/09\/plicuri-cu-seminte-300x206.jpg 300w, https:\/\/stilorganizat.com\/wp-content\/uploads\/2020\/09\/plicuri-cu-seminte-768x527.jpg 768w, https:\/\/stilorganizat.com\/wp-content\/uploads\/2020\/09\/plicuri-cu-seminte-1536x1055.jpg 1536w, https:\/\/stilorganizat.com\/wp-content\/uploads\/2020\/09\/plicuri-cu-seminte.jpg 1800w\" sizes=\"(max-width: 1024px) 100vw, 1024px\" \/><\/a><\/figure>\n\n\n\n<h2 class=\"has-text-align-center\">Plante perene<\/h2>\n\n\n\n<p>T\u0103ierea plantelor perene e cel mai bine s\u0103 o l\u0103s\u0103m pentru prim\u0103var\u0103. Acestea au farmecul lor iarna \u00een straturi, se acoper\u0103 de promoroac\u0103, \u021bin peisajul interesant, iar semin\u021bele sunt hran\u0103 pentru p\u0103s\u0103ri.<\/p>\n\n\n\n<div class=\"wp-block-image\"><figure class=\"aligncenter\"><img loading=\"lazy\" width=\"621\" height=\"465\" src=\"https:\/\/stilorganizat.ro\/wp-content\/uploads\/2012\/10\/crizanteme-rosii-galbene-in-ghivece.jpg\" alt=\"crizanteme\" class=\"wp-image-1044\" srcset=\"https:\/\/stilorganizat.com\/wp-content\/uploads\/2012\/10\/crizanteme-rosii-galbene-in-ghivece.jpg 621w, https:\/\/stilorganizat.com\/wp-content\/uploads\/2012\/10\/crizanteme-rosii-galbene-in-ghivece-300x224.jpg 300w\" sizes=\"(max-width: 621px) 100vw, 621px\" \/><\/figure><\/div>\n\n\n\n<p>Doar cele care arat\u0103 r\u0103u trebuie t\u0103iate acum, cu grij\u0103 s\u0103 nu afect\u0103m baza plantei, unde deja \u00ee\u0219i fac apari\u021bia mugura\u0219i (rozete).<\/p>\n\n\n\n<p>Unele dintre ele sunt ve\u0219nic verzi, precum helleborus, garofi\u021bele, euphorbia, heuchera, cimbrul, lavanda. Acestea au evolu\u021bii interesante iarna.<\/p>\n\n\n\n<p>\u00cen schimb, e momentul propice s\u0103 le diviz\u0103m pe cele pe care le consider\u0103m prea dese. Dup\u0103 ce le transplant\u0103m, le ad\u0103ug\u0103m compost ca s\u0103 \u021bin\u0103 r\u0103d\u0103cinilor cald p\u00e2n\u0103 se dezvolt\u0103 suficient s\u0103 fac\u0103 fa\u021b\u0103 iernii. Pentru restul plantelor perene vom pune compost \u00een octombrie.<\/p>\n\n\n\n<p>Exemple din gr\u0103dina mea: crini de o zi (hemerocallis), iri\u0219i, bujori.<\/p>\n\n\n\n<p>Iar plantele bulboase de var\u0103 (dalii, gladiole) se scot \u0219i se p\u0103streaz\u0103 la loc rece. <\/p>\n\n\n\n<h2 class=\"has-text-align-center\">Straturi de flori<\/h2>\n\n\n\n<p>Pentru realizarea unor straturi noi de flori, ideal este s\u0103 preg\u0103tim p\u0103m\u00e2ntul de acum, fie c\u0103 vom planta toamna sau doar la prim\u0103var\u0103. Trebuie:<\/p>\n\n\n\n<ul><li>delimitat locul;<\/li><li>smulse buruienile;<\/li><li>adaugat compost pentru a \u00eembun\u0103t\u0103\u021bi solul.<\/li><\/ul>\n\n\n\n<p>Compostul se integreaz\u0103 \u00een sol \u00een timpul iernii, iar prim\u0103vara stratul este gata pentru plant\u0103ri. Dac\u0103 vom proceda la plant\u0103ri de acum, trebuie s\u0103 avem grij\u0103 s\u0103 protej\u0103m plantele la venirea frigului.<\/p>\n\n\n\n<h2 class=\"has-text-align-center\">Gazonul<\/h2>\n\n\n\n<p>Pe acesta \u00eenc\u0103 \u00eel t\u0103iem normal \u00een aceast\u0103 lun\u0103. Iarba o \u00eentindem la uscat \u0219i o vom folosi pentru mulcire.<\/p>\n\n\n\n<figure class=\"wp-block-image\"><img loading=\"lazy\" width=\"1024\" height=\"683\" src=\"https:\/\/stilorganizat.ro\/wp-content\/uploads\/2019\/08\/gradina-in-august-1024x683.jpg\" alt=\"gradina in august\" class=\"wp-image-6173\" srcset=\"https:\/\/stilorganizat.com\/wp-content\/uploads\/2019\/08\/gradina-in-august-1024x683.jpg 1024w, https:\/\/stilorganizat.com\/wp-content\/uploads\/2019\/08\/gradina-in-august-300x200.jpg 300w, https:\/\/stilorganizat.com\/wp-content\/uploads\/2019\/08\/gradina-in-august-768x512.jpg 768w, https:\/\/stilorganizat.com\/wp-content\/uploads\/2019\/08\/gradina-in-august.jpg 1800w\" sizes=\"(max-width: 1024px) 100vw, 1024px\" \/><\/figure>\n\n\n\n<h2 class=\"has-text-align-center\">Plante \u00een ghivece<\/h2>\n\n\n\n<p>C\u00e2teva ghivece cu flori de exterior din acest an:<\/p>\n\n\n\n<figure class=\"wp-block-image size-large\"><a href=\"https:\/\/stilorganizat.com\/wp-content\/uploads\/2020\/09\/ghiveci-cu-flori-roz.jpg\" rel=\"wp-prettyPhoto[6265]\"><img loading=\"lazy\" width=\"1024\" height=\"683\" src=\"https:\/\/stilorganizat.com\/wp-content\/uploads\/2020\/09\/ghiveci-cu-flori-roz-1024x683.jpg\" alt=\"ghiveci cu flori roz\" class=\"wp-image-7871\" srcset=\"https:\/\/stilorganizat.com\/wp-content\/uploads\/2020\/09\/ghiveci-cu-flori-roz-1024x683.jpg 1024w, https:\/\/stilorganizat.com\/wp-content\/uploads\/2020\/09\/ghiveci-cu-flori-roz-300x200.jpg 300w, https:\/\/stilorganizat.com\/wp-content\/uploads\/2020\/09\/ghiveci-cu-flori-roz-768x512.jpg 768w, https:\/\/stilorganizat.com\/wp-content\/uploads\/2020\/09\/ghiveci-cu-flori-roz-1536x1024.jpg 1536w, https:\/\/stilorganizat.com\/wp-content\/uploads\/2020\/09\/ghiveci-cu-flori-roz.jpg 1800w\" sizes=\"(max-width: 1024px) 100vw, 1024px\" \/><\/a><\/figure>\n\n\n\n<figure class=\"wp-block-image size-large\"><a href=\"https:\/\/stilorganizat.com\/wp-content\/uploads\/2020\/09\/ghiveci-cu-petunii.jpg\" rel=\"wp-prettyPhoto[6265]\"><img loading=\"lazy\" width=\"1024\" height=\"683\" src=\"https:\/\/stilorganizat.com\/wp-content\/uploads\/2020\/09\/ghiveci-cu-petunii-1024x683.jpg\" alt=\"ghiveci cu petunii\" class=\"wp-image-7872\" srcset=\"https:\/\/stilorganizat.com\/wp-content\/uploads\/2020\/09\/ghiveci-cu-petunii-1024x683.jpg 1024w, https:\/\/stilorganizat.com\/wp-content\/uploads\/2020\/09\/ghiveci-cu-petunii-300x200.jpg 300w, https:\/\/stilorganizat.com\/wp-content\/uploads\/2020\/09\/ghiveci-cu-petunii-768x512.jpg 768w, https:\/\/stilorganizat.com\/wp-content\/uploads\/2020\/09\/ghiveci-cu-petunii-1536x1024.jpg 1536w, https:\/\/stilorganizat.com\/wp-content\/uploads\/2020\/09\/ghiveci-cu-petunii.jpg 1800w\" sizes=\"(max-width: 1024px) 100vw, 1024px\" \/><\/a><\/figure>\n\n\n\n<figure class=\"wp-block-image\"><img alt=\"\"\/><\/figure>\n\n\n\n<p>Ghivecele cu flori anuale vor primi \u00een cur\u00e2nd bulbi de prim\u0103var\u0103. Iar cele cu flori perene vor sta pe loc \u00een cazul plantelor rezistente la ger sau vor fi ad\u0103postite, \u00een cazul celor mai sensibile.<\/p>\n\n\n\n<p>Aclimatizarea plantelor de interior care au stat afar\u0103 pe timpul verii se face gradual. Recunosc c\u0103 nu \u00eentotdeauna am r\u0103bdare cu ele. Ideal\u0103 este urm\u0103toarea schem\u0103: c\u00e2te 1-2 s\u0103pt\u0103m\u00e2ni la lumin\u0103 mai redus\u0103 \u00een exterior, apoi \u00een loc foarte luminos \u00een interior \u0219i \u00een final s\u0103 ajung\u0103 la locul \u00een care vor ierna.<\/p>\n\n\n\n<p><\/p>\n\n\n\n<h2 class=\"has-text-align-center\">Recolta din gr\u0103dina \u00een septembrie<\/h2>\n\n\n\n<p>Din septembrie \u00eencep recoltele bogate de fructe \u0219i legume. Gama de procedee de conservare este foarte mare, fie c\u0103 e vorba de compoturi, gemuri, dulce\u021buri.<\/p>\n\n\n\n<div class=\"wp-block-image\"><figure class=\"aligncenter\"><img loading=\"lazy\" width=\"620\" height=\"465\" src=\"https:\/\/stilorganizat.ro\/wp-content\/uploads\/2013\/08\/rosii-1.jpg\" alt=\"tomate\" class=\"wp-image-2558\" srcset=\"https:\/\/stilorganizat.com\/wp-content\/uploads\/2013\/08\/rosii-1.jpg 620w, https:\/\/stilorganizat.com\/wp-content\/uploads\/2013\/08\/rosii-1-300x225.jpg 300w\" sizes=\"(max-width: 620px) 100vw, 620px\" \/><\/figure><\/div>\n\n\n\n<p><\/p>\n\n\n\n<h2>\u00cen final&#8230;<\/h2>\n\n\n\n<p>Gr\u0103dinile sunt complexe, a\u0219a c\u0103 fiecare va ad\u0103uga lucr\u0103ri specifice cazului s\u0103u. Spor la treab\u0103 v\u0103 urez, c\u0103 e mult de munc\u0103 pentru gr\u0103dina \u00een septembrie!<\/p>\n\n\n\n<figure class=\"wp-block-image size-large\"><a href=\"https:\/\/stilorganizat.com\/wp-content\/uploads\/2020\/09\/banca-in-gradina.jpg\" rel=\"wp-prettyPhoto[6265]\"><img loading=\"lazy\" width=\"1024\" height=\"683\" src=\"https:\/\/stilorganizat.com\/wp-content\/uploads\/2020\/09\/banca-in-gradina-1024x683.jpg\" alt=\"banca in gradina\" class=\"wp-image-7870\" srcset=\"https:\/\/stilorganizat.com\/wp-content\/uploads\/2020\/09\/banca-in-gradina-1024x683.jpg 1024w, https:\/\/stilorganizat.com\/wp-content\/uploads\/2020\/09\/banca-in-gradina-300x200.jpg 300w, https:\/\/stilorganizat.com\/wp-content\/uploads\/2020\/09\/banca-in-gradina-768x512.jpg 768w, https:\/\/stilorganizat.com\/wp-content\/uploads\/2020\/09\/banca-in-gradina-1536x1024.jpg 1536w, https:\/\/stilorganizat.com\/wp-content\/uploads\/2020\/09\/banca-in-gradina.jpg 1800w\" sizes=\"(max-width: 1024px) 100vw, 1024px\" \/><\/a><\/figure>\n\n\n\n<p> <\/p>\n","protected":false},"excerpt":{"rendered":"<p>Anul trecut \u00eencepeam a\u0219a: \u00eenc\u0103 un an cu secet\u0103 prelungit\u0103. Ce s\u0103 mai spun de aceast\u0103 var\u0103 \u00een care a plouat bine \u00een zona noastr\u0103 doar de dou\u0103 ori? (Restul precipita\u021biilor care au adunat c\u00e2teva pic\u0103turi nu se pot pune). Cu mari eforturi am reu\u0219it s\u0103 men\u021binem vii plantele pe timpul verii. S\u0103 vedem ce vom face cu gr\u0103dina \u00een septembrie. Obiective pentru gr\u0103dina \u00een septembrie Dimine\u021bile devin r\u0103coroase, uneori chiar neguroase, semn c\u0103 toamna se apropie cu pa\u0219i mici.<\/p>\n","protected":false},"author":1,"featured_media":2558,"comment_status":"open","ping_status":"open","sticky":false,"template":"","format":"standard","meta":[],"categories":[37,8,25,26],"tags":[81,181,308],"yoast_head":"<!-- This site is optimized with the Yoast SEO plugin v17.7.1 - https:\/\/yoast.com\/wordpress\/plugins\/seo\/ -->\n<title>Gr\u0103dina \u00een septembrie - ce e de f\u0103cut - StilOrganizat<\/title>\n<meta name=\"description\" content=\"Ce lucr\u0103ri avem de f\u0103cut pentru gr\u0103dina \u00een septembrie pentru a o p\u0103stra frumoas\u0103 \u0219i s\u0103n\u0103toas\u0103. Plant\u0103ri, \u00eengrijiri generale, recolt\u0103ri.\" \/>\n<meta name=\"robots\" content=\"index, follow, max-snippet:-1, max-image-preview:large, max-video-preview:-1\" \/>\n<link rel=\"canonical\" href=\"https:\/\/stilorganizat.com\/?p=6265\" \/>\n<meta property=\"og:locale\" content=\"en_US\" \/>\n<meta property=\"og:type\" content=\"article\" \/>\n<meta property=\"og:title\" content=\"Gr\u0103dina \u00een septembrie - ce e de f\u0103cut - StilOrganizat\" \/>\n<meta property=\"og:description\" content=\"Ce lucr\u0103ri avem de f\u0103cut pentru gr\u0103dina \u00een septembrie pentru a o p\u0103stra frumoas\u0103 \u0219i s\u0103n\u0103toas\u0103. Plant\u0103ri, \u00eengrijiri generale, recolt\u0103ri.\" \/>\n<meta property=\"og:url\" content=\"https:\/\/stilorganizat.com\/?p=6265\" \/>\n<meta property=\"og:site_name\" content=\"StilOrganizat\" \/>\n<meta property=\"article:published_time\" content=\"2021-09-04T17:48:00+00:00\" \/>\n<meta property=\"article:modified_time\" content=\"2021-09-04T20:38:02+00:00\" \/>\n<meta property=\"og:image\" content=\"https:\/\/stilorganizat.com\/wp-content\/uploads\/2013\/08\/rosii-1.jpg\" \/>\n\t<meta property=\"og:image:width\" content=\"620\" \/>\n\t<meta property=\"og:image:height\" content=\"465\" \/>\n<meta name=\"twitter:card\" content=\"summary_large_image\" \/>\n<meta name=\"twitter:label1\" content=\"Written by\" \/>\n\t<meta name=\"twitter:data1\" content=\"Ela\" \/>\n\t<meta name=\"twitter:label2\" content=\"Est. reading time\" \/>\n\t<meta name=\"twitter:data2\" content=\"9 minutes\" \/>\n<script type=\"application\/ld+json\" class=\"yoast-schema-graph\">{\"@context\":\"https:\/\/schema.org\",\"@graph\":[{\"@type\":\"WebSite\",\"@id\":\"https:\/\/stilorganizat.com\/#website\",\"url\":\"https:\/\/stilorganizat.com\/\",\"name\":\"StilOrganizat\",\"description\":\"\",\"publisher\":{\"@id\":\"https:\/\/stilorganizat.com\/#\/schema\/person\/925650ea34ea4181154192c09316af88\"},\"potentialAction\":[{\"@type\":\"SearchAction\",\"target\":{\"@type\":\"EntryPoint\",\"urlTemplate\":\"https:\/\/stilorganizat.com\/?s={search_term_string}\"},\"query-input\":\"required name=search_term_string\"}],\"inLanguage\":\"en-US\"},{\"@type\":\"ImageObject\",\"@id\":\"https:\/\/stilorganizat.com\/?p=6265#primaryimage\",\"inLanguage\":\"en-US\",\"url\":\"https:\/\/stilorganizat.com\/wp-content\/uploads\/2013\/08\/rosii-1.jpg\",\"contentUrl\":\"https:\/\/stilorganizat.com\/wp-content\/uploads\/2013\/08\/rosii-1.jpg\",\"width\":\"620\",\"height\":\"465\",\"caption\":\"tomate\"},{\"@type\":\"WebPage\",\"@id\":\"https:\/\/stilorganizat.com\/?p=6265#webpage\",\"url\":\"https:\/\/stilorganizat.com\/?p=6265\",\"name\":\"Gr\\u0103dina \\u00een septembrie - ce e de f\\u0103cut - StilOrganizat\",\"isPartOf\":{\"@id\":\"https:\/\/stilorganizat.com\/#website\"},\"primaryImageOfPage\":{\"@id\":\"https:\/\/stilorganizat.com\/?p=6265#primaryimage\"},\"datePublished\":\"2021-09-04T17:48:00+00:00\",\"dateModified\":\"2021-09-04T20:38:02+00:00\",\"description\":\"Ce lucr\\u0103ri avem de f\\u0103cut pentru gr\\u0103dina \\u00een septembrie pentru a o p\\u0103stra frumoas\\u0103 \\u0219i s\\u0103n\\u0103toas\\u0103. Plant\\u0103ri, \\u00eengrijiri generale, recolt\\u0103ri.\",\"breadcrumb\":{\"@id\":\"https:\/\/stilorganizat.com\/?p=6265#breadcrumb\"},\"inLanguage\":\"en-US\",\"potentialAction\":[{\"@type\":\"ReadAction\",\"target\":[\"https:\/\/stilorganizat.com\/?p=6265\"]}]},{\"@type\":\"BreadcrumbList\",\"@id\":\"https:\/\/stilorganizat.com\/?p=6265#breadcrumb\",\"itemListElement\":[{\"@type\":\"ListItem\",\"position\":1,\"name\":\"Home\",\"item\":\"https:\/\/stilorganizat.com\/\"},{\"@type\":\"ListItem\",\"position\":2,\"name\":\"Gradina\",\"item\":\"https:\/\/stilorganizat.com\/?cat=8\"},{\"@type\":\"ListItem\",\"position\":3,\"name\":\"Gradina pe luni\",\"item\":\"https:\/\/stilorganizat.com\/?cat=25\"},{\"@type\":\"ListItem\",\"position\":4,\"name\":\"Gr\\u0103dina \\u00een septembrie &#8211; ce e de f\\u0103cut\"}]},{\"@type\":\"Article\",\"@id\":\"https:\/\/stilorganizat.com\/?p=6265#article\",\"isPartOf\":{\"@id\":\"https:\/\/stilorganizat.com\/?p=6265#webpage\"},\"author\":{\"@id\":\"https:\/\/stilorganizat.com\/#\/schema\/person\/925650ea34ea4181154192c09316af88\"},\"headline\":\"Gr\\u0103dina \\u00een septembrie &#8211; ce e de f\\u0103cut\",\"datePublished\":\"2021-09-04T17:48:00+00:00\",\"dateModified\":\"2021-09-04T20:38:02+00:00\",\"mainEntityOfPage\":{\"@id\":\"https:\/\/stilorganizat.com\/?p=6265#webpage\"},\"wordCount\":1466,\"commentCount\":2,\"publisher\":{\"@id\":\"https:\/\/stilorganizat.com\/#\/schema\/person\/925650ea34ea4181154192c09316af88\"},\"image\":{\"@id\":\"https:\/\/stilorganizat.com\/?p=6265#primaryimage\"},\"thumbnailUrl\":\"https:\/\/stilorganizat.com\/wp-content\/uploads\/2013\/08\/rosii-1.jpg\",\"keywords\":[\"gradina pe luni\",\"organizare gradina\",\"septembrie\"],\"articleSection\":[\"Featured\",\"Gradina\",\"Gradina pe luni\",\"Utile in gradina\"],\"inLanguage\":\"en-US\",\"potentialAction\":[{\"@type\":\"CommentAction\",\"name\":\"Comment\",\"target\":[\"https:\/\/stilorganizat.com\/?p=6265#respond\"]}]},{\"@type\":[\"Person\",\"Organization\"],\"@id\":\"https:\/\/stilorganizat.com\/#\/schema\/person\/925650ea34ea4181154192c09316af88\",\"name\":\"Ela\",\"image\":{\"@type\":\"ImageObject\",\"@id\":\"https:\/\/stilorganizat.com\/#personlogo\",\"inLanguage\":\"en-US\",\"url\":\"https:\/\/secure.gravatar.com\/avatar\/8760904c7f0aa36ea71caf9864f47f82?s=96&d=identicon&r=g\",\"contentUrl\":\"https:\/\/secure.gravatar.com\/avatar\/8760904c7f0aa36ea71caf9864f47f82?s=96&d=identicon&r=g\",\"caption\":\"Ela\"},\"logo\":{\"@id\":\"https:\/\/stilorganizat.com\/#personlogo\"},\"sameAs\":[\"http:\/\/stilorganizat.ro\"]}]}<\/script>\n<!-- \/ Yoast SEO plugin. -->","yoast_head_json":{"title":"Gr\u0103dina \u00een septembrie - ce e de f\u0103cut - StilOrganizat","description":"Ce lucr\u0103ri avem de f\u0103cut pentru gr\u0103dina \u00een septembrie pentru a o p\u0103stra frumoas\u0103 \u0219i s\u0103n\u0103toas\u0103. Plant\u0103ri, \u00eengrijiri generale, recolt\u0103ri.","robots":{"index":"index","follow":"follow","max-snippet":"max-snippet:-1","max-image-preview":"max-image-preview:large","max-video-preview":"max-video-preview:-1"},"canonical":"https:\/\/stilorganizat.com\/?p=6265","og_locale":"en_US","og_type":"article","og_title":"Gr\u0103dina \u00een septembrie - ce e de f\u0103cut - StilOrganizat","og_description":"Ce lucr\u0103ri avem de f\u0103cut pentru gr\u0103dina \u00een septembrie pentru a o p\u0103stra frumoas\u0103 \u0219i s\u0103n\u0103toas\u0103. Plant\u0103ri, \u00eengrijiri generale, recolt\u0103ri.","og_url":"https:\/\/stilorganizat.com\/?p=6265","og_site_name":"StilOrganizat","article_published_time":"2021-09-04T17:48:00+00:00","article_modified_time":"2021-09-04T20:38:02+00:00","og_image":[{"width":"620","height":"465","url":"https:\/\/stilorganizat.com\/wp-content\/uploads\/2013\/08\/rosii-1.jpg","type":"image\/jpeg"}],"twitter_card":"summary_large_image","twitter_misc":{"Written by":"Ela","Est. reading time":"9 minutes"},"schema":{"@context":"https:\/\/schema.org","@graph":[{"@type":"WebSite","@id":"https:\/\/stilorganizat.com\/#website","url":"https:\/\/stilorganizat.com\/","name":"StilOrganizat","description":"","publisher":{"@id":"https:\/\/stilorganizat.com\/#\/schema\/person\/925650ea34ea4181154192c09316af88"},"potentialAction":[{"@type":"SearchAction","target":{"@type":"EntryPoint","urlTemplate":"https:\/\/stilorganizat.com\/?s={search_term_string}"},"query-input":"required name=search_term_string"}],"inLanguage":"en-US"},{"@type":"ImageObject","@id":"https:\/\/stilorganizat.com\/?p=6265#primaryimage","inLanguage":"en-US","url":"https:\/\/stilorganizat.com\/wp-content\/uploads\/2013\/08\/rosii-1.jpg","contentUrl":"https:\/\/stilorganizat.com\/wp-content\/uploads\/2013\/08\/rosii-1.jpg","width":"620","height":"465","caption":"tomate"},{"@type":"WebPage","@id":"https:\/\/stilorganizat.com\/?p=6265#webpage","url":"https:\/\/stilorganizat.com\/?p=6265","name":"Gr\u0103dina \u00een septembrie - ce e de f\u0103cut - StilOrganizat","isPartOf":{"@id":"https:\/\/stilorganizat.com\/#website"},"primaryImageOfPage":{"@id":"https:\/\/stilorganizat.com\/?p=6265#primaryimage"},"datePublished":"2021-09-04T17:48:00+00:00","dateModified":"2021-09-04T20:38:02+00:00","description":"Ce lucr\u0103ri avem de f\u0103cut pentru gr\u0103dina \u00een septembrie pentru a o p\u0103stra frumoas\u0103 \u0219i s\u0103n\u0103toas\u0103. Plant\u0103ri, \u00eengrijiri generale, recolt\u0103ri.","breadcrumb":{"@id":"https:\/\/stilorganizat.com\/?p=6265#breadcrumb"},"inLanguage":"en-US","potentialAction":[{"@type":"ReadAction","target":["https:\/\/stilorganizat.com\/?p=6265"]}]},{"@type":"BreadcrumbList","@id":"https:\/\/stilorganizat.com\/?p=6265#breadcrumb","itemListElement":[{"@type":"ListItem","position":1,"name":"Home","item":"https:\/\/stilorganizat.com\/"},{"@type":"ListItem","position":2,"name":"Gradina","item":"https:\/\/stilorganizat.com\/?cat=8"},{"@type":"ListItem","position":3,"name":"Gradina pe luni","item":"https:\/\/stilorganizat.com\/?cat=25"},{"@type":"ListItem","position":4,"name":"Gr\u0103dina \u00een septembrie &#8211; ce e de f\u0103cut"}]},{"@type":"Article","@id":"https:\/\/stilorganizat.com\/?p=6265#article","isPartOf":{"@id":"https:\/\/stilorganizat.com\/?p=6265#webpage"},"author":{"@id":"https:\/\/stilorganizat.com\/#\/schema\/person\/925650ea34ea4181154192c09316af88"},"headline":"Gr\u0103dina \u00een septembrie &#8211; ce e de f\u0103cut","datePublished":"2021-09-04T17:48:00+00:00","dateModified":"2021-09-04T20:38:02+00:00","mainEntityOfPage":{"@id":"https:\/\/stilorganizat.com\/?p=6265#webpage"},"wordCount":1466,"commentCount":2,"publisher":{"@id":"https:\/\/stilorganizat.com\/#\/schema\/person\/925650ea34ea4181154192c09316af88"},"image":{"@id":"https:\/\/stilorganizat.com\/?p=6265#primaryimage"},"thumbnailUrl":"https:\/\/stilorganizat.com\/wp-content\/uploads\/2013\/08\/rosii-1.jpg","keywords":["gradina pe luni","organizare gradina","septembrie"],"articleSection":["Featured","Gradina","Gradina pe luni","Utile in gradina"],"inLanguage":"en-US","potentialAction":[{"@type":"CommentAction","name":"Comment","target":["https:\/\/stilorganizat.com\/?p=6265#respond"]}]},{"@type":["Person","Organization"],"@id":"https:\/\/stilorganizat.com\/#\/schema\/person\/925650ea34ea4181154192c09316af88","name":"Ela","image":{"@type":"ImageObject","@id":"https:\/\/stilorganizat.com\/#personlogo","inLanguage":"en-US","url":"https:\/\/secure.gravatar.com\/avatar\/8760904c7f0aa36ea71caf9864f47f82?s=96&d=identicon&r=g","contentUrl":"https:\/\/secure.gravatar.com\/avatar\/8760904c7f0aa36ea71caf9864f47f82?s=96&d=identicon&r=g","caption":"Ela"},"logo":{"@id":"https:\/\/stilorganizat.com\/#personlogo"},"sameAs":["http:\/\/stilorganizat.ro"]}]}},"_links":{"self":[{"href":"https:\/\/stilorganizat.com\/index.php?rest_route=\/wp\/v2\/posts\/6265"}],"collection":[{"href":"https:\/\/stilorganizat.com\/index.php?rest_route=\/wp\/v2\/posts"}],"about":[{"href":"https:\/\/stilorganizat.com\/index.php?rest_route=\/wp\/v2\/types\/post"}],"author":[{"embeddable":true,"href":"https:\/\/stilorganizat.com\/index.php?rest_route=\/wp\/v2\/users\/1"}],"replies":[{"embeddable":true,"href":"https:\/\/stilorganizat.com\/index.php?rest_route=%2Fwp%2Fv2%2Fcomments&post=6265"}],"version-history":[{"count":30,"href":"https:\/\/stilorganizat.com\/index.php?rest_route=\/wp\/v2\/posts\/6265\/revisions"}],"predecessor-version":[{"id":7878,"href":"https:\/\/stilorganizat.com\/index.php?rest_route=\/wp\/v2\/posts\/6265\/revisions\/7878"}],"wp:featuredmedia":[{"embeddable":true,"href":"https:\/\/stilorganizat.com\/index.php?rest_route=\/wp\/v2\/media\/2558"}],"wp:attachment":[{"href":"https:\/\/stilorganizat.com\/index.php?rest_route=%2Fwp%2Fv2%2Fmedia&parent=6265"}],"wp:term":[{"taxonomy":"category","embeddable":true,"href":"https:\/\/stilorganizat.com\/index.php?rest_route=%2Fwp%2Fv2%2Fcategories&post=6265"},{"taxonomy":"post_tag","embeddable":true,"href":"https:\/\/stilorganizat.com\/index.php?rest_route=%2Fwp%2Fv2%2Ftags&post=6265"}],"curies":[{"name":"wp","href":"https:\/\/api.w.org\/{rel}","templated":true}]}}