{"id":5992,"date":"2019-04-26T19:11:11","date_gmt":"2019-04-26T16:11:11","guid":{"rendered":"https:\/\/stilorganizat.ro\/?p=5992"},"modified":"2019-04-26T19:11:12","modified_gmt":"2019-04-26T16:11:12","slug":"masa-festiva-cu-flori","status":"publish","type":"post","link":"https:\/\/stilorganizat.com\/?p=5992","title":{"rendered":"Mas\u0103 festiv\u0103 cu flori"},"content":{"rendered":"\n<p>Revin cu o mas\u0103 festiv\u0103 cu flori, de data aceasta. \u00cen contrast cu <a rel=\"noreferrer noopener\" aria-label=\"masa festiv\u0103 \u00een roz \u0219i verde (opens in a new tab)\" href=\"https:\/\/stilorganizat.ro\/?p=5949\" target=\"_blank\">masa festiv\u0103 \u00een roz \u0219i verde<\/a> pe care am prezentat-o s\u0103pt\u0103m\u00e2na trecut\u0103, aceasta este mult mai simpl\u0103. O face pur\u0103 faptul c\u0103 predomin\u0103 albul, cu doar c\u00e2teva accente de albastru, verde \u0219i foarte pu\u021bin roz.<\/p>\n\n\n\n<figure class=\"wp-block-image\"><img loading=\"lazy\" width=\"1024\" height=\"681\" src=\"https:\/\/stilorganizat.ro\/wp-content\/uploads\/2019\/04\/masa-festiva-cu-flori-6-1024x681.jpg\" alt=\"masa festiva cu flori\" class=\"wp-image-5997\" srcset=\"https:\/\/stilorganizat.com\/wp-content\/uploads\/2019\/04\/masa-festiva-cu-flori-6-1024x681.jpg 1024w, https:\/\/stilorganizat.com\/wp-content\/uploads\/2019\/04\/masa-festiva-cu-flori-6-300x200.jpg 300w, https:\/\/stilorganizat.com\/wp-content\/uploads\/2019\/04\/masa-festiva-cu-flori-6-768x511.jpg 768w, https:\/\/stilorganizat.com\/wp-content\/uploads\/2019\/04\/masa-festiva-cu-flori-6.jpg 1800w\" sizes=\"(max-width: 1024px) 100vw, 1024px\" \/><\/figure>\n\n\n\n<p>O mas\u0103 frumoas\u0103 poate fi alb\u0103, cu c\u00e2teva mici pete de culoare. Este un truc bun de pus \u00een practic\u0103. S\u0103 cumperi modele diferite doar pentru vesela de prezentare sau farfuriile de aperitiv. Iar cele albe de friptur\u0103, paharele \u0219i tac\u00e2murile s\u0103 fie acelea\u0219i. Masa va fi deosebit\u0103 de fiecare dat\u0103. Centrul de mas\u0103 cu flori va da tonul coloristic.<\/p>\n\n\n\n<h2>Centrul de mas\u0103<\/h2>\n\n\n\n<p>Am primit acum c\u00e2teva zile castronul \u00een care am aranjat centrul de mas\u0103. Toat\u0103 lumea \u0219tie c\u0103 \u00eemi plac obiectele vintage, astfel c\u0103 primesc uneori cadouri foarte interesante!<\/p>\n\n\n\n<figure class=\"wp-block-image\"><img loading=\"lazy\" width=\"1024\" height=\"759\" src=\"https:\/\/stilorganizat.ro\/wp-content\/uploads\/2019\/04\/masa-festiva-cu-flori-2-1024x759.jpg\" alt=\"masa festiva cu flori\" class=\"wp-image-5993\" srcset=\"https:\/\/stilorganizat.com\/wp-content\/uploads\/2019\/04\/masa-festiva-cu-flori-2-1024x759.jpg 1024w, https:\/\/stilorganizat.com\/wp-content\/uploads\/2019\/04\/masa-festiva-cu-flori-2-300x222.jpg 300w, https:\/\/stilorganizat.com\/wp-content\/uploads\/2019\/04\/masa-festiva-cu-flori-2-768x569.jpg 768w, https:\/\/stilorganizat.com\/wp-content\/uploads\/2019\/04\/masa-festiva-cu-flori-2.jpg 1800w\" sizes=\"(max-width: 1024px) 100vw, 1024px\" \/><\/figure>\n\n\n\n<p>Centrul de mas\u0103 este simplu de realizat. Cu burete de flor\u0103rie \u0219i mu\u0219chi, ad\u0103ug\u00e2nd flori \u0219i verdea\u021b\u0103 dup\u0103 preferin\u021b\u0103. \u00cen cazul de azi, am cules muscari din gr\u0103din\u0103. Am ad\u0103ugat ni\u0219te mu\u0219e\u021bel, care are frunzele delicate \u0219i m\u0103t\u0103soase, potrivindu-se astfel cu florile mici de muscari \u0219i cu mu\u0219chiul. E simpatic c\u00e2te ierburi ajung \u00een aranjamentele mele florale! Tolerez \u00een gr\u0103din\u0103 fel de fel de plante care cresc spontan \u0219i m\u0103 ajut\u0103 s\u0103 nu apelez la flor\u0103rie.<\/p>\n\n\n\n<h2>Se anun\u021b\u0103 o prieten\u0103. Cum procedez?<\/h2>\n\n\n\n<p>Am potrivit masa festiv\u0103 cu flori pentru dou\u0103 persoane. Ea este menit\u0103 a fi folosit\u0103 pentru o gustare, dulciuri \u0219i cafea. Astfel \u00eemi voi a\u0219tepta prietenele care vor dori s\u0103 m\u0103 viziteze \u00een aceast\u0103 perioad\u0103. O conversa\u021bie bun\u0103 trebuie \u00eenso\u021bit\u0103 \u0219i de specialit\u0103\u021bi culinare, nu-i a\u0219a?<\/p>\n\n\n\n<p>Pentru a recompune rapid masa, e necesar ca multe din elementele ei s\u0103 stea grupate undeva, accesibile. M\u0103 refer aici la fa\u021ba de mas\u0103, \u0219ervete, obiectele decorative, farfuriile speciale. Paharele, tac\u00e2murile \u0219i farfuriile albe oricum stau \u00een mod obi\u0219nuit aproape de mas\u0103.<\/p>\n\n\n\n<p>La fel, c\u00e2teva aperitive, dulciuri \u0219i b\u0103uturi trebuie s\u0103 fie simplu de ad\u0103ugat. Dac\u0103 masa e deja f\u0103cut\u0103 la sosirea acestuia, m\u00e2ncarea poate fi ad\u0103ugat\u0103 st\u00e2nd de vorb\u0103 cu musafirul.<\/p>\n\n\n\n<p><a rel=\"noreferrer noopener\" aria-label=\"Laptele condensat \u0219i fri\u0219ca sunt la \u00eendem\u00e2n\u0103 \u00een frigider, (opens in a new tab)\" href=\"https:\/\/stilorganizat.ro\/?p=5965\" target=\"_blank\">Laptele condensat \u0219i fri\u0219ca sunt la \u00eendem\u00e2n\u0103 \u00een frigider,<\/a> gata pentru un cappuccino vienez. Mi se pare r\u0103sf\u0103\u021bul suprem, a\u0219a cum numai \u00een acest ora\u0219 cosmopolit po\u021bi g\u0103si. Adic\u0103, nu este suficient doar laptele &#8211; sau doar fri\u0219ca! Trebuie musai ad\u0103ugate \u00eempreun\u0103, un dezm\u0103\u021b gastronomic la care m\u0103 dedau din c\u00e2nd \u00een c\u00e2nd.<\/p>\n\n\n\n<figure class=\"wp-block-image\"><img loading=\"lazy\" width=\"1024\" height=\"683\" src=\"https:\/\/stilorganizat.ro\/wp-content\/uploads\/2019\/04\/masa-festiva-cu-flori-4-1024x683.jpg\" alt=\"masa festiva cu flori\" class=\"wp-image-5995\" srcset=\"https:\/\/stilorganizat.com\/wp-content\/uploads\/2019\/04\/masa-festiva-cu-flori-4-1024x683.jpg 1024w, https:\/\/stilorganizat.com\/wp-content\/uploads\/2019\/04\/masa-festiva-cu-flori-4-300x200.jpg 300w, https:\/\/stilorganizat.com\/wp-content\/uploads\/2019\/04\/masa-festiva-cu-flori-4-768x512.jpg 768w, https:\/\/stilorganizat.com\/wp-content\/uploads\/2019\/04\/masa-festiva-cu-flori-4.jpg 1800w\" sizes=\"(max-width: 1024px) 100vw, 1024px\" \/><\/figure>\n\n\n\n<p>Elementele care compun masa sunt, pe l\u00e2ng\u0103 farfuriile de la Zara, amintiri din c\u0103l\u0103torii, precum <a rel=\"noreferrer noopener\" aria-label=\"vasele de Delft (opens in a new tab)\" href=\"https:\/\/shop.delftpottery.com\/en\/9-wall-plates\" target=\"_blank\">vasele de Delft<\/a> \u0219i obiecte de colec\u021bie, ca fa\u021ba de mas\u0103 brodat\u0103.<\/p>\n\n\n\n<figure class=\"wp-block-image\"><img loading=\"lazy\" width=\"1024\" height=\"726\" src=\"https:\/\/stilorganizat.ro\/wp-content\/uploads\/2019\/04\/masa-festiva-cu-flori-3-1024x726.jpg\" alt=\"masa festiva cu flori\" class=\"wp-image-5994\" srcset=\"https:\/\/stilorganizat.com\/wp-content\/uploads\/2019\/04\/masa-festiva-cu-flori-3-1024x726.jpg 1024w, https:\/\/stilorganizat.com\/wp-content\/uploads\/2019\/04\/masa-festiva-cu-flori-3-300x213.jpg 300w, https:\/\/stilorganizat.com\/wp-content\/uploads\/2019\/04\/masa-festiva-cu-flori-3-768x545.jpg 768w, https:\/\/stilorganizat.com\/wp-content\/uploads\/2019\/04\/masa-festiva-cu-flori-3.jpg 1800w\" sizes=\"(max-width: 1024px) 100vw, 1024px\" \/><\/figure>\n\n\n\n<h2>Resurse folosite pentru masa festiv\u0103 cu flori.<\/h2>\n\n\n\n<ul><li>Farfuriile albe, cele cu flori \u0219i castronul bleu sunt de la Zara.<\/li><\/ul>\n\n\n\n<figure class=\"wp-block-image\"><img loading=\"lazy\" width=\"1024\" height=\"775\" src=\"https:\/\/stilorganizat.ro\/wp-content\/uploads\/2019\/04\/masa-festiva-cu-flori-5-1024x775.jpg\" alt=\"masa festiva cu flori\" class=\"wp-image-5996\" srcset=\"https:\/\/stilorganizat.com\/wp-content\/uploads\/2019\/04\/masa-festiva-cu-flori-5-1024x775.jpg 1024w, https:\/\/stilorganizat.com\/wp-content\/uploads\/2019\/04\/masa-festiva-cu-flori-5-300x227.jpg 300w, https:\/\/stilorganizat.com\/wp-content\/uploads\/2019\/04\/masa-festiva-cu-flori-5-768x581.jpg 768w, https:\/\/stilorganizat.com\/wp-content\/uploads\/2019\/04\/masa-festiva-cu-flori-5.jpg 1800w\" sizes=\"(max-width: 1024px) 100vw, 1024px\" \/><\/figure>\n\n\n\n<ul><li>Zaharni\u021ba \u0219i t\u0103vi\u021ba din ceramic\u0103 de Delft sunt cump\u0103rate din Olanda.<\/li><li>Farfurioarele albe dantelate sunt de la Jumbo!<\/li><li>Fa\u021ba de mas\u0103 \u0219i \u0219ervetele sunt din colec\u021bia proprie.<\/li><li>Oul de ceramic\u0103 s-a g\u0103sit anul acesta la Kaufland.<\/li><li>Castronul alb a f\u0103cut parte din oferta Ikea de acum c\u00e2\u021biva ani.<\/li><li>Farfuriile albe ondulate sunt Bordallo Pinheiro, de la Zara.<\/li><li>Paharele \u0219i tac\u00e2murile sunt vechi.<\/li><\/ul>\n\n\n\n<figure class=\"wp-block-image\"><img loading=\"lazy\" width=\"1024\" height=\"683\" src=\"https:\/\/stilorganizat.ro\/wp-content\/uploads\/2019\/04\/masa-festiva-cu-flori-1024x683.jpg\" alt=\"masa festiva cu flori\" class=\"wp-image-5998\" srcset=\"https:\/\/stilorganizat.com\/wp-content\/uploads\/2019\/04\/masa-festiva-cu-flori-1024x683.jpg 1024w, https:\/\/stilorganizat.com\/wp-content\/uploads\/2019\/04\/masa-festiva-cu-flori-300x200.jpg 300w, https:\/\/stilorganizat.com\/wp-content\/uploads\/2019\/04\/masa-festiva-cu-flori-768x512.jpg 768w, https:\/\/stilorganizat.com\/wp-content\/uploads\/2019\/04\/masa-festiva-cu-flori.jpg 1800w\" sizes=\"(max-width: 1024px) 100vw, 1024px\" \/><\/figure>\n\n\n\n<p>Printre lucr\u0103rile de amenaj\u0103ri \u0219i alte activit\u0103\u021bi, am reu\u0219it s\u0103 compun dou\u0103 mese noi pentru aceste s\u0103rb\u0103tori. Sper c\u0103 v-au pl\u0103cut!<\/p>\n\n\n\n<p>Pa\u0219te Fericit!<\/p>\n\n\n\n<p><\/p>\n","protected":false},"excerpt":{"rendered":"<p>Revin cu o mas\u0103 festiv\u0103 cu flori, de data aceasta. \u00cen contrast cu masa festiv\u0103 \u00een roz \u0219i verde pe care am prezentat-o s\u0103pt\u0103m\u00e2na trecut\u0103, aceasta este mult mai simpl\u0103. O face pur\u0103 faptul c\u0103 predomin\u0103 albul, cu doar c\u00e2teva accente de albastru, verde \u0219i foarte pu\u021bin roz. O mas\u0103 frumoas\u0103 poate fi alb\u0103, cu c\u00e2teva mici pete de culoare. Este un truc bun de pus \u00een practic\u0103. S\u0103 cumperi modele diferite doar pentru vesela de prezentare sau farfuriile de<\/p>\n","protected":false},"author":1,"featured_media":0,"comment_status":"open","ping_status":"open","sticky":false,"template":"","format":"standard","meta":[],"categories":[38,37,5],"tags":[165,32,164,297,129],"yoast_head":"<!-- This site is optimized with the Yoast SEO plugin v17.7.1 - https:\/\/yoast.com\/wordpress\/plugins\/seo\/ -->\n<title>Mas\u0103 festiv\u0103 cu flori - Aranjarea meselor - StilOrganizat<\/title>\n<meta name=\"description\" content=\"Cum s\u0103 aranja\u021bi o mas\u0103 festiv\u0103 cu flori, potrivit\u0103 pentru a primi musafiri nea\u0219tepta\u021bi. Dac\u0103 un prieten v\u0103 sun\u0103 ca va sosi imediat, \u0219ti\u021bi ce ave\u021bi de f\u0103cut.\" \/>\n<meta name=\"robots\" content=\"index, follow, max-snippet:-1, max-image-preview:large, max-video-preview:-1\" \/>\n<link rel=\"canonical\" href=\"https:\/\/stilorganizat.com\/?p=5992\" \/>\n<meta property=\"og:locale\" content=\"en_US\" \/>\n<meta property=\"og:type\" content=\"article\" \/>\n<meta property=\"og:title\" content=\"Mas\u0103 festiv\u0103 cu flori - Aranjarea meselor - StilOrganizat\" \/>\n<meta property=\"og:description\" content=\"Cum s\u0103 aranja\u021bi o mas\u0103 festiv\u0103 cu flori, potrivit\u0103 pentru a primi musafiri nea\u0219tepta\u021bi. Dac\u0103 un prieten v\u0103 sun\u0103 ca va sosi imediat, \u0219ti\u021bi ce ave\u021bi de f\u0103cut.\" \/>\n<meta property=\"og:url\" content=\"https:\/\/stilorganizat.com\/?p=5992\" \/>\n<meta property=\"og:site_name\" content=\"StilOrganizat\" \/>\n<meta property=\"article:published_time\" content=\"2019-04-26T16:11:11+00:00\" \/>\n<meta property=\"article:modified_time\" content=\"2019-04-26T16:11:12+00:00\" \/>\n<meta property=\"og:image\" content=\"https:\/\/stilorganizat.ro\/wp-content\/uploads\/2019\/04\/masa-festiva-cu-flori-6-1024x681.jpg\" \/>\n<meta name=\"twitter:card\" content=\"summary_large_image\" \/>\n<meta name=\"twitter:label1\" content=\"Written by\" \/>\n\t<meta name=\"twitter:data1\" content=\"Ela\" \/>\n\t<meta name=\"twitter:label2\" content=\"Est. reading time\" \/>\n\t<meta name=\"twitter:data2\" content=\"3 minutes\" \/>\n<script type=\"application\/ld+json\" class=\"yoast-schema-graph\">{\"@context\":\"https:\/\/schema.org\",\"@graph\":[{\"@type\":\"WebSite\",\"@id\":\"https:\/\/stilorganizat.com\/#website\",\"url\":\"https:\/\/stilorganizat.com\/\",\"name\":\"StilOrganizat\",\"description\":\"\",\"publisher\":{\"@id\":\"https:\/\/stilorganizat.com\/#\/schema\/person\/925650ea34ea4181154192c09316af88\"},\"potentialAction\":[{\"@type\":\"SearchAction\",\"target\":{\"@type\":\"EntryPoint\",\"urlTemplate\":\"https:\/\/stilorganizat.com\/?s={search_term_string}\"},\"query-input\":\"required name=search_term_string\"}],\"inLanguage\":\"en-US\"},{\"@type\":\"ImageObject\",\"@id\":\"https:\/\/stilorganizat.com\/?p=5992#primaryimage\",\"inLanguage\":\"en-US\",\"url\":\"https:\/\/stilorganizat.ro\/wp-content\/uploads\/2019\/04\/masa-festiva-cu-flori-6-1024x681.jpg\",\"contentUrl\":\"https:\/\/stilorganizat.ro\/wp-content\/uploads\/2019\/04\/masa-festiva-cu-flori-6-1024x681.jpg\"},{\"@type\":\"WebPage\",\"@id\":\"https:\/\/stilorganizat.com\/?p=5992#webpage\",\"url\":\"https:\/\/stilorganizat.com\/?p=5992\",\"name\":\"Mas\\u0103 festiv\\u0103 cu flori - Aranjarea meselor - StilOrganizat\",\"isPartOf\":{\"@id\":\"https:\/\/stilorganizat.com\/#website\"},\"primaryImageOfPage\":{\"@id\":\"https:\/\/stilorganizat.com\/?p=5992#primaryimage\"},\"datePublished\":\"2019-04-26T16:11:11+00:00\",\"dateModified\":\"2019-04-26T16:11:12+00:00\",\"description\":\"Cum s\\u0103 aranja\\u021bi o mas\\u0103 festiv\\u0103 cu flori, potrivit\\u0103 pentru a primi musafiri nea\\u0219tepta\\u021bi. Dac\\u0103 un prieten v\\u0103 sun\\u0103 ca va sosi imediat, \\u0219ti\\u021bi ce ave\\u021bi de f\\u0103cut.\",\"breadcrumb\":{\"@id\":\"https:\/\/stilorganizat.com\/?p=5992#breadcrumb\"},\"inLanguage\":\"en-US\",\"potentialAction\":[{\"@type\":\"ReadAction\",\"target\":[\"https:\/\/stilorganizat.com\/?p=5992\"]}]},{\"@type\":\"BreadcrumbList\",\"@id\":\"https:\/\/stilorganizat.com\/?p=5992#breadcrumb\",\"itemListElement\":[{\"@type\":\"ListItem\",\"position\":1,\"name\":\"Home\",\"item\":\"https:\/\/stilorganizat.com\/\"},{\"@type\":\"ListItem\",\"position\":2,\"name\":\"Organizarea mesei\",\"item\":\"https:\/\/stilorganizat.com\/?cat=5\"},{\"@type\":\"ListItem\",\"position\":3,\"name\":\"Aranjarea meselor\",\"item\":\"https:\/\/stilorganizat.com\/?cat=38\"},{\"@type\":\"ListItem\",\"position\":4,\"name\":\"Mas\\u0103 festiv\\u0103 cu flori\"}]},{\"@type\":\"Article\",\"@id\":\"https:\/\/stilorganizat.com\/?p=5992#article\",\"isPartOf\":{\"@id\":\"https:\/\/stilorganizat.com\/?p=5992#webpage\"},\"author\":{\"@id\":\"https:\/\/stilorganizat.com\/#\/schema\/person\/925650ea34ea4181154192c09316af88\"},\"headline\":\"Mas\\u0103 festiv\\u0103 cu flori\",\"datePublished\":\"2019-04-26T16:11:11+00:00\",\"dateModified\":\"2019-04-26T16:11:12+00:00\",\"mainEntityOfPage\":{\"@id\":\"https:\/\/stilorganizat.com\/?p=5992#webpage\"},\"wordCount\":600,\"commentCount\":4,\"publisher\":{\"@id\":\"https:\/\/stilorganizat.com\/#\/schema\/person\/925650ea34ea4181154192c09316af88\"},\"image\":{\"@id\":\"https:\/\/stilorganizat.com\/?p=5992#primaryimage\"},\"thumbnailUrl\":\"https:\/\/stilorganizat.ro\/wp-content\/uploads\/2019\/04\/masa-festiva-cu-flori-6-1024x681.jpg\",\"keywords\":[\"aranjamente cu flori\",\"aranjarea mesei\",\"masa de primavara\",\"masa de sarbatori\",\"masa festiva\"],\"articleSection\":[\"Aranjarea meselor\",\"Featured\",\"Organizarea mesei\"],\"inLanguage\":\"en-US\",\"potentialAction\":[{\"@type\":\"CommentAction\",\"name\":\"Comment\",\"target\":[\"https:\/\/stilorganizat.com\/?p=5992#respond\"]}]},{\"@type\":[\"Person\",\"Organization\"],\"@id\":\"https:\/\/stilorganizat.com\/#\/schema\/person\/925650ea34ea4181154192c09316af88\",\"name\":\"Ela\",\"image\":{\"@type\":\"ImageObject\",\"@id\":\"https:\/\/stilorganizat.com\/#personlogo\",\"inLanguage\":\"en-US\",\"url\":\"https:\/\/secure.gravatar.com\/avatar\/8760904c7f0aa36ea71caf9864f47f82?s=96&d=identicon&r=g\",\"contentUrl\":\"https:\/\/secure.gravatar.com\/avatar\/8760904c7f0aa36ea71caf9864f47f82?s=96&d=identicon&r=g\",\"caption\":\"Ela\"},\"logo\":{\"@id\":\"https:\/\/stilorganizat.com\/#personlogo\"},\"sameAs\":[\"http:\/\/stilorganizat.ro\"]}]}<\/script>\n<!-- \/ Yoast SEO plugin. -->","yoast_head_json":{"title":"Mas\u0103 festiv\u0103 cu flori - Aranjarea meselor - StilOrganizat","description":"Cum s\u0103 aranja\u021bi o mas\u0103 festiv\u0103 cu flori, potrivit\u0103 pentru a primi musafiri nea\u0219tepta\u021bi. Dac\u0103 un prieten v\u0103 sun\u0103 ca va sosi imediat, \u0219ti\u021bi ce ave\u021bi de f\u0103cut.","robots":{"index":"index","follow":"follow","max-snippet":"max-snippet:-1","max-image-preview":"max-image-preview:large","max-video-preview":"max-video-preview:-1"},"canonical":"https:\/\/stilorganizat.com\/?p=5992","og_locale":"en_US","og_type":"article","og_title":"Mas\u0103 festiv\u0103 cu flori - Aranjarea meselor - StilOrganizat","og_description":"Cum s\u0103 aranja\u021bi o mas\u0103 festiv\u0103 cu flori, potrivit\u0103 pentru a primi musafiri nea\u0219tepta\u021bi. Dac\u0103 un prieten v\u0103 sun\u0103 ca va sosi imediat, \u0219ti\u021bi ce ave\u021bi de f\u0103cut.","og_url":"https:\/\/stilorganizat.com\/?p=5992","og_site_name":"StilOrganizat","article_published_time":"2019-04-26T16:11:11+00:00","article_modified_time":"2019-04-26T16:11:12+00:00","og_image":[{"url":"https:\/\/stilorganizat.ro\/wp-content\/uploads\/2019\/04\/masa-festiva-cu-flori-6-1024x681.jpg"}],"twitter_card":"summary_large_image","twitter_misc":{"Written by":"Ela","Est. reading time":"3 minutes"},"schema":{"@context":"https:\/\/schema.org","@graph":[{"@type":"WebSite","@id":"https:\/\/stilorganizat.com\/#website","url":"https:\/\/stilorganizat.com\/","name":"StilOrganizat","description":"","publisher":{"@id":"https:\/\/stilorganizat.com\/#\/schema\/person\/925650ea34ea4181154192c09316af88"},"potentialAction":[{"@type":"SearchAction","target":{"@type":"EntryPoint","urlTemplate":"https:\/\/stilorganizat.com\/?s={search_term_string}"},"query-input":"required name=search_term_string"}],"inLanguage":"en-US"},{"@type":"ImageObject","@id":"https:\/\/stilorganizat.com\/?p=5992#primaryimage","inLanguage":"en-US","url":"https:\/\/stilorganizat.ro\/wp-content\/uploads\/2019\/04\/masa-festiva-cu-flori-6-1024x681.jpg","contentUrl":"https:\/\/stilorganizat.ro\/wp-content\/uploads\/2019\/04\/masa-festiva-cu-flori-6-1024x681.jpg"},{"@type":"WebPage","@id":"https:\/\/stilorganizat.com\/?p=5992#webpage","url":"https:\/\/stilorganizat.com\/?p=5992","name":"Mas\u0103 festiv\u0103 cu flori - Aranjarea meselor - StilOrganizat","isPartOf":{"@id":"https:\/\/stilorganizat.com\/#website"},"primaryImageOfPage":{"@id":"https:\/\/stilorganizat.com\/?p=5992#primaryimage"},"datePublished":"2019-04-26T16:11:11+00:00","dateModified":"2019-04-26T16:11:12+00:00","description":"Cum s\u0103 aranja\u021bi o mas\u0103 festiv\u0103 cu flori, potrivit\u0103 pentru a primi musafiri nea\u0219tepta\u021bi. Dac\u0103 un prieten v\u0103 sun\u0103 ca va sosi imediat, \u0219ti\u021bi ce ave\u021bi de f\u0103cut.","breadcrumb":{"@id":"https:\/\/stilorganizat.com\/?p=5992#breadcrumb"},"inLanguage":"en-US","potentialAction":[{"@type":"ReadAction","target":["https:\/\/stilorganizat.com\/?p=5992"]}]},{"@type":"BreadcrumbList","@id":"https:\/\/stilorganizat.com\/?p=5992#breadcrumb","itemListElement":[{"@type":"ListItem","position":1,"name":"Home","item":"https:\/\/stilorganizat.com\/"},{"@type":"ListItem","position":2,"name":"Organizarea mesei","item":"https:\/\/stilorganizat.com\/?cat=5"},{"@type":"ListItem","position":3,"name":"Aranjarea meselor","item":"https:\/\/stilorganizat.com\/?cat=38"},{"@type":"ListItem","position":4,"name":"Mas\u0103 festiv\u0103 cu flori"}]},{"@type":"Article","@id":"https:\/\/stilorganizat.com\/?p=5992#article","isPartOf":{"@id":"https:\/\/stilorganizat.com\/?p=5992#webpage"},"author":{"@id":"https:\/\/stilorganizat.com\/#\/schema\/person\/925650ea34ea4181154192c09316af88"},"headline":"Mas\u0103 festiv\u0103 cu flori","datePublished":"2019-04-26T16:11:11+00:00","dateModified":"2019-04-26T16:11:12+00:00","mainEntityOfPage":{"@id":"https:\/\/stilorganizat.com\/?p=5992#webpage"},"wordCount":600,"commentCount":4,"publisher":{"@id":"https:\/\/stilorganizat.com\/#\/schema\/person\/925650ea34ea4181154192c09316af88"},"image":{"@id":"https:\/\/stilorganizat.com\/?p=5992#primaryimage"},"thumbnailUrl":"https:\/\/stilorganizat.ro\/wp-content\/uploads\/2019\/04\/masa-festiva-cu-flori-6-1024x681.jpg","keywords":["aranjamente cu flori","aranjarea mesei","masa de primavara","masa de sarbatori","masa festiva"],"articleSection":["Aranjarea meselor","Featured","Organizarea mesei"],"inLanguage":"en-US","potentialAction":[{"@type":"CommentAction","name":"Comment","target":["https:\/\/stilorganizat.com\/?p=5992#respond"]}]},{"@type":["Person","Organization"],"@id":"https:\/\/stilorganizat.com\/#\/schema\/person\/925650ea34ea4181154192c09316af88","name":"Ela","image":{"@type":"ImageObject","@id":"https:\/\/stilorganizat.com\/#personlogo","inLanguage":"en-US","url":"https:\/\/secure.gravatar.com\/avatar\/8760904c7f0aa36ea71caf9864f47f82?s=96&d=identicon&r=g","contentUrl":"https:\/\/secure.gravatar.com\/avatar\/8760904c7f0aa36ea71caf9864f47f82?s=96&d=identicon&r=g","caption":"Ela"},"logo":{"@id":"https:\/\/stilorganizat.com\/#personlogo"},"sameAs":["http:\/\/stilorganizat.ro"]}]}},"_links":{"self":[{"href":"https:\/\/stilorganizat.com\/index.php?rest_route=\/wp\/v2\/posts\/5992"}],"collection":[{"href":"https:\/\/stilorganizat.com\/index.php?rest_route=\/wp\/v2\/posts"}],"about":[{"href":"https:\/\/stilorganizat.com\/index.php?rest_route=\/wp\/v2\/types\/post"}],"author":[{"embeddable":true,"href":"https:\/\/stilorganizat.com\/index.php?rest_route=\/wp\/v2\/users\/1"}],"replies":[{"embeddable":true,"href":"https:\/\/stilorganizat.com\/index.php?rest_route=%2Fwp%2Fv2%2Fcomments&post=5992"}],"version-history":[{"count":3,"href":"https:\/\/stilorganizat.com\/index.php?rest_route=\/wp\/v2\/posts\/5992\/revisions"}],"predecessor-version":[{"id":6001,"href":"https:\/\/stilorganizat.com\/index.php?rest_route=\/wp\/v2\/posts\/5992\/revisions\/6001"}],"wp:attachment":[{"href":"https:\/\/stilorganizat.com\/index.php?rest_route=%2Fwp%2Fv2%2Fmedia&parent=5992"}],"wp:term":[{"taxonomy":"category","embeddable":true,"href":"https:\/\/stilorganizat.com\/index.php?rest_route=%2Fwp%2Fv2%2Fcategories&post=5992"},{"taxonomy":"post_tag","embeddable":true,"href":"https:\/\/stilorganizat.com\/index.php?rest_route=%2Fwp%2Fv2%2Ftags&post=5992"}],"curies":[{"name":"wp","href":"https:\/\/api.w.org\/{rel}","templated":true}]}}