{"id":5949,"date":"2019-04-14T14:16:34","date_gmt":"2019-04-14T11:16:34","guid":{"rendered":"https:\/\/stilorganizat.ro\/?p=5949"},"modified":"2019-04-14T20:41:43","modified_gmt":"2019-04-14T17:41:43","slug":"masa-festiva-de-primavara","status":"publish","type":"post","link":"https:\/\/stilorganizat.com\/?p=5949","title":{"rendered":"Mas\u0103 festiv\u0103 de prim\u0103var\u0103 \u00een roz \u0219i verde"},"content":{"rendered":"\n<p>Pa\u0219tele se apropie, a\u0219a c\u0103 e timpul s\u0103 creez o mas\u0103 festiv\u0103 de prim\u0103var\u0103. \u00cen roz \u0219i verde, acum. F\u0103r\u0103 s\u0103 pl\u0103nuiesc, am ajuns posesoarea al \u00eenc\u0103 unui sortiment de farfurii de la Bordallo Pinheiro. Cadou de ziua mea!<\/p>\n\n\n\n<p>Drept care, iat\u0103 \u0219i masa!<\/p>\n\n\n\n<figure class=\"wp-block-image\"><img loading=\"lazy\" width=\"1024\" height=\"744\" src=\"https:\/\/stilorganizat.ro\/wp-content\/uploads\/2019\/04\/masa-festiva-in-roz-si-verde-1-1024x744.jpg\" alt=\"masa festiva de primavara\" class=\"wp-image-5960\" srcset=\"https:\/\/stilorganizat.com\/wp-content\/uploads\/2019\/04\/masa-festiva-in-roz-si-verde-1-1024x744.jpg 1024w, https:\/\/stilorganizat.com\/wp-content\/uploads\/2019\/04\/masa-festiva-in-roz-si-verde-1-300x218.jpg 300w, https:\/\/stilorganizat.com\/wp-content\/uploads\/2019\/04\/masa-festiva-in-roz-si-verde-1-768x558.jpg 768w, https:\/\/stilorganizat.com\/wp-content\/uploads\/2019\/04\/masa-festiva-in-roz-si-verde-1.jpg 1800w\" sizes=\"(max-width: 1024px) 100vw, 1024px\" \/><\/figure>\n\n\n\n<h2>Aranjarea mesei<\/h2>\n\n\n\n<p>Este pentru trei persoane, nu numai pentru c\u0103 nu va fi toat\u0103 familia acas\u0103 de Pa\u0219te. At\u00e2tea farfurii aveau la Zara din Unirea. A\u0219 putea s\u0103 completez cumva colec\u021bia, dar deja mi-am f\u0103cut de cap cu vesela!<\/p>\n\n\n\n<p>Vre\u021bi s\u0103 vede\u021bi cum arat\u0103 o magnific\u0103 mas\u0103 festiv\u0103 de prim\u0103var\u0103? Intra\u021bi pe site-ul oficial al firmei <a rel=\"noreferrer noopener\" aria-label=\"Bordallo Pinheiro. (opens in a new tab)\" href=\"https:\/\/eu.bordallopinheiro.com\/maria-flor-4\" target=\"_blank\">Bordallo Pinheiro.&nbsp;<\/a>M\u0103rturisesc c\u0103 am visat luni la r\u00e2nd masa <em>Maria Flor!<\/em> Credeam c\u0103 nu m\u0103 voi apropia nici m\u0103car un pic de frumuse\u021bea ei. Nu aveam cu ce.<\/p>\n\n\n\n<p>Dar vechile farfurii \u00een form\u0103 de panselu\u021b\u0103 s-au ad\u0103ugat celor verzi \u0219i albe \u00een mod natural. De parc\u0103 au fost f\u0103cute s\u0103 stea \u00eempreun\u0103.<\/p>\n\n\n\n<figure class=\"wp-block-image\"><img loading=\"lazy\" width=\"1024\" height=\"726\" src=\"https:\/\/stilorganizat.ro\/wp-content\/uploads\/2019\/04\/masa-festiva-de-primavara-6-1024x726.jpg\" alt=\"masa festiva de primavara\" class=\"wp-image-5954\" srcset=\"https:\/\/stilorganizat.com\/wp-content\/uploads\/2019\/04\/masa-festiva-de-primavara-6-1024x726.jpg 1024w, https:\/\/stilorganizat.com\/wp-content\/uploads\/2019\/04\/masa-festiva-de-primavara-6-300x213.jpg 300w, https:\/\/stilorganizat.com\/wp-content\/uploads\/2019\/04\/masa-festiva-de-primavara-6-768x544.jpg 768w, https:\/\/stilorganizat.com\/wp-content\/uploads\/2019\/04\/masa-festiva-de-primavara-6.jpg 1800w\" sizes=\"(max-width: 1024px) 100vw, 1024px\" \/><\/figure>\n\n\n\n<p>Colec\u021bia mea a primit deci o doz\u0103 proasp\u0103t\u0103 de farfurii albe \u0219i verzi. Toate cu modele de verzi\u0219oare. Sunt din ceramic\u0103, fine, cu glazur\u0103 translucid\u0103 \u0219i detalii delicate. Ni\u0219te minun\u0103\u021bii!<\/p>\n\n\n\n<figure class=\"wp-block-image\"><img loading=\"lazy\" width=\"1024\" height=\"806\" src=\"https:\/\/stilorganizat.ro\/wp-content\/uploads\/2019\/04\/masa-festiva-de-primavara-7-1024x806.jpg\" alt=\"masa festiva de primavara\" class=\"wp-image-5955\" srcset=\"https:\/\/stilorganizat.com\/wp-content\/uploads\/2019\/04\/masa-festiva-de-primavara-7-1024x806.jpg 1024w, https:\/\/stilorganizat.com\/wp-content\/uploads\/2019\/04\/masa-festiva-de-primavara-7-300x236.jpg 300w, https:\/\/stilorganizat.com\/wp-content\/uploads\/2019\/04\/masa-festiva-de-primavara-7-768x604.jpg 768w, https:\/\/stilorganizat.com\/wp-content\/uploads\/2019\/04\/masa-festiva-de-primavara-7.jpg 1800w\" sizes=\"(max-width: 1024px) 100vw, 1024px\" \/><\/figure>\n\n\n\n<figure class=\"wp-block-image\"><img loading=\"lazy\" width=\"1024\" height=\"741\" src=\"https:\/\/stilorganizat.ro\/wp-content\/uploads\/2019\/04\/masa-festiva-de-primavara-8-1024x741.jpg\" alt=\"masa festiva de primavara\" class=\"wp-image-5956\" srcset=\"https:\/\/stilorganizat.com\/wp-content\/uploads\/2019\/04\/masa-festiva-de-primavara-8-1024x741.jpg 1024w, https:\/\/stilorganizat.com\/wp-content\/uploads\/2019\/04\/masa-festiva-de-primavara-8-300x217.jpg 300w, https:\/\/stilorganizat.com\/wp-content\/uploads\/2019\/04\/masa-festiva-de-primavara-8-768x556.jpg 768w, https:\/\/stilorganizat.com\/wp-content\/uploads\/2019\/04\/masa-festiva-de-primavara-8.jpg 1801w\" sizes=\"(max-width: 1024px) 100vw, 1024px\" \/><figcaption>Farfuria verde se poate folosi ca platou<\/figcaption><\/figure>\n\n\n\n<p>Am a\u0219ezat tot teancul de farfurii pe suporturi maron. Acestea fac trecerea cu elegan\u021b\u0103 c\u0103tre masa de lemn. Sper c\u0103 v\u0103 plac \u0219i urechile de iepure cu care am decorat fiecare loc! Sunt realizate din band\u0103 de sac pentru plante. Cump\u0103rat\u0103 de la Lidl.<\/p>\n\n\n\n<figure class=\"wp-block-image\"><img loading=\"lazy\" width=\"1024\" height=\"731\" src=\"https:\/\/stilorganizat.ro\/wp-content\/uploads\/2019\/04\/masa-festiva-de-primavara-5-1024x731.jpg\" alt=\"masa festiva de primavara\" class=\"wp-image-5953\" srcset=\"https:\/\/stilorganizat.com\/wp-content\/uploads\/2019\/04\/masa-festiva-de-primavara-5-1024x731.jpg 1024w, https:\/\/stilorganizat.com\/wp-content\/uploads\/2019\/04\/masa-festiva-de-primavara-5-300x214.jpg 300w, https:\/\/stilorganizat.com\/wp-content\/uploads\/2019\/04\/masa-festiva-de-primavara-5-768x548.jpg 768w, https:\/\/stilorganizat.com\/wp-content\/uploads\/2019\/04\/masa-festiva-de-primavara-5.jpg 1800w\" sizes=\"(max-width: 1024px) 100vw, 1024px\" \/><\/figure>\n\n\n\n<p>Buchetul din centru nu este foarte elaborat. M-am descurcat doar cu ce aveam \u00een gr\u0103din\u0103. Lalelele roz tocmai au \u00eenflorit. Iar ment\u0103 am din bel\u0219ug.<\/p>\n\n\n\n<figure class=\"wp-block-image\"><img loading=\"lazy\" width=\"1024\" height=\"683\" src=\"https:\/\/stilorganizat.ro\/wp-content\/uploads\/2019\/04\/masa-festiva-de-primavara-9-1024x683.jpg\" alt=\"masa festiva de primavara\" class=\"wp-image-5957\" srcset=\"https:\/\/stilorganizat.com\/wp-content\/uploads\/2019\/04\/masa-festiva-de-primavara-9-1024x683.jpg 1024w, https:\/\/stilorganizat.com\/wp-content\/uploads\/2019\/04\/masa-festiva-de-primavara-9-300x200.jpg 300w, https:\/\/stilorganizat.com\/wp-content\/uploads\/2019\/04\/masa-festiva-de-primavara-9-768x512.jpg 768w, https:\/\/stilorganizat.com\/wp-content\/uploads\/2019\/04\/masa-festiva-de-primavara-9.jpg 1800w\" sizes=\"(max-width: 1024px) 100vw, 1024px\" \/><figcaption>Lalele roz Upstar care se naturalizeaz\u0103 \u00een gr\u0103din\u0103<\/figcaption><\/figure>\n\n\n\n<p>Fa\u021ba de mas\u0103 cu flori de m\u0103r brodate completeaz\u0103 frumos ansamblul.<\/p>\n\n\n\n<figure class=\"wp-block-image\"><img loading=\"lazy\" width=\"1024\" height=\"683\" src=\"https:\/\/stilorganizat.ro\/wp-content\/uploads\/2019\/04\/masa-festiva-de-primavara-in-roz-si-verde-1024x683.jpg\" alt=\"masa festiva de primavara\" class=\"wp-image-5959\" srcset=\"https:\/\/stilorganizat.com\/wp-content\/uploads\/2019\/04\/masa-festiva-de-primavara-in-roz-si-verde-1024x683.jpg 1024w, https:\/\/stilorganizat.com\/wp-content\/uploads\/2019\/04\/masa-festiva-de-primavara-in-roz-si-verde-300x200.jpg 300w, https:\/\/stilorganizat.com\/wp-content\/uploads\/2019\/04\/masa-festiva-de-primavara-in-roz-si-verde-768x512.jpg 768w, https:\/\/stilorganizat.com\/wp-content\/uploads\/2019\/04\/masa-festiva-de-primavara-in-roz-si-verde.jpg 1800w\" sizes=\"(max-width: 1024px) 100vw, 1024px\" \/><\/figure>\n\n\n\n<p>\u0218tiu, ar ar\u0103ta bine aici <a rel=\"noreferrer noopener\" aria-label=\"un tort decorat cu fructe de p\u0103dure (opens in a new tab)\" href=\"https:\/\/stilorganizat.ro\/?p=3969\" target=\"_blank\">un tort decorat cu fructe de p\u0103dure<\/a>. \u00cel voi preg\u0103ti pentru s\u0103rb\u0103tori. F\u0103r\u0103 avanpremiere \u00een cazul caloriilor peste m\u0103sur\u0103!!! Acum am ad\u0103ugat doar c\u00e2teva macarons pentru impresia artistic\u0103!<\/p>\n\n\n\n<figure class=\"wp-block-image\"><img loading=\"lazy\" width=\"1024\" height=\"713\" src=\"https:\/\/stilorganizat.ro\/wp-content\/uploads\/2019\/04\/masa-festiva-de-primavara-in-roz-si-verde-2-1024x713.jpg\" alt=\"masa festiva de primavara in roz si verde\" class=\"wp-image-5958\" srcset=\"https:\/\/stilorganizat.com\/wp-content\/uploads\/2019\/04\/masa-festiva-de-primavara-in-roz-si-verde-2-1024x713.jpg 1024w, https:\/\/stilorganizat.com\/wp-content\/uploads\/2019\/04\/masa-festiva-de-primavara-in-roz-si-verde-2-300x209.jpg 300w, https:\/\/stilorganizat.com\/wp-content\/uploads\/2019\/04\/masa-festiva-de-primavara-in-roz-si-verde-2-768x535.jpg 768w, https:\/\/stilorganizat.com\/wp-content\/uploads\/2019\/04\/masa-festiva-de-primavara-in-roz-si-verde-2.jpg 1800w\" sizes=\"(max-width: 1024px) 100vw, 1024px\" \/><\/figure>\n\n\n\n<h2>Resurse pentru masa festiv\u0103 de prim\u0103var\u0103 \u00een roz \u0219i verde<\/h2>\n\n\n\n<p>Farfurii \u0219i castroane verzi \u0219i albe: Bordallo Pinheiro. Farfuriile sunt de la Zara. Castroanele sunt luate din Zurich \u0219i am povestit despre <a rel=\"noreferrer noopener\" aria-label=\"cum le-am cump\u0103rat aici (opens in a new tab)\" href=\"https:\/\/stilorganizat.ro\/?p=5370\" target=\"_blank\">cum le-am cump\u0103rat, aici<\/a>.<\/p>\n\n\n\n<p>Farfurii \u00een form\u0103 de panselu\u021be: Zara Home, (din p\u0103cate seria nu se mai fabric\u0103).<\/p>\n\n\n\n<p>Suporturi pentru farfurii: sunt <a rel=\"noreferrer noopener\" aria-label=\"produse Tchibo; (opens in a new tab)\" href=\"https:\/\/www.tchibo.de\/4-platzsets-p400131118.html\" target=\"_blank\">produse Tchibo;<\/a> da, cei cu cafeaua! Le-am luat anul trecut din Zurich. Intra\u021bi pe link pentru c\u0103 au lucruri dr\u0103gu\u021be. Similare se g\u0103sesc la Ikea sau Zara.<\/p>\n\n\n\n<p><\/p>\n\n\n\n<p>Fa\u021ba de mas\u0103 \u0219i \u0219erve\u021belele sunt din colec\u021bia proprie.<\/p>\n\n\n\n<p>Iepura\u0219ul cred c\u0103 a fost la Kaufland anii trecu\u021bi.<\/p>\n\n\n\n<p>Paharele \u0219i tac\u00e2murile sunt vechi, din familie.<\/p>\n\n\n\n<h2>Sfaturi pentru masa de Pa\u0219te<\/h2>\n\n\n\n<p>Dac\u0103 ave\u021bi farfurii \u0219i pahare albe pe mas\u0103, totul st\u0103 \u00een detalii. Cu florile, ou\u0103le, figurinele din ciocolat\u0103, fa\u021ba de mas\u0103, \u0219erve\u021belele, \u00een culori asortate, masa va fi special\u0103. G\u00e2ndi\u021bi-v\u0103 c\u0103 e ca \u0219i cum v\u0103 potrivi\u021bi \u00eembr\u0103c\u0103mintea. Trebuie ca finalul s\u0103 v\u0103 plac\u0103. <\/p>\n\n\n\n<p>Un exemplu este <a rel=\"noreferrer noopener\" aria-label=\"masa de var\u0103 (opens in a new tab)\" href=\"https:\/\/stilorganizat.ro\/?p=2240\" target=\"_blank\">masa de var\u0103<\/a> pe care am prezentat-o cu mai mul\u021bi ani \u00een urm\u0103, \u00een care aproape toate obiectele sunt albe. Iar c\u00e2teva farfurii colorate sunt din cele foarte ieftine, care se g\u0103sesc la orice magazin universal.<\/p>\n\n\n\n<figure class=\"wp-block-image\"><img loading=\"lazy\" width=\"1024\" height=\"640\" src=\"https:\/\/stilorganizat.ro\/wp-content\/uploads\/2019\/04\/masa-festiva-de-primavara-4-1024x640.jpg\" alt=\"masa festiva de primavara\" class=\"wp-image-5952\" srcset=\"https:\/\/stilorganizat.com\/wp-content\/uploads\/2019\/04\/masa-festiva-de-primavara-4-1024x640.jpg 1024w, https:\/\/stilorganizat.com\/wp-content\/uploads\/2019\/04\/masa-festiva-de-primavara-4-300x188.jpg 300w, https:\/\/stilorganizat.com\/wp-content\/uploads\/2019\/04\/masa-festiva-de-primavara-4-768x480.jpg 768w, https:\/\/stilorganizat.com\/wp-content\/uploads\/2019\/04\/masa-festiva-de-primavara-4.jpg 1800w\" sizes=\"(max-width: 1024px) 100vw, 1024px\" \/><\/figure>\n\n\n\n<p>Sper c\u0103 v-a pl\u0103cut masa pe c\u00e2t de mult mi-a f\u0103cut mie pl\u0103cere s\u0103 o aranjez!<\/p>\n\n\n\n<figure class=\"wp-block-image\"><img loading=\"lazy\" width=\"1024\" height=\"680\" src=\"https:\/\/stilorganizat.ro\/wp-content\/uploads\/2019\/04\/masa-festiva-de-primavara-3-1024x680.jpg\" alt=\"masa festiva de primavara\" class=\"wp-image-5951\" srcset=\"https:\/\/stilorganizat.com\/wp-content\/uploads\/2019\/04\/masa-festiva-de-primavara-3-1024x680.jpg 1024w, https:\/\/stilorganizat.com\/wp-content\/uploads\/2019\/04\/masa-festiva-de-primavara-3-300x199.jpg 300w, https:\/\/stilorganizat.com\/wp-content\/uploads\/2019\/04\/masa-festiva-de-primavara-3-768x510.jpg 768w, https:\/\/stilorganizat.com\/wp-content\/uploads\/2019\/04\/masa-festiva-de-primavara-3.jpg 1800w\" sizes=\"(max-width: 1024px) 100vw, 1024px\" \/><\/figure>\n\n\n\n<p>Am ar\u0103tat mai multe mese pentru Pa\u0219te <a href=\"https:\/\/stilorganizat.ro\/?p=5922\" target=\"_blank\" rel=\"noreferrer noopener\" aria-label=\"aici (opens in a new tab)\">aici<\/a>.<\/p>\n\n\n\n<p><\/p>\n","protected":false},"excerpt":{"rendered":"<p>Pa\u0219tele se apropie, a\u0219a c\u0103 e timpul s\u0103 creez o mas\u0103 festiv\u0103 de prim\u0103var\u0103. \u00cen roz \u0219i verde, acum. F\u0103r\u0103 s\u0103 pl\u0103nuiesc, am ajuns posesoarea al \u00eenc\u0103 unui sortiment de farfurii de la Bordallo Pinheiro. Cadou de ziua mea! Drept care, iat\u0103 \u0219i masa! Aranjarea mesei Este pentru trei persoane, nu numai pentru c\u0103 nu va fi toat\u0103 familia acas\u0103 de Pa\u0219te. At\u00e2tea farfurii aveau la Zara din Unirea. A\u0219 putea s\u0103 completez cumva colec\u021bia, dar deja mi-am f\u0103cut de<\/p>\n","protected":false},"author":1,"featured_media":5959,"comment_status":"open","ping_status":"open","sticky":false,"template":"","format":"standard","meta":[],"categories":[38,37,5],"tags":[32,296,164,129],"yoast_head":"<!-- This site is optimized with the Yoast SEO plugin v17.7.1 - https:\/\/yoast.com\/wordpress\/plugins\/seo\/ -->\n<title>Mas\u0103 festiv\u0103 de prim\u0103var\u0103 \u00een roz \u0219i verde - StilOrganizat<\/title>\n<meta name=\"description\" content=\"Mas\u0103 festiv\u0103 de prim\u0103var\u0103 \u00een roz \u0219i verde. Realizarea ei \u0219i idei pentru a a\u0219eza o mas\u0103 de Pa\u0219te cu vesela pe care o ave\u021bi \u00een cas\u0103.\" \/>\n<meta name=\"robots\" content=\"index, follow, max-snippet:-1, max-image-preview:large, max-video-preview:-1\" \/>\n<link rel=\"canonical\" href=\"https:\/\/stilorganizat.com\/?p=5949\" \/>\n<meta property=\"og:locale\" content=\"en_US\" \/>\n<meta property=\"og:type\" content=\"article\" \/>\n<meta property=\"og:title\" content=\"Mas\u0103 festiv\u0103 de prim\u0103var\u0103 \u00een roz \u0219i verde - StilOrganizat\" \/>\n<meta property=\"og:description\" content=\"Mas\u0103 festiv\u0103 de prim\u0103var\u0103 \u00een roz \u0219i verde. Realizarea ei \u0219i idei pentru a a\u0219eza o mas\u0103 de Pa\u0219te cu vesela pe care o ave\u021bi \u00een cas\u0103.\" \/>\n<meta property=\"og:url\" content=\"https:\/\/stilorganizat.com\/?p=5949\" \/>\n<meta property=\"og:site_name\" content=\"StilOrganizat\" \/>\n<meta property=\"article:published_time\" content=\"2019-04-14T11:16:34+00:00\" \/>\n<meta property=\"article:modified_time\" content=\"2019-04-14T17:41:43+00:00\" \/>\n<meta property=\"og:image\" content=\"https:\/\/stilorganizat.com\/wp-content\/uploads\/2019\/04\/masa-festiva-de-primavara-in-roz-si-verde.jpg\" \/>\n\t<meta property=\"og:image:width\" content=\"1800\" \/>\n\t<meta property=\"og:image:height\" content=\"1200\" \/>\n<meta name=\"twitter:card\" content=\"summary_large_image\" \/>\n<meta name=\"twitter:label1\" content=\"Written by\" \/>\n\t<meta name=\"twitter:data1\" content=\"Ela\" \/>\n\t<meta name=\"twitter:label2\" content=\"Est. reading time\" \/>\n\t<meta name=\"twitter:data2\" content=\"3 minutes\" \/>\n<script type=\"application\/ld+json\" class=\"yoast-schema-graph\">{\"@context\":\"https:\/\/schema.org\",\"@graph\":[{\"@type\":\"WebSite\",\"@id\":\"https:\/\/stilorganizat.com\/#website\",\"url\":\"https:\/\/stilorganizat.com\/\",\"name\":\"StilOrganizat\",\"description\":\"\",\"publisher\":{\"@id\":\"https:\/\/stilorganizat.com\/#\/schema\/person\/925650ea34ea4181154192c09316af88\"},\"potentialAction\":[{\"@type\":\"SearchAction\",\"target\":{\"@type\":\"EntryPoint\",\"urlTemplate\":\"https:\/\/stilorganizat.com\/?s={search_term_string}\"},\"query-input\":\"required name=search_term_string\"}],\"inLanguage\":\"en-US\"},{\"@type\":\"ImageObject\",\"@id\":\"https:\/\/stilorganizat.com\/?p=5949#primaryimage\",\"inLanguage\":\"en-US\",\"url\":\"https:\/\/stilorganizat.com\/wp-content\/uploads\/2019\/04\/masa-festiva-de-primavara-in-roz-si-verde.jpg\",\"contentUrl\":\"https:\/\/stilorganizat.com\/wp-content\/uploads\/2019\/04\/masa-festiva-de-primavara-in-roz-si-verde.jpg\",\"width\":1800,\"height\":1200,\"caption\":\"masa festiva de primavara\"},{\"@type\":\"WebPage\",\"@id\":\"https:\/\/stilorganizat.com\/?p=5949#webpage\",\"url\":\"https:\/\/stilorganizat.com\/?p=5949\",\"name\":\"Mas\\u0103 festiv\\u0103 de prim\\u0103var\\u0103 \\u00een roz \\u0219i verde - StilOrganizat\",\"isPartOf\":{\"@id\":\"https:\/\/stilorganizat.com\/#website\"},\"primaryImageOfPage\":{\"@id\":\"https:\/\/stilorganizat.com\/?p=5949#primaryimage\"},\"datePublished\":\"2019-04-14T11:16:34+00:00\",\"dateModified\":\"2019-04-14T17:41:43+00:00\",\"description\":\"Mas\\u0103 festiv\\u0103 de prim\\u0103var\\u0103 \\u00een roz \\u0219i verde. Realizarea ei \\u0219i idei pentru a a\\u0219eza o mas\\u0103 de Pa\\u0219te cu vesela pe care o ave\\u021bi \\u00een cas\\u0103.\",\"breadcrumb\":{\"@id\":\"https:\/\/stilorganizat.com\/?p=5949#breadcrumb\"},\"inLanguage\":\"en-US\",\"potentialAction\":[{\"@type\":\"ReadAction\",\"target\":[\"https:\/\/stilorganizat.com\/?p=5949\"]}]},{\"@type\":\"BreadcrumbList\",\"@id\":\"https:\/\/stilorganizat.com\/?p=5949#breadcrumb\",\"itemListElement\":[{\"@type\":\"ListItem\",\"position\":1,\"name\":\"Home\",\"item\":\"https:\/\/stilorganizat.com\/\"},{\"@type\":\"ListItem\",\"position\":2,\"name\":\"Organizarea mesei\",\"item\":\"https:\/\/stilorganizat.com\/?cat=5\"},{\"@type\":\"ListItem\",\"position\":3,\"name\":\"Aranjarea meselor\",\"item\":\"https:\/\/stilorganizat.com\/?cat=38\"},{\"@type\":\"ListItem\",\"position\":4,\"name\":\"Mas\\u0103 festiv\\u0103 de prim\\u0103var\\u0103 \\u00een roz \\u0219i verde\"}]},{\"@type\":\"Article\",\"@id\":\"https:\/\/stilorganizat.com\/?p=5949#article\",\"isPartOf\":{\"@id\":\"https:\/\/stilorganizat.com\/?p=5949#webpage\"},\"author\":{\"@id\":\"https:\/\/stilorganizat.com\/#\/schema\/person\/925650ea34ea4181154192c09316af88\"},\"headline\":\"Mas\\u0103 festiv\\u0103 de prim\\u0103var\\u0103 \\u00een roz \\u0219i verde\",\"datePublished\":\"2019-04-14T11:16:34+00:00\",\"dateModified\":\"2019-04-14T17:41:43+00:00\",\"mainEntityOfPage\":{\"@id\":\"https:\/\/stilorganizat.com\/?p=5949#webpage\"},\"wordCount\":613,\"commentCount\":6,\"publisher\":{\"@id\":\"https:\/\/stilorganizat.com\/#\/schema\/person\/925650ea34ea4181154192c09316af88\"},\"image\":{\"@id\":\"https:\/\/stilorganizat.com\/?p=5949#primaryimage\"},\"thumbnailUrl\":\"https:\/\/stilorganizat.com\/wp-content\/uploads\/2019\/04\/masa-festiva-de-primavara-in-roz-si-verde.jpg\",\"keywords\":[\"aranjarea mesei\",\"masa de Paste\",\"masa de primavara\",\"masa festiva\"],\"articleSection\":[\"Aranjarea meselor\",\"Featured\",\"Organizarea mesei\"],\"inLanguage\":\"en-US\",\"potentialAction\":[{\"@type\":\"CommentAction\",\"name\":\"Comment\",\"target\":[\"https:\/\/stilorganizat.com\/?p=5949#respond\"]}]},{\"@type\":[\"Person\",\"Organization\"],\"@id\":\"https:\/\/stilorganizat.com\/#\/schema\/person\/925650ea34ea4181154192c09316af88\",\"name\":\"Ela\",\"image\":{\"@type\":\"ImageObject\",\"@id\":\"https:\/\/stilorganizat.com\/#personlogo\",\"inLanguage\":\"en-US\",\"url\":\"https:\/\/secure.gravatar.com\/avatar\/8760904c7f0aa36ea71caf9864f47f82?s=96&d=identicon&r=g\",\"contentUrl\":\"https:\/\/secure.gravatar.com\/avatar\/8760904c7f0aa36ea71caf9864f47f82?s=96&d=identicon&r=g\",\"caption\":\"Ela\"},\"logo\":{\"@id\":\"https:\/\/stilorganizat.com\/#personlogo\"},\"sameAs\":[\"http:\/\/stilorganizat.ro\"]}]}<\/script>\n<!-- \/ Yoast SEO plugin. -->","yoast_head_json":{"title":"Mas\u0103 festiv\u0103 de prim\u0103var\u0103 \u00een roz \u0219i verde - StilOrganizat","description":"Mas\u0103 festiv\u0103 de prim\u0103var\u0103 \u00een roz \u0219i verde. Realizarea ei \u0219i idei pentru a a\u0219eza o mas\u0103 de Pa\u0219te cu vesela pe care o ave\u021bi \u00een cas\u0103.","robots":{"index":"index","follow":"follow","max-snippet":"max-snippet:-1","max-image-preview":"max-image-preview:large","max-video-preview":"max-video-preview:-1"},"canonical":"https:\/\/stilorganizat.com\/?p=5949","og_locale":"en_US","og_type":"article","og_title":"Mas\u0103 festiv\u0103 de prim\u0103var\u0103 \u00een roz \u0219i verde - StilOrganizat","og_description":"Mas\u0103 festiv\u0103 de prim\u0103var\u0103 \u00een roz \u0219i verde. Realizarea ei \u0219i idei pentru a a\u0219eza o mas\u0103 de Pa\u0219te cu vesela pe care o ave\u021bi \u00een cas\u0103.","og_url":"https:\/\/stilorganizat.com\/?p=5949","og_site_name":"StilOrganizat","article_published_time":"2019-04-14T11:16:34+00:00","article_modified_time":"2019-04-14T17:41:43+00:00","og_image":[{"width":1800,"height":1200,"url":"https:\/\/stilorganizat.com\/wp-content\/uploads\/2019\/04\/masa-festiva-de-primavara-in-roz-si-verde.jpg","type":"image\/jpeg"}],"twitter_card":"summary_large_image","twitter_misc":{"Written by":"Ela","Est. reading time":"3 minutes"},"schema":{"@context":"https:\/\/schema.org","@graph":[{"@type":"WebSite","@id":"https:\/\/stilorganizat.com\/#website","url":"https:\/\/stilorganizat.com\/","name":"StilOrganizat","description":"","publisher":{"@id":"https:\/\/stilorganizat.com\/#\/schema\/person\/925650ea34ea4181154192c09316af88"},"potentialAction":[{"@type":"SearchAction","target":{"@type":"EntryPoint","urlTemplate":"https:\/\/stilorganizat.com\/?s={search_term_string}"},"query-input":"required name=search_term_string"}],"inLanguage":"en-US"},{"@type":"ImageObject","@id":"https:\/\/stilorganizat.com\/?p=5949#primaryimage","inLanguage":"en-US","url":"https:\/\/stilorganizat.com\/wp-content\/uploads\/2019\/04\/masa-festiva-de-primavara-in-roz-si-verde.jpg","contentUrl":"https:\/\/stilorganizat.com\/wp-content\/uploads\/2019\/04\/masa-festiva-de-primavara-in-roz-si-verde.jpg","width":1800,"height":1200,"caption":"masa festiva de primavara"},{"@type":"WebPage","@id":"https:\/\/stilorganizat.com\/?p=5949#webpage","url":"https:\/\/stilorganizat.com\/?p=5949","name":"Mas\u0103 festiv\u0103 de prim\u0103var\u0103 \u00een roz \u0219i verde - StilOrganizat","isPartOf":{"@id":"https:\/\/stilorganizat.com\/#website"},"primaryImageOfPage":{"@id":"https:\/\/stilorganizat.com\/?p=5949#primaryimage"},"datePublished":"2019-04-14T11:16:34+00:00","dateModified":"2019-04-14T17:41:43+00:00","description":"Mas\u0103 festiv\u0103 de prim\u0103var\u0103 \u00een roz \u0219i verde. Realizarea ei \u0219i idei pentru a a\u0219eza o mas\u0103 de Pa\u0219te cu vesela pe care o ave\u021bi \u00een cas\u0103.","breadcrumb":{"@id":"https:\/\/stilorganizat.com\/?p=5949#breadcrumb"},"inLanguage":"en-US","potentialAction":[{"@type":"ReadAction","target":["https:\/\/stilorganizat.com\/?p=5949"]}]},{"@type":"BreadcrumbList","@id":"https:\/\/stilorganizat.com\/?p=5949#breadcrumb","itemListElement":[{"@type":"ListItem","position":1,"name":"Home","item":"https:\/\/stilorganizat.com\/"},{"@type":"ListItem","position":2,"name":"Organizarea mesei","item":"https:\/\/stilorganizat.com\/?cat=5"},{"@type":"ListItem","position":3,"name":"Aranjarea meselor","item":"https:\/\/stilorganizat.com\/?cat=38"},{"@type":"ListItem","position":4,"name":"Mas\u0103 festiv\u0103 de prim\u0103var\u0103 \u00een roz \u0219i verde"}]},{"@type":"Article","@id":"https:\/\/stilorganizat.com\/?p=5949#article","isPartOf":{"@id":"https:\/\/stilorganizat.com\/?p=5949#webpage"},"author":{"@id":"https:\/\/stilorganizat.com\/#\/schema\/person\/925650ea34ea4181154192c09316af88"},"headline":"Mas\u0103 festiv\u0103 de prim\u0103var\u0103 \u00een roz \u0219i verde","datePublished":"2019-04-14T11:16:34+00:00","dateModified":"2019-04-14T17:41:43+00:00","mainEntityOfPage":{"@id":"https:\/\/stilorganizat.com\/?p=5949#webpage"},"wordCount":613,"commentCount":6,"publisher":{"@id":"https:\/\/stilorganizat.com\/#\/schema\/person\/925650ea34ea4181154192c09316af88"},"image":{"@id":"https:\/\/stilorganizat.com\/?p=5949#primaryimage"},"thumbnailUrl":"https:\/\/stilorganizat.com\/wp-content\/uploads\/2019\/04\/masa-festiva-de-primavara-in-roz-si-verde.jpg","keywords":["aranjarea mesei","masa de Paste","masa de primavara","masa festiva"],"articleSection":["Aranjarea meselor","Featured","Organizarea mesei"],"inLanguage":"en-US","potentialAction":[{"@type":"CommentAction","name":"Comment","target":["https:\/\/stilorganizat.com\/?p=5949#respond"]}]},{"@type":["Person","Organization"],"@id":"https:\/\/stilorganizat.com\/#\/schema\/person\/925650ea34ea4181154192c09316af88","name":"Ela","image":{"@type":"ImageObject","@id":"https:\/\/stilorganizat.com\/#personlogo","inLanguage":"en-US","url":"https:\/\/secure.gravatar.com\/avatar\/8760904c7f0aa36ea71caf9864f47f82?s=96&d=identicon&r=g","contentUrl":"https:\/\/secure.gravatar.com\/avatar\/8760904c7f0aa36ea71caf9864f47f82?s=96&d=identicon&r=g","caption":"Ela"},"logo":{"@id":"https:\/\/stilorganizat.com\/#personlogo"},"sameAs":["http:\/\/stilorganizat.ro"]}]}},"_links":{"self":[{"href":"https:\/\/stilorganizat.com\/index.php?rest_route=\/wp\/v2\/posts\/5949"}],"collection":[{"href":"https:\/\/stilorganizat.com\/index.php?rest_route=\/wp\/v2\/posts"}],"about":[{"href":"https:\/\/stilorganizat.com\/index.php?rest_route=\/wp\/v2\/types\/post"}],"author":[{"embeddable":true,"href":"https:\/\/stilorganizat.com\/index.php?rest_route=\/wp\/v2\/users\/1"}],"replies":[{"embeddable":true,"href":"https:\/\/stilorganizat.com\/index.php?rest_route=%2Fwp%2Fv2%2Fcomments&post=5949"}],"version-history":[{"count":4,"href":"https:\/\/stilorganizat.com\/index.php?rest_route=\/wp\/v2\/posts\/5949\/revisions"}],"predecessor-version":[{"id":5964,"href":"https:\/\/stilorganizat.com\/index.php?rest_route=\/wp\/v2\/posts\/5949\/revisions\/5964"}],"wp:featuredmedia":[{"embeddable":true,"href":"https:\/\/stilorganizat.com\/index.php?rest_route=\/wp\/v2\/media\/5959"}],"wp:attachment":[{"href":"https:\/\/stilorganizat.com\/index.php?rest_route=%2Fwp%2Fv2%2Fmedia&parent=5949"}],"wp:term":[{"taxonomy":"category","embeddable":true,"href":"https:\/\/stilorganizat.com\/index.php?rest_route=%2Fwp%2Fv2%2Fcategories&post=5949"},{"taxonomy":"post_tag","embeddable":true,"href":"https:\/\/stilorganizat.com\/index.php?rest_route=%2Fwp%2Fv2%2Ftags&post=5949"}],"curies":[{"name":"wp","href":"https:\/\/api.w.org\/{rel}","templated":true}]}}