{"id":5900,"date":"2022-04-14T21:16:00","date_gmt":"2022-04-14T18:16:00","guid":{"rendered":"https:\/\/stilorganizat.ro\/?p=5900"},"modified":"2022-04-14T21:59:10","modified_gmt":"2022-04-14T18:59:10","slug":"gradina-in-aprilie-ce-e-de-facut","status":"publish","type":"post","link":"https:\/\/stilorganizat.com\/?p=5900","title":{"rendered":"Gr\u0103dina \u00een aprilie &#8211; ce e de f\u0103cut"},"content":{"rendered":"\n<p><\/p>\n\n\n\n<p>Gr\u0103dina \u00een aprilie ne ofer\u0103 deja daruri. E plin\u0103 de flori, de pomi radiind \u00een soare, de verdea\u021b\u0103 \u0219i g\u00e2ze. Ce e de f\u0103cut pentru a o p\u0103stra frumoas\u0103 \u00een continuare? (Dar dup\u0103 ce verific\u0103m <a aria-label=\"stadiul lucr\u0103rilor pl\u0103nuite pentru martie (opens in a new tab)\" rel=\"noreferrer noopener\" href=\"https:\/\/stilorganizat.ro\/?p=5840\" target=\"_blank\">stadiul lucr\u0103rilor pl\u0103nuite pentru martie<\/a>.)<\/p>\n\n\n\n<h2 class=\"has-text-align-center\">Obiective pentru gr\u0103dina \u00een aprilie<\/h2>\n\n\n\n<p><a href=\"https:\/\/stilorganizat.com\/?p=5638\" target=\"_blank\" rel=\"noreferrer noopener\" aria-label=\"M\u0103 ocup \u00een continuare de atingerea obiectivelor stabilite la \u00eenceputul anului.  (opens in a new tab)\">M\u0103 ocup \u00een continuare de atingerea obiectivelor stabilite la \u00eenceputul anului. <\/a><\/p>\n\n\n\n<p>Timpul petrecut afar\u0103 dep\u0103\u0219e\u0219te mult cele 20 de minute pe care mi le propusesem. Cel pu\u021bin \u00een zilele frumoase sunt c\u00e2teva ore bune. Profit de gr\u0103din\u0103 pentru a sta la soare \u0219i a face mi\u0219care.<\/p>\n\n\n\n<p>Organizarea gr\u0103dinii \u00eemi d\u0103 a\u0219a o stare de bine! Toate activit\u0103\u021bile sunt acum simple \u0219i clare. De exemplu, zilele trecute am cernut compost, o activitate peste care s\u0103ream anii trecu\u021bi. Acum am locul potrivit, uneltele perfecte \u0219i pl\u0103cerea de a face un lucru bun.<\/p>\n\n\n\n<p>Organizarea gr\u0103dinii e ca un ceas mecanic, la care roti\u021bele se \u00eenv\u00e2rt perfect pentru a da ora exact\u0103. Peste acest tipar exact, surprizele vin de la plante. Care au propria lor voin\u021b\u0103 \u0219i care se desf\u0103\u0219oar\u0103 uneori \u00een cele mai nea\u0219teptate moduri.<\/p>\n\n\n\n<p>De exemplu, buchetele de lalele planificate toamna trecut\u0103 \u00eemi dau emo\u021bii. S-au deschis mai mult florile albe, iar din cele colorate nu au ap\u0103rut dec\u00e2t c\u00e2teva. Sper c\u0103 acelea sunt lalele t\u00e2rzii \u0219i se vor ivi la un moment dat \u00een buchete.<\/p>\n\n\n\n<figure class=\"wp-block-image size-large\"><a href=\"https:\/\/stilorganizat.com\/wp-content\/uploads\/2021\/03\/grup-de-lalele.jpg\" rel=\"wp-prettyPhoto[5900]\"><img loading=\"lazy\" width=\"1024\" height=\"768\" src=\"https:\/\/stilorganizat.com\/wp-content\/uploads\/2021\/03\/grup-de-lalele-1024x768.jpg\" alt=\"Grup de lalele\" class=\"wp-image-8087\" srcset=\"https:\/\/stilorganizat.com\/wp-content\/uploads\/2021\/03\/grup-de-lalele-1024x768.jpg 1024w, https:\/\/stilorganizat.com\/wp-content\/uploads\/2021\/03\/grup-de-lalele-300x225.jpg 300w, https:\/\/stilorganizat.com\/wp-content\/uploads\/2021\/03\/grup-de-lalele-768x576.jpg 768w, https:\/\/stilorganizat.com\/wp-content\/uploads\/2021\/03\/grup-de-lalele-1536x1152.jpg 1536w, https:\/\/stilorganizat.com\/wp-content\/uploads\/2021\/03\/grup-de-lalele.jpg 1800w\" sizes=\"(max-width: 1024px) 100vw, 1024px\" \/><\/a><\/figure>\n\n\n\n<h2 class=\"has-text-align-center\"> <br>Straturile de plante <\/h2>\n\n\n\n<p>Dup\u0103 anii de renovare, \u00een care curtea a fost plin\u0103 de materiale de construc\u021bii \u0219i gr\u0103dina neglijat\u0103, iau acum la r\u00e2nd buc\u0103\u021bic\u0103 cu buc\u0103\u021bic\u0103 de p\u0103m\u00e2nt \u0219i amenajez straturi de flori sau de legume. \u00cen plus, trebuie \u00eengrijite \u0219i \u00eembun\u0103t\u0103\u021bite straturile pe care am reu\u0219it s\u0103 le plantez de anul trecut.<\/p>\n\n\n\n<figure class=\"wp-block-image size-large\"><img loading=\"lazy\" width=\"915\" height=\"1024\" src=\"https:\/\/stilorganizat.com\/wp-content\/uploads\/2019\/04\/lalele-mov-915x1024.jpg\" alt=\"lalele mov\" class=\"wp-image-6977\" srcset=\"https:\/\/stilorganizat.com\/wp-content\/uploads\/2019\/04\/lalele-mov-915x1024.jpg 915w, https:\/\/stilorganizat.com\/wp-content\/uploads\/2019\/04\/lalele-mov-268x300.jpg 268w, https:\/\/stilorganizat.com\/wp-content\/uploads\/2019\/04\/lalele-mov-768x860.jpg 768w, https:\/\/stilorganizat.com\/wp-content\/uploads\/2019\/04\/lalele-mov-1372x1536.jpg 1372w, https:\/\/stilorganizat.com\/wp-content\/uploads\/2019\/04\/lalele-mov-300x336.jpg 300w, https:\/\/stilorganizat.com\/wp-content\/uploads\/2019\/04\/lalele-mov.jpg 1800w\" sizes=\"(max-width: 915px) 100vw, 915px\" \/><\/figure>\n\n\n\n<h3 class=\"has-vivid-purple-color has-text-color\"><strong>Straturile existente<\/strong><\/h3>\n\n\n\n<p>Munca principal\u0103 din prima perioad\u0103 a lunii const\u0103 \u00een \u00eentre\u021binerea lor.<\/p>\n\n\n\n<h4>Buruieni<\/h4>\n\n\n\n<p>Buruienile se bucur\u0103 \u0219i ele de venirea prim\u0103verii \u0219i, fiind native, sunt foarte puternice \u0219i \u00eencearc\u0103 s\u0103 controleze teritoriul. Cu c\u00e2t le elimin\u0103m mai din timp, cu at\u00e2t va fi mai u\u0219or. C\u00e2teodat\u0103 las unele buruieni ar\u0103toase s\u0103 creasc\u0103 \u00een locuri goale din straturi. Astfel \u00ee\u0219i aduc \u0219i ele contribu\u021bia la frumuse\u021bea gr\u0103dinii. <\/p>\n\n\n\n<figure class=\"wp-block-image\"><img loading=\"lazy\" width=\"1024\" height=\"766\" src=\"https:\/\/stilorganizat.ro\/wp-content\/uploads\/2019\/04\/de-facut-in-gradina-2-1024x766.jpg\" alt=\"zambile in gradina\" class=\"wp-image-5935\" srcset=\"https:\/\/stilorganizat.com\/wp-content\/uploads\/2019\/04\/de-facut-in-gradina-2-1024x766.jpg 1024w, https:\/\/stilorganizat.com\/wp-content\/uploads\/2019\/04\/de-facut-in-gradina-2-300x224.jpg 300w, https:\/\/stilorganizat.com\/wp-content\/uploads\/2019\/04\/de-facut-in-gradina-2-768x574.jpg 768w, https:\/\/stilorganizat.com\/wp-content\/uploads\/2019\/04\/de-facut-in-gradina-2.jpg 1801w\" sizes=\"(max-width: 1024px) 100vw, 1024px\" \/><\/figure>\n\n\n\n<h4>Udat, mulcire<\/h4>\n\n\n\n<p>Mulcirea este indicat\u0103 pentru a uda mai pu\u021bin \u0219i a p\u0103stra r\u0103coros p\u0103m\u00e2ntul. Ca s\u0103 economisesc, folosesc toc\u0103tur\u0103 de la t\u0103ierile pomilor \u0219i arbu\u0219tilor. Nu \u0219tiu dac\u0103 o fi bine sau nu; florile nu mi s-au pl\u00e2ns.<\/p>\n\n\n\n<figure class=\"wp-block-image\"><img loading=\"lazy\" width=\"1024\" height=\"683\" src=\"https:\/\/stilorganizat.ro\/wp-content\/uploads\/2019\/04\/de-facut-in-gradina-5-1024x683.jpg\" alt=\"lalele in gradina\" class=\"wp-image-5937\" srcset=\"https:\/\/stilorganizat.com\/wp-content\/uploads\/2019\/04\/de-facut-in-gradina-5-1024x683.jpg 1024w, https:\/\/stilorganizat.com\/wp-content\/uploads\/2019\/04\/de-facut-in-gradina-5-300x200.jpg 300w, https:\/\/stilorganizat.com\/wp-content\/uploads\/2019\/04\/de-facut-in-gradina-5-768x512.jpg 768w, https:\/\/stilorganizat.com\/wp-content\/uploads\/2019\/04\/de-facut-in-gradina-5.jpg 1800w\" sizes=\"(max-width: 1024px) 100vw, 1024px\" \/><\/figure>\n\n\n\n<h4>\u00cengr\u0103\u0219\u0103minte<\/h4>\n\n\n\n<p>Adaug \u00een straturi compost din plin. Pun \u00eengr\u0103\u0219\u0103m\u00e2nt special trandafirilor. \u0218i hortensiei care sufer\u0103 din pricina p\u0103m\u00e2ntului alcalin din gr\u0103dina noastr\u0103.<\/p>\n\n\n\n<figure class=\"wp-block-image\"><img loading=\"lazy\" width=\"1016\" height=\"1024\" src=\"https:\/\/stilorganizat.ro\/wp-content\/uploads\/2019\/04\/de-facut-in-gradina-1-1016x1024.jpg\" alt=\"lalea roz in gradina\" class=\"wp-image-5934\" srcset=\"https:\/\/stilorganizat.com\/wp-content\/uploads\/2019\/04\/de-facut-in-gradina-1-1016x1024.jpg 1016w, https:\/\/stilorganizat.com\/wp-content\/uploads\/2019\/04\/de-facut-in-gradina-1-150x150.jpg 150w, https:\/\/stilorganizat.com\/wp-content\/uploads\/2019\/04\/de-facut-in-gradina-1-298x300.jpg 298w, https:\/\/stilorganizat.com\/wp-content\/uploads\/2019\/04\/de-facut-in-gradina-1-768x774.jpg 768w, https:\/\/stilorganizat.com\/wp-content\/uploads\/2019\/04\/de-facut-in-gradina-1-300x302.jpg 300w, https:\/\/stilorganizat.com\/wp-content\/uploads\/2019\/04\/de-facut-in-gradina-1.jpg 1200w\" sizes=\"(max-width: 1016px) 100vw, 1016px\" \/><\/figure>\n\n\n\n<h4>Toaletarea straturilor<\/h4>\n\n\n\n<p>Deja unele flori cu bulbi se ofilesc \u0219i trebuie t\u0103iate. Excep\u021bie fac cele mici: ghiocei, muscari, care se \u00eenmul\u021besc prin semin\u021be \u0219i florile trebuie s\u0103 r\u0103m\u00e2n\u0103. <br>Plantele r\u0103m\u00e2n pe loc p\u00e2n\u0103 se ofilesc \u0219i frunzele. Apoi le putem muta \u00een alte locuri, dac\u0103 dorim.<\/p>\n\n\n\n<figure class=\"wp-block-image\"><img loading=\"lazy\" width=\"1024\" height=\"683\" src=\"https:\/\/stilorganizat.ro\/wp-content\/uploads\/2019\/04\/de-facut-in-gradina-4-1024x683.jpg\" alt=\"muscari in gradina\" class=\"wp-image-5933\" srcset=\"https:\/\/stilorganizat.com\/wp-content\/uploads\/2019\/04\/de-facut-in-gradina-4-1024x683.jpg 1024w, https:\/\/stilorganizat.com\/wp-content\/uploads\/2019\/04\/de-facut-in-gradina-4-300x200.jpg 300w, https:\/\/stilorganizat.com\/wp-content\/uploads\/2019\/04\/de-facut-in-gradina-4-768x512.jpg 768w, https:\/\/stilorganizat.com\/wp-content\/uploads\/2019\/04\/de-facut-in-gradina-4.jpg 1800w\" sizes=\"(max-width: 1024px) 100vw, 1024px\" \/><figcaption>Florile de muscari nu se taie dup\u0103 ce se ofilesc<\/figcaption><\/figure>\n\n\n\n<h4>Metoda culorilor<\/h4>\n\n\n\n<p>Acum doi ani, c\u00e2nd am \u00eenceput lucr\u0103rile \u00een exterior, am scos toate florile de prim\u0103var\u0103 din straturile din fa\u021ba casei \u0219i le-am sortat pe categorii, \u00een l\u0103di\u021be.<\/p>\n\n\n\n<p>Rezultatul? Am soiuri amestecate peste tot. <s>Acum folosesc metoda culorilor pentru florile c\u0103rora vreau s\u0103 le schimb locul<\/s>. Cum procedez: De fapt, am \u00eenceput s\u0103 mut florile bulboase care nu se potrivesc \u00eentr-un loc imediat ce \u00eenfloresc. Am sute de exemplare \u0219i nu mai fac fa\u021b\u0103 altfel. Am descoperit de anul trecut c\u0103 cele mai multe se prind \u00een noile locuri desemnate. <\/p>\n\n\n\n<figure class=\"wp-block-image size-large\"><a href=\"https:\/\/stilorganizat.com\/wp-content\/uploads\/2021\/03\/narcise-albe.jpg\" rel=\"wp-prettyPhoto[5900]\"><img loading=\"lazy\" width=\"1024\" height=\"768\" src=\"https:\/\/stilorganizat.com\/wp-content\/uploads\/2021\/03\/narcise-albe-1024x768.jpg\" alt=\"narcise la inceput de aprilie\" class=\"wp-image-8089\" srcset=\"https:\/\/stilorganizat.com\/wp-content\/uploads\/2021\/03\/narcise-albe-1024x768.jpg 1024w, https:\/\/stilorganizat.com\/wp-content\/uploads\/2021\/03\/narcise-albe-300x225.jpg 300w, https:\/\/stilorganizat.com\/wp-content\/uploads\/2021\/03\/narcise-albe-768x576.jpg 768w, https:\/\/stilorganizat.com\/wp-content\/uploads\/2021\/03\/narcise-albe-1536x1152.jpg 1536w, https:\/\/stilorganizat.com\/wp-content\/uploads\/2021\/03\/narcise-albe.jpg 1800w\" sizes=\"(max-width: 1024px) 100vw, 1024px\" \/><\/a><\/figure>\n\n\n\n<h3 class=\"has-vivid-purple-color has-text-color\"><strong>Straturile noi<\/strong><\/h3>\n\n\n\n<p>\u00cen ultimii ani am avut o privire mai atent\u0103 asupra gr\u0103dinii. Am \u00eenceput s\u0103 studiez, \u00een c\u0103r\u021bi sau pe internet, straturi de flori ca s\u0103 \u00eemi dau seama ce le face at\u00e2t de frumoase. Gr\u0103dinile arat\u0103 at\u00e2t de bine \u00een fotografii, dar \u00een fa\u021ba unei buc\u0103\u021bi goale de p\u0103m\u00e2nt te sim\u021bi extrem de intimidat.<\/p>\n\n\n\n<p>\u0218i anul acesta am plantat straturi noi de flori. Am urmat strict urm\u0103toarele puncte pentru a le aduce la via\u021b\u0103:<\/p>\n\n\n\n<h3>Proiect \u0219i planificare<\/h3>\n\n\n\n<p>Pornesc de la plante. Le aleg pe cele pe care mi le-a\u0219 dori \u00een gr\u0103din\u0103. Studiez cerin\u021bele lor privind lumina, solul \u0219i apa, apoi stabilesc dac\u0103 cele dorite se \u00eencadreaz\u0103 \u00een geografia stratului de amenajat. M\u0103 interesez \u0219i c\u00e2t de u\u0219or de \u00eentre\u021binut sunt acestea. Unele plante pic\u0103 la aceast\u0103 sit\u0103 de cerin\u021be. Am trecut de perioada romantic\u0103 \u00een care cump\u0103ram, de pild\u0103, rododendroni sau alte plante care nu aveau dec\u00e2t de suferit \u00een gr\u0103dina mea.<\/p>\n\n\n\n<p>Pasul urm\u0103tor este s\u0103 verific dac\u0103 plantele vor sta bine \u00eempreun\u0103. Fac un mic desen colorat ca s\u0103 \u00eemi dau seama cum le voi a\u0219eza \u0219i c\u00e2te voi comanda. Apoi schi\u021bez c\u00e2te o fi\u0219\u0103 pentru fiecare plant\u0103, mai ales dac\u0103 este un tip nou. M\u0103 ajut\u0103 s\u0103 verific repede cum s\u0103 le \u00eengrijesc \u0219i s\u0103 le \u00eenmul\u021besc, eventual, f\u0103r\u0103 s\u0103 caut de fiecare dat\u0103 informa\u021bii despre ele. Planurile, fi\u0219ele \u0219i etichetele soiurilor fiec\u0103rui strat <a href=\"https:\/\/stilorganizat.com\/?p=5700\" target=\"_blank\" rel=\"noreferrer noopener\" aria-label=\"stau \u00een dosarele pe care le-am prezentat deja. (opens in a new tab)\">stau \u00een dosarele pe care le-am prezentat deja.<\/a><\/p>\n\n\n\n<figure class=\"wp-block-image size-large\"><img loading=\"lazy\" width=\"1024\" height=\"753\" src=\"https:\/\/stilorganizat.com\/wp-content\/uploads\/2019\/02\/dosar-cu-date-din-gradina-1024x753.jpg\" alt=\"dosare cu informatii despre gradina\" class=\"wp-image-6816\" srcset=\"https:\/\/stilorganizat.com\/wp-content\/uploads\/2019\/02\/dosar-cu-date-din-gradina-1024x753.jpg 1024w, https:\/\/stilorganizat.com\/wp-content\/uploads\/2019\/02\/dosar-cu-date-din-gradina-300x221.jpg 300w, https:\/\/stilorganizat.com\/wp-content\/uploads\/2019\/02\/dosar-cu-date-din-gradina-768x564.jpg 768w, https:\/\/stilorganizat.com\/wp-content\/uploads\/2019\/02\/dosar-cu-date-din-gradina-1536x1129.jpg 1536w, https:\/\/stilorganizat.com\/wp-content\/uploads\/2019\/02\/dosar-cu-date-din-gradina.jpg 1800w\" sizes=\"(max-width: 1024px) 100vw, 1024px\" \/><\/figure>\n\n\n\n<h3>Comandarea plantelor<\/h3>\n\n\n\n<p>Urmeaz\u0103 comandarea lor. Acum se g\u0103sesc foarte multe plante de cump\u0103rat pe internet. Am substituit soiurile de neg\u0103sit cu altele asem\u0103n\u0103toare. C\u0103l\u0103toria din aceast\u0103 prim\u0103var\u0103 la Praskac a trebuit s\u0103 fie anulat\u0103, deci m-am descurcat doar cu pepinierele autohtone. <\/p>\n\n\n\n<h3>Prelucrarea p\u0103m\u00e2ntului<\/h3>\n\n\n\n<p>Stratul trebuie delimitat, apoi s\u0103pat, ad\u0103ugat din plin compost \u0219i greblat. Nu \u0219tiu cum ave\u021bi gr\u0103dinile, dar la noi e o secet\u0103 cumplit\u0103. Trebuie ad\u0103ugat\u0103 ap\u0103 mult\u0103 \u00een fiecare strat nou.<\/p>\n\n\n\n<h3>Plantare \u0219i \u00eengrijire<\/h3>\n\n\n\n<p>R\u0103sadurile se \u021bin \u00een ap\u0103, cu ghiveci cu tot, \u00eenainte de a fi plantate. M\u0103car o or\u0103. \u00cen loca\u0219ul destinat fiec\u0103rei plante mai pun pu\u021bin compost amestecat cu p\u0103m\u00e2nt de gr\u0103din\u0103, apoi ap\u0103, apoi plantez \u0219i adaug iar ap\u0103 \u00een final.<\/p>\n\n\n\n<p>Am grij\u0103 s\u0103 ud temeinic plantele \u00een primele s\u0103pt\u0103m\u00e2ni.<\/p>\n\n\n\n<p><\/p>\n\n\n\n<h2 class=\"has-text-align-center\">Legume \u0219i mirodenii<\/h2>\n\n\n\n<p>Spre sf\u00e2r\u0219itul lunii sem\u0103n direct afar\u0103 mirodenii, legume \u0219i flori. Pe cele care iubesc soarele \u0219i c\u0103ldura. Gr\u0103dina \u00een aprilie este o promisiune \u00eenc\u0103 \u00een ceea ce prive\u0219te multe dintre acestea.<\/p>\n\n\n\n<p>Iar r\u0103sadurile de ardei \u0219i tomate, \u00een func\u021bie de temperaturile de afar\u0103, se transplanteaz\u0103 acum sau la \u00eenceputul lui mai. Au fost ani \u00een care, dup\u0103 ce am pus zeci de fire de ro\u0219ii, s-au dezl\u0103n\u021buit furtuni cu ploi toren\u021biale \u0219i valuri de frig. <\/p>\n\n\n\n<figure class=\"wp-block-image\"><img loading=\"lazy\" width=\"1024\" height=\"743\" src=\"https:\/\/stilorganizat.ro\/wp-content\/uploads\/2019\/04\/aprilie-in-gradina-1024x743.jpg\" alt=\"aprilie in gradina\" class=\"wp-image-5914\" srcset=\"https:\/\/stilorganizat.com\/wp-content\/uploads\/2019\/04\/aprilie-in-gradina-1024x743.jpg 1024w, https:\/\/stilorganizat.com\/wp-content\/uploads\/2019\/04\/aprilie-in-gradina-300x218.jpg 300w, https:\/\/stilorganizat.com\/wp-content\/uploads\/2019\/04\/aprilie-in-gradina-768x557.jpg 768w, https:\/\/stilorganizat.com\/wp-content\/uploads\/2019\/04\/aprilie-in-gradina.jpg 1800w\" sizes=\"(max-width: 1024px) 100vw, 1024px\" \/><\/figure>\n\n\n\n<h2 class=\"has-text-align-center\">Mentenan\u021b\u0103 general\u0103 \u00een gr\u0103dina \u00een aprilie<\/h2>\n\n\n\n<p><br>Const\u0103 \u00een observarea continu\u0103 a plantelor \u0219i interven\u021bia \u00een caz de nevoie. Cu o foarfec\u0103 \u00eentotdeauna la \u00eendem\u00e2n\u0103, se cur\u0103\u021b\u0103 ramurile \u0219i florile uscate, se ajusteaz\u0103 c\u00e2te o creang\u0103, se elimin\u0103 l\u0103starii lacomi.<\/p>\n\n\n\n<p>D\u0103un\u0103torii trebuie \u021binu\u021bi sub control. Lipsa de aten\u021bie poate avea urm\u0103ri catastrofale. Am avut situa\u021bii ur\u00e2te \u00een care am pierdut plante pentru c\u0103 nu am observat la timp o astfel de invazie.<\/p>\n\n\n\n<p>\u0218i mult udat. \u00cen primul r\u00e2nd pentru plantele noi, apoi pentru toat\u0103 gr\u0103dina, dac\u0103 ploile \u00eent\u00e2rzie.<\/p>\n\n\n\n<p><\/p>\n\n\n\n<h2 class=\"has-text-align-center\"> <br>Date cu gr\u0103dina \u00een aprilie  <\/h2>\n\n\n\n<p>Nu uita\u021bi s\u0103 consemna\u021bi ceea ce v\u0103 place \u0219i ce nu \u00een gr\u0103din\u0103, s\u0103 face\u021bi fotografii ale sale \u00een diferite perioade. Astfel ve\u021bi avea datele necesare pentru a ameliora situa\u021bia pe viitor. Sau de a copia \u00een anii viitori reu\u0219itele de acum.<\/p>\n\n\n\n<h2 class=\"has-text-align-center\">Gr\u0103dina pentru \u00eencep\u0103tori<\/h2>\n\n\n\n<p><a href=\"https:\/\/stilorganizat.com\/?p=5840\" target=\"_blank\" rel=\"noreferrer noopener\">Salata sem\u0103nat\u0103 luna trecut\u0103<\/a> a crescut suficient \u0219i poate fi transplantat\u0103 \u00eentr-un ghiveci mare, o jardinier\u0103 sau \u00een curte. Dup\u0103 dorin\u021bele \u0219i posibilit\u0103\u021bile fiec\u0103ruia.<\/p>\n\n\n\n<p>Eu am avut o cutie de lemn interesant\u0103 pe care am transformat-o \u00een jardinier\u0103 \u0219i aici am pus salatele din r\u0103sadni\u021b\u0103. Culeg c\u00e2teva frunze de la fiecare plant\u0103 pentru c\u0103 cele mai multe soiuri se dezvolt\u0103 \u00een continuare cu frunze noi \u0219i fragede.<\/p>\n\n\n\n<p>O cutie din lemn se poate transforma oric\u00e2nd \u00eentr-o jardinier\u0103. Trebuie prev\u0103zut\u0103 cu scurgere, asigurat\u0103 \u00eempotriva umezelii, umplut\u0103 cu p\u0103m\u00e2nt de ghiveci \u0219i gr\u0103dina e asigurat\u0103!<\/p>\n\n\n\n<figure class=\"wp-block-image size-large\"><a href=\"https:\/\/stilorganizat.com\/wp-content\/uploads\/2021\/03\/jardiniera-din-lemn.jpg\" rel=\"wp-prettyPhoto[5900]\"><img loading=\"lazy\" width=\"1024\" height=\"768\" src=\"https:\/\/stilorganizat.com\/wp-content\/uploads\/2021\/03\/jardiniera-din-lemn-1024x768.jpg\" alt=\"jardiniera din lemn\" class=\"wp-image-8088\" srcset=\"https:\/\/stilorganizat.com\/wp-content\/uploads\/2021\/03\/jardiniera-din-lemn-1024x768.jpg 1024w, https:\/\/stilorganizat.com\/wp-content\/uploads\/2021\/03\/jardiniera-din-lemn-300x225.jpg 300w, https:\/\/stilorganizat.com\/wp-content\/uploads\/2021\/03\/jardiniera-din-lemn-768x576.jpg 768w, https:\/\/stilorganizat.com\/wp-content\/uploads\/2021\/03\/jardiniera-din-lemn-1536x1152.jpg 1536w, https:\/\/stilorganizat.com\/wp-content\/uploads\/2021\/03\/jardiniera-din-lemn.jpg 1800w\" sizes=\"(max-width: 1024px) 100vw, 1024px\" \/><\/a><\/figure>\n\n\n\n<p> <\/p>\n\n\n\n<h2 class=\"has-text-align-center\">Relaxare \u00een aer liber<\/h2>\n\n\n\n<p>\u00cenchei cu \u00eendemnul de a petrece timp \u00een aer liber acas\u0103, fie doar st\u00e2nd \u00een fa\u021ba unei ferestre deschise, dac\u0103 nu ave\u021bi balcon sau gr\u0103din\u0103. Cu c\u00e2teva plante frumoase al\u0103turi, cu o carte \u0219i cu o cafea (\u00een cazul meu).<\/p>\n\n\n\n<p>C\u0103minul a devenit la propriu centrul universului pentru fiecare din noi \u00een ace\u0219ti ani. Era o metafor\u0103 pentru mul\u021bi p\u00e2n\u0103 de cur\u00e2nd. Acum metafora a prins via\u021b\u0103 \u0219i depinde de noi s\u0103 facem ca timpul acas\u0103 s\u0103 fie nu numai suportabil, ci pl\u0103cut.<\/p>\n","protected":false},"excerpt":{"rendered":"<p>Gr\u0103dina \u00een aprilie ne ofer\u0103 deja daruri. E plin\u0103 de flori, de pomi radiind \u00een soare, de verdea\u021b\u0103 \u0219i g\u00e2ze. Ce e de f\u0103cut pentru a o p\u0103stra frumoas\u0103 \u00een continuare? (Dar dup\u0103 ce verific\u0103m stadiul lucr\u0103rilor pl\u0103nuite pentru martie.) Obiective pentru gr\u0103dina \u00een aprilie M\u0103 ocup \u00een continuare de atingerea obiectivelor stabilite la \u00eenceputul anului. Timpul petrecut afar\u0103 dep\u0103\u0219e\u0219te mult cele 20 de minute pe care mi le propusesem. Cel pu\u021bin \u00een zilele frumoase sunt c\u00e2teva ore bune. Profit<\/p>\n","protected":false},"author":1,"featured_media":8087,"comment_status":"open","ping_status":"open","sticky":false,"template":"","format":"standard","meta":[],"categories":[37,8,25],"tags":[72,81,181],"yoast_head":"<!-- This site is optimized with the Yoast SEO plugin v17.7.1 - https:\/\/yoast.com\/wordpress\/plugins\/seo\/ -->\n<title>Gr\u0103dina \u00een aprilie - ce e de f\u0103cut - StilOrganizat<\/title>\n<meta name=\"description\" content=\"Gr\u0103dina \u00een aprilie - ce e de f\u0103cut \u00een aceast\u0103 lun\u0103 pentru a avea o gr\u0103din\u0103 frumoas\u0103, s\u0103n\u0103toas\u0103 \u0219i de care s\u0103 ne bucur\u0103m tot restul anului.\" \/>\n<meta name=\"robots\" content=\"index, follow, max-snippet:-1, max-image-preview:large, max-video-preview:-1\" \/>\n<link rel=\"canonical\" href=\"https:\/\/stilorganizat.com\/?p=5900\" \/>\n<meta property=\"og:locale\" content=\"en_US\" \/>\n<meta property=\"og:type\" content=\"article\" \/>\n<meta property=\"og:title\" content=\"Gr\u0103dina \u00een aprilie - ce e de f\u0103cut - StilOrganizat\" \/>\n<meta property=\"og:description\" content=\"Gr\u0103dina \u00een aprilie - ce e de f\u0103cut \u00een aceast\u0103 lun\u0103 pentru a avea o gr\u0103din\u0103 frumoas\u0103, s\u0103n\u0103toas\u0103 \u0219i de care s\u0103 ne bucur\u0103m tot restul anului.\" \/>\n<meta property=\"og:url\" content=\"https:\/\/stilorganizat.com\/?p=5900\" \/>\n<meta property=\"og:site_name\" content=\"StilOrganizat\" \/>\n<meta property=\"article:published_time\" content=\"2022-04-14T18:16:00+00:00\" \/>\n<meta property=\"article:modified_time\" content=\"2022-04-14T18:59:10+00:00\" \/>\n<meta property=\"og:image\" content=\"https:\/\/stilorganizat.com\/wp-content\/uploads\/2021\/03\/grup-de-lalele.jpg\" \/>\n\t<meta property=\"og:image:width\" content=\"1800\" \/>\n\t<meta property=\"og:image:height\" content=\"1350\" \/>\n<meta name=\"twitter:card\" content=\"summary_large_image\" \/>\n<meta name=\"twitter:label1\" content=\"Written by\" \/>\n\t<meta name=\"twitter:data1\" content=\"Ela\" \/>\n\t<meta name=\"twitter:label2\" content=\"Est. reading time\" \/>\n\t<meta name=\"twitter:data2\" content=\"8 minutes\" \/>\n<script type=\"application\/ld+json\" class=\"yoast-schema-graph\">{\"@context\":\"https:\/\/schema.org\",\"@graph\":[{\"@type\":\"WebSite\",\"@id\":\"https:\/\/stilorganizat.com\/#website\",\"url\":\"https:\/\/stilorganizat.com\/\",\"name\":\"StilOrganizat\",\"description\":\"\",\"publisher\":{\"@id\":\"https:\/\/stilorganizat.com\/#\/schema\/person\/925650ea34ea4181154192c09316af88\"},\"potentialAction\":[{\"@type\":\"SearchAction\",\"target\":{\"@type\":\"EntryPoint\",\"urlTemplate\":\"https:\/\/stilorganizat.com\/?s={search_term_string}\"},\"query-input\":\"required name=search_term_string\"}],\"inLanguage\":\"en-US\"},{\"@type\":\"ImageObject\",\"@id\":\"https:\/\/stilorganizat.com\/?p=5900#primaryimage\",\"inLanguage\":\"en-US\",\"url\":\"https:\/\/stilorganizat.com\/wp-content\/uploads\/2021\/03\/grup-de-lalele.jpg\",\"contentUrl\":\"https:\/\/stilorganizat.com\/wp-content\/uploads\/2021\/03\/grup-de-lalele.jpg\",\"width\":1800,\"height\":1350,\"caption\":\"Grup de lalele\"},{\"@type\":\"WebPage\",\"@id\":\"https:\/\/stilorganizat.com\/?p=5900#webpage\",\"url\":\"https:\/\/stilorganizat.com\/?p=5900\",\"name\":\"Gr\\u0103dina \\u00een aprilie - ce e de f\\u0103cut - StilOrganizat\",\"isPartOf\":{\"@id\":\"https:\/\/stilorganizat.com\/#website\"},\"primaryImageOfPage\":{\"@id\":\"https:\/\/stilorganizat.com\/?p=5900#primaryimage\"},\"datePublished\":\"2022-04-14T18:16:00+00:00\",\"dateModified\":\"2022-04-14T18:59:10+00:00\",\"description\":\"Gr\\u0103dina \\u00een aprilie - ce e de f\\u0103cut \\u00een aceast\\u0103 lun\\u0103 pentru a avea o gr\\u0103din\\u0103 frumoas\\u0103, s\\u0103n\\u0103toas\\u0103 \\u0219i de care s\\u0103 ne bucur\\u0103m tot restul anului.\",\"breadcrumb\":{\"@id\":\"https:\/\/stilorganizat.com\/?p=5900#breadcrumb\"},\"inLanguage\":\"en-US\",\"potentialAction\":[{\"@type\":\"ReadAction\",\"target\":[\"https:\/\/stilorganizat.com\/?p=5900\"]}]},{\"@type\":\"BreadcrumbList\",\"@id\":\"https:\/\/stilorganizat.com\/?p=5900#breadcrumb\",\"itemListElement\":[{\"@type\":\"ListItem\",\"position\":1,\"name\":\"Home\",\"item\":\"https:\/\/stilorganizat.com\/\"},{\"@type\":\"ListItem\",\"position\":2,\"name\":\"Gradina\",\"item\":\"https:\/\/stilorganizat.com\/?cat=8\"},{\"@type\":\"ListItem\",\"position\":3,\"name\":\"Gr\\u0103dina \\u00een aprilie &#8211; ce e de f\\u0103cut\"}]},{\"@type\":\"Article\",\"@id\":\"https:\/\/stilorganizat.com\/?p=5900#article\",\"isPartOf\":{\"@id\":\"https:\/\/stilorganizat.com\/?p=5900#webpage\"},\"author\":{\"@id\":\"https:\/\/stilorganizat.com\/#\/schema\/person\/925650ea34ea4181154192c09316af88\"},\"headline\":\"Gr\\u0103dina \\u00een aprilie &#8211; ce e de f\\u0103cut\",\"datePublished\":\"2022-04-14T18:16:00+00:00\",\"dateModified\":\"2022-04-14T18:59:10+00:00\",\"mainEntityOfPage\":{\"@id\":\"https:\/\/stilorganizat.com\/?p=5900#webpage\"},\"wordCount\":1515,\"commentCount\":6,\"publisher\":{\"@id\":\"https:\/\/stilorganizat.com\/#\/schema\/person\/925650ea34ea4181154192c09316af88\"},\"image\":{\"@id\":\"https:\/\/stilorganizat.com\/?p=5900#primaryimage\"},\"thumbnailUrl\":\"https:\/\/stilorganizat.com\/wp-content\/uploads\/2021\/03\/grup-de-lalele.jpg\",\"keywords\":[\"gradina\",\"gradina pe luni\",\"organizare gradina\"],\"articleSection\":[\"Featured\",\"Gradina\",\"Gradina pe luni\"],\"inLanguage\":\"en-US\",\"potentialAction\":[{\"@type\":\"CommentAction\",\"name\":\"Comment\",\"target\":[\"https:\/\/stilorganizat.com\/?p=5900#respond\"]}]},{\"@type\":[\"Person\",\"Organization\"],\"@id\":\"https:\/\/stilorganizat.com\/#\/schema\/person\/925650ea34ea4181154192c09316af88\",\"name\":\"Ela\",\"image\":{\"@type\":\"ImageObject\",\"@id\":\"https:\/\/stilorganizat.com\/#personlogo\",\"inLanguage\":\"en-US\",\"url\":\"https:\/\/secure.gravatar.com\/avatar\/8760904c7f0aa36ea71caf9864f47f82?s=96&d=identicon&r=g\",\"contentUrl\":\"https:\/\/secure.gravatar.com\/avatar\/8760904c7f0aa36ea71caf9864f47f82?s=96&d=identicon&r=g\",\"caption\":\"Ela\"},\"logo\":{\"@id\":\"https:\/\/stilorganizat.com\/#personlogo\"},\"sameAs\":[\"http:\/\/stilorganizat.ro\"]}]}<\/script>\n<!-- \/ Yoast SEO plugin. -->","yoast_head_json":{"title":"Gr\u0103dina \u00een aprilie - ce e de f\u0103cut - StilOrganizat","description":"Gr\u0103dina \u00een aprilie - ce e de f\u0103cut \u00een aceast\u0103 lun\u0103 pentru a avea o gr\u0103din\u0103 frumoas\u0103, s\u0103n\u0103toas\u0103 \u0219i de care s\u0103 ne bucur\u0103m tot restul anului.","robots":{"index":"index","follow":"follow","max-snippet":"max-snippet:-1","max-image-preview":"max-image-preview:large","max-video-preview":"max-video-preview:-1"},"canonical":"https:\/\/stilorganizat.com\/?p=5900","og_locale":"en_US","og_type":"article","og_title":"Gr\u0103dina \u00een aprilie - ce e de f\u0103cut - StilOrganizat","og_description":"Gr\u0103dina \u00een aprilie - ce e de f\u0103cut \u00een aceast\u0103 lun\u0103 pentru a avea o gr\u0103din\u0103 frumoas\u0103, s\u0103n\u0103toas\u0103 \u0219i de care s\u0103 ne bucur\u0103m tot restul anului.","og_url":"https:\/\/stilorganizat.com\/?p=5900","og_site_name":"StilOrganizat","article_published_time":"2022-04-14T18:16:00+00:00","article_modified_time":"2022-04-14T18:59:10+00:00","og_image":[{"width":1800,"height":1350,"url":"https:\/\/stilorganizat.com\/wp-content\/uploads\/2021\/03\/grup-de-lalele.jpg","type":"image\/jpeg"}],"twitter_card":"summary_large_image","twitter_misc":{"Written by":"Ela","Est. reading time":"8 minutes"},"schema":{"@context":"https:\/\/schema.org","@graph":[{"@type":"WebSite","@id":"https:\/\/stilorganizat.com\/#website","url":"https:\/\/stilorganizat.com\/","name":"StilOrganizat","description":"","publisher":{"@id":"https:\/\/stilorganizat.com\/#\/schema\/person\/925650ea34ea4181154192c09316af88"},"potentialAction":[{"@type":"SearchAction","target":{"@type":"EntryPoint","urlTemplate":"https:\/\/stilorganizat.com\/?s={search_term_string}"},"query-input":"required name=search_term_string"}],"inLanguage":"en-US"},{"@type":"ImageObject","@id":"https:\/\/stilorganizat.com\/?p=5900#primaryimage","inLanguage":"en-US","url":"https:\/\/stilorganizat.com\/wp-content\/uploads\/2021\/03\/grup-de-lalele.jpg","contentUrl":"https:\/\/stilorganizat.com\/wp-content\/uploads\/2021\/03\/grup-de-lalele.jpg","width":1800,"height":1350,"caption":"Grup de lalele"},{"@type":"WebPage","@id":"https:\/\/stilorganizat.com\/?p=5900#webpage","url":"https:\/\/stilorganizat.com\/?p=5900","name":"Gr\u0103dina \u00een aprilie - ce e de f\u0103cut - StilOrganizat","isPartOf":{"@id":"https:\/\/stilorganizat.com\/#website"},"primaryImageOfPage":{"@id":"https:\/\/stilorganizat.com\/?p=5900#primaryimage"},"datePublished":"2022-04-14T18:16:00+00:00","dateModified":"2022-04-14T18:59:10+00:00","description":"Gr\u0103dina \u00een aprilie - ce e de f\u0103cut \u00een aceast\u0103 lun\u0103 pentru a avea o gr\u0103din\u0103 frumoas\u0103, s\u0103n\u0103toas\u0103 \u0219i de care s\u0103 ne bucur\u0103m tot restul anului.","breadcrumb":{"@id":"https:\/\/stilorganizat.com\/?p=5900#breadcrumb"},"inLanguage":"en-US","potentialAction":[{"@type":"ReadAction","target":["https:\/\/stilorganizat.com\/?p=5900"]}]},{"@type":"BreadcrumbList","@id":"https:\/\/stilorganizat.com\/?p=5900#breadcrumb","itemListElement":[{"@type":"ListItem","position":1,"name":"Home","item":"https:\/\/stilorganizat.com\/"},{"@type":"ListItem","position":2,"name":"Gradina","item":"https:\/\/stilorganizat.com\/?cat=8"},{"@type":"ListItem","position":3,"name":"Gr\u0103dina \u00een aprilie &#8211; ce e de f\u0103cut"}]},{"@type":"Article","@id":"https:\/\/stilorganizat.com\/?p=5900#article","isPartOf":{"@id":"https:\/\/stilorganizat.com\/?p=5900#webpage"},"author":{"@id":"https:\/\/stilorganizat.com\/#\/schema\/person\/925650ea34ea4181154192c09316af88"},"headline":"Gr\u0103dina \u00een aprilie &#8211; ce e de f\u0103cut","datePublished":"2022-04-14T18:16:00+00:00","dateModified":"2022-04-14T18:59:10+00:00","mainEntityOfPage":{"@id":"https:\/\/stilorganizat.com\/?p=5900#webpage"},"wordCount":1515,"commentCount":6,"publisher":{"@id":"https:\/\/stilorganizat.com\/#\/schema\/person\/925650ea34ea4181154192c09316af88"},"image":{"@id":"https:\/\/stilorganizat.com\/?p=5900#primaryimage"},"thumbnailUrl":"https:\/\/stilorganizat.com\/wp-content\/uploads\/2021\/03\/grup-de-lalele.jpg","keywords":["gradina","gradina pe luni","organizare gradina"],"articleSection":["Featured","Gradina","Gradina pe luni"],"inLanguage":"en-US","potentialAction":[{"@type":"CommentAction","name":"Comment","target":["https:\/\/stilorganizat.com\/?p=5900#respond"]}]},{"@type":["Person","Organization"],"@id":"https:\/\/stilorganizat.com\/#\/schema\/person\/925650ea34ea4181154192c09316af88","name":"Ela","image":{"@type":"ImageObject","@id":"https:\/\/stilorganizat.com\/#personlogo","inLanguage":"en-US","url":"https:\/\/secure.gravatar.com\/avatar\/8760904c7f0aa36ea71caf9864f47f82?s=96&d=identicon&r=g","contentUrl":"https:\/\/secure.gravatar.com\/avatar\/8760904c7f0aa36ea71caf9864f47f82?s=96&d=identicon&r=g","caption":"Ela"},"logo":{"@id":"https:\/\/stilorganizat.com\/#personlogo"},"sameAs":["http:\/\/stilorganizat.ro"]}]}},"_links":{"self":[{"href":"https:\/\/stilorganizat.com\/index.php?rest_route=\/wp\/v2\/posts\/5900"}],"collection":[{"href":"https:\/\/stilorganizat.com\/index.php?rest_route=\/wp\/v2\/posts"}],"about":[{"href":"https:\/\/stilorganizat.com\/index.php?rest_route=\/wp\/v2\/types\/post"}],"author":[{"embeddable":true,"href":"https:\/\/stilorganizat.com\/index.php?rest_route=\/wp\/v2\/users\/1"}],"replies":[{"embeddable":true,"href":"https:\/\/stilorganizat.com\/index.php?rest_route=%2Fwp%2Fv2%2Fcomments&post=5900"}],"version-history":[{"count":37,"href":"https:\/\/stilorganizat.com\/index.php?rest_route=\/wp\/v2\/posts\/5900\/revisions"}],"predecessor-version":[{"id":8099,"href":"https:\/\/stilorganizat.com\/index.php?rest_route=\/wp\/v2\/posts\/5900\/revisions\/8099"}],"wp:featuredmedia":[{"embeddable":true,"href":"https:\/\/stilorganizat.com\/index.php?rest_route=\/wp\/v2\/media\/8087"}],"wp:attachment":[{"href":"https:\/\/stilorganizat.com\/index.php?rest_route=%2Fwp%2Fv2%2Fmedia&parent=5900"}],"wp:term":[{"taxonomy":"category","embeddable":true,"href":"https:\/\/stilorganizat.com\/index.php?rest_route=%2Fwp%2Fv2%2Fcategories&post=5900"},{"taxonomy":"post_tag","embeddable":true,"href":"https:\/\/stilorganizat.com\/index.php?rest_route=%2Fwp%2Fv2%2Ftags&post=5900"}],"curies":[{"name":"wp","href":"https:\/\/api.w.org\/{rel}","templated":true}]}}