{"id":5806,"date":"2019-02-16T21:15:05","date_gmt":"2019-02-16T18:15:05","guid":{"rendered":"https:\/\/stilorganizat.ro\/?p=5806"},"modified":"2019-02-16T21:15:57","modified_gmt":"2019-02-16T18:15:57","slug":"cutie-pentru-organizarea-hartiilor-de-pe-birou","status":"publish","type":"post","link":"https:\/\/stilorganizat.com\/?p=5806","title":{"rendered":"Cutie pentru organizarea h\u00e2rtiilor de pe birou"},"content":{"rendered":"\n<p><\/p>\n\n\n\n<p><em>\u00cen acest articol scriu despre o solu\u021bie de organizare a tip\u0103riturilor de pe birou. Nu \u00eemi pl\u0103cea s\u0103 v\u0103d \u00eempr\u0103\u0219tiate carne\u021belele pe care scriu, facturile, schi\u021bele \u0219i alte noti\u021be de uz curent.\u00a0A\u0219a\u00a0c\u0103\u00a0am\u00a0\u00eencercat\u00a0o\u00a0rezolvare\u00a0cu\u00a0o\u00a0cutie\u00a0pentru\u00a0organizarea\u00a0h\u00e2rtiilor.<\/em><\/p>\n\n\n\n<p>Am recitit, cu nostalgie, ce consemnam acum c\u00e2\u021biva ani <a rel=\"noreferrer noopener\" aria-label=\"despre birourile mele (opens in a new tab)\" href=\"https:\/\/stilorganizat.ro\/?p=4705\" target=\"_blank\">despre birourile mele<\/a>. \u00centre timp, le-am permutat prin cas\u0103 fugind de urgia renov\u0103rilor succesive. Iar abia acum le stabilesc clar func\u021biile \u0219i \u00eencep s\u0103 le aranjez. <\/p>\n\n\n\n<p>De\u0219i m\u0103 captiveaz\u0103 renov\u0103rile \u0219i reamenaj\u0103rile, nu v\u0103 ascund c\u0103 pl\u0103cerea mea este s\u0103 aranjez obiecte. Pe categorii, sortimente, culori; orice modalitate de organizare g\u0103sesc potrivit\u0103.<\/p>\n\n\n\n<p>Pentru biroul la care desenez \u0219i scriu mi-am dorit s\u0103 g\u0103sesc o solu\u021bie pentru a\u0219ezarea h\u00e2rtiilor. Aici stau cel mai mult \u0219i, inevitabil, se str\u00e2ng multe tip\u0103rituri. \u0218tiu c\u0103 se g\u0103sesc astfel de organizatoare pe pia\u021b\u0103. Dar eu am vrut s\u0103 improvizez ceva \u00eenainte de a cump\u0103ra. Pentru c\u0103 voiam s\u0103 aflu mai \u00eent\u00e2i dac\u0103 \u00eemi va conveni sistemul.<\/p>\n\n\n\n<figure class=\"wp-block-image\"><img loading=\"lazy\" width=\"1024\" height=\"683\" src=\"https:\/\/stilorganizat.ro\/wp-content\/uploads\/2019\/02\/organizare-hartii-1024x683.jpg\" alt=\"organizare hartii\" class=\"wp-image-5807\" srcset=\"https:\/\/stilorganizat.com\/wp-content\/uploads\/2019\/02\/organizare-hartii-1024x683.jpg 1024w, https:\/\/stilorganizat.com\/wp-content\/uploads\/2019\/02\/organizare-hartii-300x200.jpg 300w, https:\/\/stilorganizat.com\/wp-content\/uploads\/2019\/02\/organizare-hartii-768x512.jpg 768w, https:\/\/stilorganizat.com\/wp-content\/uploads\/2019\/02\/organizare-hartii.jpg 1800w\" sizes=\"(max-width: 1024px) 100vw, 1024px\" \/><figcaption>Pe birou se adun\u0103 multe h\u00e2rtii<\/figcaption><\/figure>\n\n\n\n<h2><em>Realizarea\u00a0cutiei\u00a0pentru\u00a0organizarea\u00a0h\u00e2rtiilor<\/em><\/h2>\n\n\n\n<p>A\u0219a c\u0103&#8230; <\/p>\n\n\n\n<p>Am c\u0103utat o cutie \u00een podul cu de toate. Cea de pantofi era destul de bun\u0103, \u00eens\u0103 am vrut un carton mai solid.<\/p>\n\n\n\n<p>Am g\u0103sit una f\u0103r\u0103 \u00eenscrisuri sau desene, frumoas\u0103 \u0219i zdrav\u0103n\u0103. I-am decupat un trapez \u00een partea din fa\u021b\u0103.<\/p>\n\n\n\n<figure class=\"wp-block-image\"><img loading=\"lazy\" width=\"1024\" height=\"648\" src=\"https:\/\/stilorganizat.ro\/wp-content\/uploads\/2019\/02\/cutie-de-organizare-hartii-1024x648.jpg\" alt=\"cutie organizare hartii\" class=\"wp-image-5808\" srcset=\"https:\/\/stilorganizat.com\/wp-content\/uploads\/2019\/02\/cutie-de-organizare-hartii-1024x648.jpg 1024w, https:\/\/stilorganizat.com\/wp-content\/uploads\/2019\/02\/cutie-de-organizare-hartii-300x190.jpg 300w, https:\/\/stilorganizat.com\/wp-content\/uploads\/2019\/02\/cutie-de-organizare-hartii-768x486.jpg 768w, https:\/\/stilorganizat.com\/wp-content\/uploads\/2019\/02\/cutie-de-organizare-hartii.jpg 1801w\" sizes=\"(max-width: 1024px) 100vw, 1024px\" \/><\/figure>\n\n\n\n<p>Apoi am f\u0103cut un desen \u00een carouri folosind culori acrilice. Am ales acrilice Maimeri: Rosa quinacridone \u0219i Titanium buff. Cred c\u0103 le-am luat mai demult de pe site-ul <a rel=\"noreferrer noopener\" aria-label=\"Colorit (opens in a new tab)\" href=\"https:\/\/www.colorit.ro\/culori-acrilice-maimeri-acrilico-7296.html\" target=\"_blank\">Colorit<\/a>. Am folosit, deasemenea, dou\u0103 tipuri de pensule: numerele 7 \u0219i 8.<\/p>\n\n\n\n<figure class=\"wp-block-image\"><img loading=\"lazy\" width=\"1024\" height=\"683\" src=\"https:\/\/stilorganizat.ro\/wp-content\/uploads\/2019\/02\/cutie-pentru-organizare-hartii-2-1024x683.jpg\" alt=\"cutie organizare hartii\" class=\"wp-image-5809\" srcset=\"https:\/\/stilorganizat.com\/wp-content\/uploads\/2019\/02\/cutie-pentru-organizare-hartii-2-1024x683.jpg 1024w, https:\/\/stilorganizat.com\/wp-content\/uploads\/2019\/02\/cutie-pentru-organizare-hartii-2-300x200.jpg 300w, https:\/\/stilorganizat.com\/wp-content\/uploads\/2019\/02\/cutie-pentru-organizare-hartii-2-768x512.jpg 768w, https:\/\/stilorganizat.com\/wp-content\/uploads\/2019\/02\/cutie-pentru-organizare-hartii-2.jpg 1800w\" sizes=\"(max-width: 1024px) 100vw, 1024px\" \/><\/figure>\n\n\n\n<h2><em>Concluzie<\/em><\/h2>\n\n\n\n<p>Ce s\u0103 spun? \u00cemi place acum s\u0103 am o cutie pentru organizarea h\u00e2rtiilor pe birou \u0219i o voi p\u0103stra.<\/p>\n\n\n\n<figure class=\"wp-block-image\"><img loading=\"lazy\" width=\"1024\" height=\"667\" src=\"https:\/\/stilorganizat.ro\/wp-content\/uploads\/2019\/02\/cutie-pentru-organizare-hartii-3-1024x667.jpg\" alt=\"cutie organizare hartii\" class=\"wp-image-5810\" srcset=\"https:\/\/stilorganizat.com\/wp-content\/uploads\/2019\/02\/cutie-pentru-organizare-hartii-3-1024x667.jpg 1024w, https:\/\/stilorganizat.com\/wp-content\/uploads\/2019\/02\/cutie-pentru-organizare-hartii-3-300x195.jpg 300w, https:\/\/stilorganizat.com\/wp-content\/uploads\/2019\/02\/cutie-pentru-organizare-hartii-3-768x500.jpg 768w, https:\/\/stilorganizat.com\/wp-content\/uploads\/2019\/02\/cutie-pentru-organizare-hartii-3.jpg 1801w\" sizes=\"(max-width: 1024px) 100vw, 1024px\" \/><\/figure>\n\n\n\n<p>Ba mai mult, voi \u00eencerca o gam\u0103 mai mare de organizatoare din carton. M\u0103 g\u00e2ndesc, \u00een primul r\u00e2nd, la creioane \u0219i mini-electronice.<\/p>\n\n\n\n<figure class=\"wp-block-image\"><img loading=\"lazy\" width=\"1024\" height=\"683\" src=\"https:\/\/stilorganizat.ro\/wp-content\/uploads\/2019\/02\/cutie-pentru-organizare-hartii-4-1024x683.jpg\" alt=\"cutie organizare hartii\" class=\"wp-image-5811\" srcset=\"https:\/\/stilorganizat.com\/wp-content\/uploads\/2019\/02\/cutie-pentru-organizare-hartii-4-1024x683.jpg 1024w, https:\/\/stilorganizat.com\/wp-content\/uploads\/2019\/02\/cutie-pentru-organizare-hartii-4-300x200.jpg 300w, https:\/\/stilorganizat.com\/wp-content\/uploads\/2019\/02\/cutie-pentru-organizare-hartii-4-768x512.jpg 768w, https:\/\/stilorganizat.com\/wp-content\/uploads\/2019\/02\/cutie-pentru-organizare-hartii-4.jpg 1800w\" sizes=\"(max-width: 1024px) 100vw, 1024px\" \/><\/figure>\n\n\n\n<p>Ecologic, ieftin&#8230; Nu \u0219tiu ce impresie v\u0103 las\u0103 fotografiile, dar eu a\u0219 risca \u0219i un: elegant.<\/p>\n\n\n\n<figure class=\"wp-block-image\"><img loading=\"lazy\" width=\"1024\" height=\"584\" src=\"https:\/\/stilorganizat.ro\/wp-content\/uploads\/2019\/02\/cutie-pentru-organizare-hartii-1024x584.jpg\" alt=\"cutie organizare hartii\" class=\"wp-image-5812\" srcset=\"https:\/\/stilorganizat.com\/wp-content\/uploads\/2019\/02\/cutie-pentru-organizare-hartii-1024x584.jpg 1024w, https:\/\/stilorganizat.com\/wp-content\/uploads\/2019\/02\/cutie-pentru-organizare-hartii-300x171.jpg 300w, https:\/\/stilorganizat.com\/wp-content\/uploads\/2019\/02\/cutie-pentru-organizare-hartii-768x438.jpg 768w, https:\/\/stilorganizat.com\/wp-content\/uploads\/2019\/02\/cutie-pentru-organizare-hartii.jpg 1800w\" sizes=\"(max-width: 1024px) 100vw, 1024px\" \/><\/figure>\n\n\n\n<p><\/p>\n","protected":false},"excerpt":{"rendered":"<p>\u00cen acest articol scriu despre o solu\u021bie de organizare a tip\u0103riturilor de pe birou. Nu \u00eemi pl\u0103cea s\u0103 v\u0103d \u00eempr\u0103\u0219tiate carne\u021belele pe care scriu, facturile, schi\u021bele \u0219i alte noti\u021be de uz curent.\u00a0A\u0219a\u00a0c\u0103\u00a0am\u00a0\u00eencercat\u00a0o\u00a0rezolvare\u00a0cu\u00a0o\u00a0cutie\u00a0pentru\u00a0organizarea\u00a0h\u00e2rtiilor. Am recitit, cu nostalgie, ce consemnam acum c\u00e2\u021biva ani despre birourile mele. \u00centre timp, le-am permutat prin cas\u0103 fugind de urgia renov\u0103rilor succesive. Iar abia acum le stabilesc clar func\u021biile \u0219i \u00eencep s\u0103 le aranjez. De\u0219i m\u0103 captiveaz\u0103 renov\u0103rile \u0219i reamenaj\u0103rile, nu v\u0103 ascund c\u0103 pl\u0103cerea mea este<\/p>\n","protected":false},"author":1,"featured_media":5811,"comment_status":"open","ping_status":"open","sticky":false,"template":"","format":"standard","meta":[],"categories":[37,4,12],"tags":[112,291],"yoast_head":"<!-- This site is optimized with the Yoast SEO plugin v17.7.1 - https:\/\/yoast.com\/wordpress\/plugins\/seo\/ -->\n<title>Cutie pentru organizarea h\u00e2rtiilor de pe birou - StilOrganizat<\/title>\n<meta name=\"description\" content=\"Pentru a evita dezordinea de pe birou, toate carnetele, foile, notitele de uz curent se aseaza intr-o cutie pentru organizarea hartiilor\" \/>\n<meta name=\"robots\" content=\"index, follow, max-snippet:-1, max-image-preview:large, max-video-preview:-1\" \/>\n<link rel=\"canonical\" href=\"https:\/\/stilorganizat.com\/?p=5806\" \/>\n<meta property=\"og:locale\" content=\"en_US\" \/>\n<meta property=\"og:type\" content=\"article\" \/>\n<meta property=\"og:title\" content=\"Cutie pentru organizarea h\u00e2rtiilor de pe birou - StilOrganizat\" \/>\n<meta property=\"og:description\" content=\"Pentru a evita dezordinea de pe birou, toate carnetele, foile, notitele de uz curent se aseaza intr-o cutie pentru organizarea hartiilor\" \/>\n<meta property=\"og:url\" content=\"https:\/\/stilorganizat.com\/?p=5806\" \/>\n<meta property=\"og:site_name\" content=\"StilOrganizat\" \/>\n<meta property=\"article:published_time\" content=\"2019-02-16T18:15:05+00:00\" \/>\n<meta property=\"article:modified_time\" content=\"2019-02-16T18:15:57+00:00\" \/>\n<meta property=\"og:image\" content=\"https:\/\/stilorganizat.com\/wp-content\/uploads\/2019\/02\/cutie-pentru-organizare-hartii-4.jpg\" \/>\n\t<meta property=\"og:image:width\" content=\"1800\" \/>\n\t<meta property=\"og:image:height\" content=\"1200\" \/>\n<meta name=\"twitter:card\" content=\"summary_large_image\" \/>\n<meta name=\"twitter:label1\" content=\"Written by\" \/>\n\t<meta name=\"twitter:data1\" content=\"Ela\" \/>\n\t<meta name=\"twitter:label2\" content=\"Est. reading time\" \/>\n\t<meta name=\"twitter:data2\" content=\"2 minutes\" \/>\n<script type=\"application\/ld+json\" class=\"yoast-schema-graph\">{\"@context\":\"https:\/\/schema.org\",\"@graph\":[{\"@type\":\"WebSite\",\"@id\":\"https:\/\/stilorganizat.com\/#website\",\"url\":\"https:\/\/stilorganizat.com\/\",\"name\":\"StilOrganizat\",\"description\":\"\",\"publisher\":{\"@id\":\"https:\/\/stilorganizat.com\/#\/schema\/person\/925650ea34ea4181154192c09316af88\"},\"potentialAction\":[{\"@type\":\"SearchAction\",\"target\":{\"@type\":\"EntryPoint\",\"urlTemplate\":\"https:\/\/stilorganizat.com\/?s={search_term_string}\"},\"query-input\":\"required name=search_term_string\"}],\"inLanguage\":\"en-US\"},{\"@type\":\"ImageObject\",\"@id\":\"https:\/\/stilorganizat.com\/?p=5806#primaryimage\",\"inLanguage\":\"en-US\",\"url\":\"https:\/\/stilorganizat.com\/wp-content\/uploads\/2019\/02\/cutie-pentru-organizare-hartii-4.jpg\",\"contentUrl\":\"https:\/\/stilorganizat.com\/wp-content\/uploads\/2019\/02\/cutie-pentru-organizare-hartii-4.jpg\",\"width\":1800,\"height\":1200,\"caption\":\"cutie organizare hartii\"},{\"@type\":\"WebPage\",\"@id\":\"https:\/\/stilorganizat.com\/?p=5806#webpage\",\"url\":\"https:\/\/stilorganizat.com\/?p=5806\",\"name\":\"Cutie pentru organizarea h\\u00e2rtiilor de pe birou - StilOrganizat\",\"isPartOf\":{\"@id\":\"https:\/\/stilorganizat.com\/#website\"},\"primaryImageOfPage\":{\"@id\":\"https:\/\/stilorganizat.com\/?p=5806#primaryimage\"},\"datePublished\":\"2019-02-16T18:15:05+00:00\",\"dateModified\":\"2019-02-16T18:15:57+00:00\",\"description\":\"Pentru a evita dezordinea de pe birou, toate carnetele, foile, notitele de uz curent se aseaza intr-o cutie pentru organizarea hartiilor\",\"breadcrumb\":{\"@id\":\"https:\/\/stilorganizat.com\/?p=5806#breadcrumb\"},\"inLanguage\":\"en-US\",\"potentialAction\":[{\"@type\":\"ReadAction\",\"target\":[\"https:\/\/stilorganizat.com\/?p=5806\"]}]},{\"@type\":\"BreadcrumbList\",\"@id\":\"https:\/\/stilorganizat.com\/?p=5806#breadcrumb\",\"itemListElement\":[{\"@type\":\"ListItem\",\"position\":1,\"name\":\"Home\",\"item\":\"https:\/\/stilorganizat.com\/\"},{\"@type\":\"ListItem\",\"position\":2,\"name\":\"Organizarea casei\",\"item\":\"https:\/\/stilorganizat.com\/?cat=4\"},{\"@type\":\"ListItem\",\"position\":3,\"name\":\"Cutie pentru organizarea h\\u00e2rtiilor de pe birou\"}]},{\"@type\":\"Article\",\"@id\":\"https:\/\/stilorganizat.com\/?p=5806#article\",\"isPartOf\":{\"@id\":\"https:\/\/stilorganizat.com\/?p=5806#webpage\"},\"author\":{\"@id\":\"https:\/\/stilorganizat.com\/#\/schema\/person\/925650ea34ea4181154192c09316af88\"},\"headline\":\"Cutie pentru organizarea h\\u00e2rtiilor de pe birou\",\"datePublished\":\"2019-02-16T18:15:05+00:00\",\"dateModified\":\"2019-02-16T18:15:57+00:00\",\"mainEntityOfPage\":{\"@id\":\"https:\/\/stilorganizat.com\/?p=5806#webpage\"},\"wordCount\":361,\"commentCount\":4,\"publisher\":{\"@id\":\"https:\/\/stilorganizat.com\/#\/schema\/person\/925650ea34ea4181154192c09316af88\"},\"image\":{\"@id\":\"https:\/\/stilorganizat.com\/?p=5806#primaryimage\"},\"thumbnailUrl\":\"https:\/\/stilorganizat.com\/wp-content\/uploads\/2019\/02\/cutie-pentru-organizare-hartii-4.jpg\",\"keywords\":[\"organizare\",\"organizare obiecte\"],\"articleSection\":[\"Featured\",\"Organizarea casei\",\"Organizarea obiectelor\"],\"inLanguage\":\"en-US\",\"potentialAction\":[{\"@type\":\"CommentAction\",\"name\":\"Comment\",\"target\":[\"https:\/\/stilorganizat.com\/?p=5806#respond\"]}]},{\"@type\":[\"Person\",\"Organization\"],\"@id\":\"https:\/\/stilorganizat.com\/#\/schema\/person\/925650ea34ea4181154192c09316af88\",\"name\":\"Ela\",\"image\":{\"@type\":\"ImageObject\",\"@id\":\"https:\/\/stilorganizat.com\/#personlogo\",\"inLanguage\":\"en-US\",\"url\":\"https:\/\/secure.gravatar.com\/avatar\/8760904c7f0aa36ea71caf9864f47f82?s=96&d=identicon&r=g\",\"contentUrl\":\"https:\/\/secure.gravatar.com\/avatar\/8760904c7f0aa36ea71caf9864f47f82?s=96&d=identicon&r=g\",\"caption\":\"Ela\"},\"logo\":{\"@id\":\"https:\/\/stilorganizat.com\/#personlogo\"},\"sameAs\":[\"http:\/\/stilorganizat.ro\"]}]}<\/script>\n<!-- \/ Yoast SEO plugin. -->","yoast_head_json":{"title":"Cutie pentru organizarea h\u00e2rtiilor de pe birou - StilOrganizat","description":"Pentru a evita dezordinea de pe birou, toate carnetele, foile, notitele de uz curent se aseaza intr-o cutie pentru organizarea hartiilor","robots":{"index":"index","follow":"follow","max-snippet":"max-snippet:-1","max-image-preview":"max-image-preview:large","max-video-preview":"max-video-preview:-1"},"canonical":"https:\/\/stilorganizat.com\/?p=5806","og_locale":"en_US","og_type":"article","og_title":"Cutie pentru organizarea h\u00e2rtiilor de pe birou - StilOrganizat","og_description":"Pentru a evita dezordinea de pe birou, toate carnetele, foile, notitele de uz curent se aseaza intr-o cutie pentru organizarea hartiilor","og_url":"https:\/\/stilorganizat.com\/?p=5806","og_site_name":"StilOrganizat","article_published_time":"2019-02-16T18:15:05+00:00","article_modified_time":"2019-02-16T18:15:57+00:00","og_image":[{"width":1800,"height":1200,"url":"https:\/\/stilorganizat.com\/wp-content\/uploads\/2019\/02\/cutie-pentru-organizare-hartii-4.jpg","type":"image\/jpeg"}],"twitter_card":"summary_large_image","twitter_misc":{"Written by":"Ela","Est. reading time":"2 minutes"},"schema":{"@context":"https:\/\/schema.org","@graph":[{"@type":"WebSite","@id":"https:\/\/stilorganizat.com\/#website","url":"https:\/\/stilorganizat.com\/","name":"StilOrganizat","description":"","publisher":{"@id":"https:\/\/stilorganizat.com\/#\/schema\/person\/925650ea34ea4181154192c09316af88"},"potentialAction":[{"@type":"SearchAction","target":{"@type":"EntryPoint","urlTemplate":"https:\/\/stilorganizat.com\/?s={search_term_string}"},"query-input":"required name=search_term_string"}],"inLanguage":"en-US"},{"@type":"ImageObject","@id":"https:\/\/stilorganizat.com\/?p=5806#primaryimage","inLanguage":"en-US","url":"https:\/\/stilorganizat.com\/wp-content\/uploads\/2019\/02\/cutie-pentru-organizare-hartii-4.jpg","contentUrl":"https:\/\/stilorganizat.com\/wp-content\/uploads\/2019\/02\/cutie-pentru-organizare-hartii-4.jpg","width":1800,"height":1200,"caption":"cutie organizare hartii"},{"@type":"WebPage","@id":"https:\/\/stilorganizat.com\/?p=5806#webpage","url":"https:\/\/stilorganizat.com\/?p=5806","name":"Cutie pentru organizarea h\u00e2rtiilor de pe birou - StilOrganizat","isPartOf":{"@id":"https:\/\/stilorganizat.com\/#website"},"primaryImageOfPage":{"@id":"https:\/\/stilorganizat.com\/?p=5806#primaryimage"},"datePublished":"2019-02-16T18:15:05+00:00","dateModified":"2019-02-16T18:15:57+00:00","description":"Pentru a evita dezordinea de pe birou, toate carnetele, foile, notitele de uz curent se aseaza intr-o cutie pentru organizarea hartiilor","breadcrumb":{"@id":"https:\/\/stilorganizat.com\/?p=5806#breadcrumb"},"inLanguage":"en-US","potentialAction":[{"@type":"ReadAction","target":["https:\/\/stilorganizat.com\/?p=5806"]}]},{"@type":"BreadcrumbList","@id":"https:\/\/stilorganizat.com\/?p=5806#breadcrumb","itemListElement":[{"@type":"ListItem","position":1,"name":"Home","item":"https:\/\/stilorganizat.com\/"},{"@type":"ListItem","position":2,"name":"Organizarea casei","item":"https:\/\/stilorganizat.com\/?cat=4"},{"@type":"ListItem","position":3,"name":"Cutie pentru organizarea h\u00e2rtiilor de pe birou"}]},{"@type":"Article","@id":"https:\/\/stilorganizat.com\/?p=5806#article","isPartOf":{"@id":"https:\/\/stilorganizat.com\/?p=5806#webpage"},"author":{"@id":"https:\/\/stilorganizat.com\/#\/schema\/person\/925650ea34ea4181154192c09316af88"},"headline":"Cutie pentru organizarea h\u00e2rtiilor de pe birou","datePublished":"2019-02-16T18:15:05+00:00","dateModified":"2019-02-16T18:15:57+00:00","mainEntityOfPage":{"@id":"https:\/\/stilorganizat.com\/?p=5806#webpage"},"wordCount":361,"commentCount":4,"publisher":{"@id":"https:\/\/stilorganizat.com\/#\/schema\/person\/925650ea34ea4181154192c09316af88"},"image":{"@id":"https:\/\/stilorganizat.com\/?p=5806#primaryimage"},"thumbnailUrl":"https:\/\/stilorganizat.com\/wp-content\/uploads\/2019\/02\/cutie-pentru-organizare-hartii-4.jpg","keywords":["organizare","organizare obiecte"],"articleSection":["Featured","Organizarea casei","Organizarea obiectelor"],"inLanguage":"en-US","potentialAction":[{"@type":"CommentAction","name":"Comment","target":["https:\/\/stilorganizat.com\/?p=5806#respond"]}]},{"@type":["Person","Organization"],"@id":"https:\/\/stilorganizat.com\/#\/schema\/person\/925650ea34ea4181154192c09316af88","name":"Ela","image":{"@type":"ImageObject","@id":"https:\/\/stilorganizat.com\/#personlogo","inLanguage":"en-US","url":"https:\/\/secure.gravatar.com\/avatar\/8760904c7f0aa36ea71caf9864f47f82?s=96&d=identicon&r=g","contentUrl":"https:\/\/secure.gravatar.com\/avatar\/8760904c7f0aa36ea71caf9864f47f82?s=96&d=identicon&r=g","caption":"Ela"},"logo":{"@id":"https:\/\/stilorganizat.com\/#personlogo"},"sameAs":["http:\/\/stilorganizat.ro"]}]}},"_links":{"self":[{"href":"https:\/\/stilorganizat.com\/index.php?rest_route=\/wp\/v2\/posts\/5806"}],"collection":[{"href":"https:\/\/stilorganizat.com\/index.php?rest_route=\/wp\/v2\/posts"}],"about":[{"href":"https:\/\/stilorganizat.com\/index.php?rest_route=\/wp\/v2\/types\/post"}],"author":[{"embeddable":true,"href":"https:\/\/stilorganizat.com\/index.php?rest_route=\/wp\/v2\/users\/1"}],"replies":[{"embeddable":true,"href":"https:\/\/stilorganizat.com\/index.php?rest_route=%2Fwp%2Fv2%2Fcomments&post=5806"}],"version-history":[{"count":4,"href":"https:\/\/stilorganizat.com\/index.php?rest_route=\/wp\/v2\/posts\/5806\/revisions"}],"predecessor-version":[{"id":5816,"href":"https:\/\/stilorganizat.com\/index.php?rest_route=\/wp\/v2\/posts\/5806\/revisions\/5816"}],"wp:featuredmedia":[{"embeddable":true,"href":"https:\/\/stilorganizat.com\/index.php?rest_route=\/wp\/v2\/media\/5811"}],"wp:attachment":[{"href":"https:\/\/stilorganizat.com\/index.php?rest_route=%2Fwp%2Fv2%2Fmedia&parent=5806"}],"wp:term":[{"taxonomy":"category","embeddable":true,"href":"https:\/\/stilorganizat.com\/index.php?rest_route=%2Fwp%2Fv2%2Fcategories&post=5806"},{"taxonomy":"post_tag","embeddable":true,"href":"https:\/\/stilorganizat.com\/index.php?rest_route=%2Fwp%2Fv2%2Ftags&post=5806"}],"curies":[{"name":"wp","href":"https:\/\/api.w.org\/{rel}","templated":true}]}}