{"id":5669,"date":"2019-01-23T09:35:04","date_gmt":"2019-01-23T06:35:04","guid":{"rendered":"https:\/\/stilorganizat.ro\/?p=5669"},"modified":"2019-01-23T09:35:04","modified_gmt":"2019-01-23T06:35:04","slug":"masa-de-iarna","status":"publish","type":"post","link":"https:\/\/stilorganizat.com\/?p=5669","title":{"rendered":"Mas\u0103 de iarn\u0103"},"content":{"rendered":"<p>Cr\u0103iasa Z\u0103pezii \u0219i-a \u00eentins hlamida.<\/p>\n<p>&nbsp;<\/p>\n<p><a href=\"https:\/\/stilorganizat.ro\/wp-content\/uploads\/2019\/01\/masa-de-iarna-1.jpg\" rel=\"wp-prettyPhoto[5669]\"><img loading=\"lazy\" class=\"aligncenter size-full wp-image-5673\" src=\"https:\/\/stilorganizat.ro\/wp-content\/uploads\/2019\/01\/masa-de-iarna-1.jpg\" alt=\"masa de iarna\" width=\"1801\" height=\"1065\" srcset=\"https:\/\/stilorganizat.com\/wp-content\/uploads\/2019\/01\/masa-de-iarna-1.jpg 1801w, https:\/\/stilorganizat.com\/wp-content\/uploads\/2019\/01\/masa-de-iarna-1-300x177.jpg 300w, https:\/\/stilorganizat.com\/wp-content\/uploads\/2019\/01\/masa-de-iarna-1-768x454.jpg 768w, https:\/\/stilorganizat.com\/wp-content\/uploads\/2019\/01\/masa-de-iarna-1-1024x606.jpg 1024w\" sizes=\"(max-width: 1801px) 100vw, 1801px\" \/><\/a><\/p>\n<p>&nbsp;<\/p>\n<p>Un suflu aspru a m\u0103turat natura.<\/p>\n<p>&nbsp;<\/p>\n<p><a href=\"https:\/\/stilorganizat.ro\/wp-content\/uploads\/2019\/01\/masa-de-iarna-4.jpg\" rel=\"wp-prettyPhoto[5669]\"><img loading=\"lazy\" class=\"aligncenter size-full wp-image-5676\" src=\"https:\/\/stilorganizat.ro\/wp-content\/uploads\/2019\/01\/masa-de-iarna-4.jpg\" alt=\"masa de iarna\" width=\"1800\" height=\"1200\" srcset=\"https:\/\/stilorganizat.com\/wp-content\/uploads\/2019\/01\/masa-de-iarna-4.jpg 1800w, https:\/\/stilorganizat.com\/wp-content\/uploads\/2019\/01\/masa-de-iarna-4-300x200.jpg 300w, https:\/\/stilorganizat.com\/wp-content\/uploads\/2019\/01\/masa-de-iarna-4-768x512.jpg 768w, https:\/\/stilorganizat.com\/wp-content\/uploads\/2019\/01\/masa-de-iarna-4-1024x683.jpg 1024w\" sizes=\"(max-width: 1800px) 100vw, 1800px\" \/><\/a><\/p>\n<p>&nbsp;<\/p>\n<p>Totul \u00een jur e straniu, alb \u0219i rece.<\/p>\n<p>&nbsp;<\/p>\n<p><a href=\"https:\/\/stilorganizat.ro\/wp-content\/uploads\/2019\/01\/masa-de-iarna-2.jpg\" rel=\"wp-prettyPhoto[5669]\"><img loading=\"lazy\" class=\"aligncenter size-full wp-image-5674\" src=\"https:\/\/stilorganizat.ro\/wp-content\/uploads\/2019\/01\/masa-de-iarna-2.jpg\" alt=\"masa de iarna\" width=\"1800\" height=\"1200\" srcset=\"https:\/\/stilorganizat.com\/wp-content\/uploads\/2019\/01\/masa-de-iarna-2.jpg 1800w, https:\/\/stilorganizat.com\/wp-content\/uploads\/2019\/01\/masa-de-iarna-2-300x200.jpg 300w, https:\/\/stilorganizat.com\/wp-content\/uploads\/2019\/01\/masa-de-iarna-2-768x512.jpg 768w, https:\/\/stilorganizat.com\/wp-content\/uploads\/2019\/01\/masa-de-iarna-2-1024x683.jpg 1024w\" sizes=\"(max-width: 1800px) 100vw, 1800px\" \/><\/a><\/p>\n<p>&nbsp;<\/p>\n<p>Am str\u00e2ns obiectele decorative de pe rafturile din hol, dar ele nu s-au l\u0103sat duse direct \u00een cutii, a\u0219a c\u0103 le-am aranjat \u00eentr-o mas\u0103 de iarn\u0103.<\/p>\n<p>Alb, alb, alb. Nu e at\u00e2t de spectaculoas\u0103 ca alte mese, totu\u0219i texturile diferite o fac interesant\u0103. Acum se v\u0103d mai bine detaliile obiectelor pe care le prezentam <a href=\"https:\/\/stilorganizat.ro\/?p=5507\" target=\"_blank\" rel=\"noopener\">aici.<\/a><\/p>\n<p>&nbsp;<\/p>\n<p>&nbsp;<\/p>\n<p>Minunatele p\u0103s\u0103ri colec\u021bionate \u00een Olanda.<\/p>\n<p><a href=\"https:\/\/stilorganizat.ro\/wp-content\/uploads\/2019\/01\/masa-de-iarna-5.jpg\" rel=\"wp-prettyPhoto[5669]\"><img loading=\"lazy\" class=\"aligncenter size-full wp-image-5677\" src=\"https:\/\/stilorganizat.ro\/wp-content\/uploads\/2019\/01\/masa-de-iarna-5.jpg\" alt=\"masa de iarna\" width=\"1200\" height=\"1800\" srcset=\"https:\/\/stilorganizat.com\/wp-content\/uploads\/2019\/01\/masa-de-iarna-5.jpg 1200w, https:\/\/stilorganizat.com\/wp-content\/uploads\/2019\/01\/masa-de-iarna-5-200x300.jpg 200w, https:\/\/stilorganizat.com\/wp-content\/uploads\/2019\/01\/masa-de-iarna-5-768x1152.jpg 768w, https:\/\/stilorganizat.com\/wp-content\/uploads\/2019\/01\/masa-de-iarna-5-683x1024.jpg 683w, https:\/\/stilorganizat.com\/wp-content\/uploads\/2019\/01\/masa-de-iarna-5-300x450.jpg 300w\" sizes=\"(max-width: 1200px) 100vw, 1200px\" \/><\/a><\/p>\n<p>&nbsp;<\/p>\n<p>Lum\u00e2n\u0103rile tip scoar\u021b\u0103 de copac, lemnele din curte vopsite \u00een alb.<\/p>\n<p>&nbsp;<\/p>\n<p><a href=\"https:\/\/stilorganizat.ro\/wp-content\/uploads\/2019\/01\/masa-de-iarna-6.jpg\" rel=\"wp-prettyPhoto[5669]\"><img loading=\"lazy\" class=\"aligncenter size-full wp-image-5678\" src=\"https:\/\/stilorganizat.ro\/wp-content\/uploads\/2019\/01\/masa-de-iarna-6.jpg\" alt=\"masa de iarna\" width=\"1800\" height=\"1200\" srcset=\"https:\/\/stilorganizat.com\/wp-content\/uploads\/2019\/01\/masa-de-iarna-6.jpg 1800w, https:\/\/stilorganizat.com\/wp-content\/uploads\/2019\/01\/masa-de-iarna-6-300x200.jpg 300w, https:\/\/stilorganizat.com\/wp-content\/uploads\/2019\/01\/masa-de-iarna-6-768x512.jpg 768w, https:\/\/stilorganizat.com\/wp-content\/uploads\/2019\/01\/masa-de-iarna-6-1024x683.jpg 1024w\" sizes=\"(max-width: 1800px) 100vw, 1800px\" \/><\/a><\/p>\n<p>&nbsp;<\/p>\n<p>Am aranjat masa alb\u0103 \u0219i acum sunt \u00eemp\u0103cat\u0103 cu stocarea iernii pentru un an.<\/p>\n<p>Afar\u0103 mai avem doar pu\u021bin de a\u0219teptat.<\/p>\n<p>&nbsp;<\/p>\n<p>&nbsp;<\/p>\n<p>&nbsp;<\/p>\n","protected":false},"excerpt":{"rendered":"<p>Cr\u0103iasa Z\u0103pezii \u0219i-a \u00eentins hlamida. &nbsp; &nbsp; Un suflu aspru a m\u0103turat natura. &nbsp; &nbsp; Totul \u00een jur e straniu, alb \u0219i rece. &nbsp; &nbsp; Am str\u00e2ns obiectele decorative de pe rafturile din hol, dar ele nu s-au l\u0103sat duse direct \u00een cutii, a\u0219a c\u0103 le-am aranjat \u00eentr-o mas\u0103 de iarn\u0103. Alb, alb, alb. Nu e at\u00e2t de spectaculoas\u0103 ca alte mese, totu\u0219i texturile diferite o fac interesant\u0103. Acum se v\u0103d mai bine detaliile obiectelor pe care le prezentam aici.<\/p>\n","protected":false},"author":1,"featured_media":5674,"comment_status":"open","ping_status":"open","sticky":false,"template":"","format":"standard","meta":[],"categories":[38,37,5],"tags":[32,211],"yoast_head":"<!-- This site is optimized with the Yoast SEO plugin v17.7.1 - https:\/\/yoast.com\/wordpress\/plugins\/seo\/ -->\n<title>Mas\u0103 de iarn\u0103 - StilOrganizat<\/title>\n<meta name=\"robots\" content=\"index, follow, max-snippet:-1, max-image-preview:large, max-video-preview:-1\" \/>\n<link rel=\"canonical\" href=\"https:\/\/stilorganizat.com\/?p=5669\" \/>\n<meta property=\"og:locale\" content=\"en_US\" \/>\n<meta property=\"og:type\" content=\"article\" \/>\n<meta property=\"og:title\" content=\"Mas\u0103 de iarn\u0103 - StilOrganizat\" \/>\n<meta property=\"og:description\" content=\"Cr\u0103iasa Z\u0103pezii \u0219i-a \u00eentins hlamida. &nbsp; &nbsp; Un suflu aspru a m\u0103turat natura. &nbsp; &nbsp; Totul \u00een jur e straniu, alb \u0219i rece. &nbsp; &nbsp; Am str\u00e2ns obiectele decorative de pe rafturile din hol, dar ele nu s-au l\u0103sat duse direct \u00een cutii, a\u0219a c\u0103 le-am aranjat \u00eentr-o mas\u0103 de iarn\u0103. Alb, alb, alb. Nu e at\u00e2t de spectaculoas\u0103 ca alte mese, totu\u0219i texturile diferite o fac interesant\u0103. Acum se v\u0103d mai bine detaliile obiectelor pe care le prezentam aici.\" \/>\n<meta property=\"og:url\" content=\"https:\/\/stilorganizat.com\/?p=5669\" \/>\n<meta property=\"og:site_name\" content=\"StilOrganizat\" \/>\n<meta property=\"article:published_time\" content=\"2019-01-23T06:35:04+00:00\" \/>\n<meta property=\"og:image\" content=\"https:\/\/stilorganizat.com\/wp-content\/uploads\/2019\/01\/masa-de-iarna-2.jpg\" \/>\n\t<meta property=\"og:image:width\" content=\"1800\" \/>\n\t<meta property=\"og:image:height\" content=\"1200\" \/>\n<meta name=\"twitter:card\" content=\"summary_large_image\" \/>\n<meta name=\"twitter:label1\" content=\"Written by\" \/>\n\t<meta name=\"twitter:data1\" content=\"Ela\" \/>\n\t<meta name=\"twitter:label2\" content=\"Est. reading time\" \/>\n\t<meta name=\"twitter:data2\" content=\"1 minute\" \/>\n<script type=\"application\/ld+json\" class=\"yoast-schema-graph\">{\"@context\":\"https:\/\/schema.org\",\"@graph\":[{\"@type\":\"WebSite\",\"@id\":\"https:\/\/stilorganizat.com\/#website\",\"url\":\"https:\/\/stilorganizat.com\/\",\"name\":\"StilOrganizat\",\"description\":\"\",\"publisher\":{\"@id\":\"https:\/\/stilorganizat.com\/#\/schema\/person\/925650ea34ea4181154192c09316af88\"},\"potentialAction\":[{\"@type\":\"SearchAction\",\"target\":{\"@type\":\"EntryPoint\",\"urlTemplate\":\"https:\/\/stilorganizat.com\/?s={search_term_string}\"},\"query-input\":\"required name=search_term_string\"}],\"inLanguage\":\"en-US\"},{\"@type\":\"ImageObject\",\"@id\":\"https:\/\/stilorganizat.com\/?p=5669#primaryimage\",\"inLanguage\":\"en-US\",\"url\":\"https:\/\/stilorganizat.com\/wp-content\/uploads\/2019\/01\/masa-de-iarna-2.jpg\",\"contentUrl\":\"https:\/\/stilorganizat.com\/wp-content\/uploads\/2019\/01\/masa-de-iarna-2.jpg\",\"width\":1800,\"height\":1200,\"caption\":\"masa de iarna\"},{\"@type\":\"WebPage\",\"@id\":\"https:\/\/stilorganizat.com\/?p=5669#webpage\",\"url\":\"https:\/\/stilorganizat.com\/?p=5669\",\"name\":\"Mas\\u0103 de iarn\\u0103 - StilOrganizat\",\"isPartOf\":{\"@id\":\"https:\/\/stilorganizat.com\/#website\"},\"primaryImageOfPage\":{\"@id\":\"https:\/\/stilorganizat.com\/?p=5669#primaryimage\"},\"datePublished\":\"2019-01-23T06:35:04+00:00\",\"dateModified\":\"2019-01-23T06:35:04+00:00\",\"breadcrumb\":{\"@id\":\"https:\/\/stilorganizat.com\/?p=5669#breadcrumb\"},\"inLanguage\":\"en-US\",\"potentialAction\":[{\"@type\":\"ReadAction\",\"target\":[\"https:\/\/stilorganizat.com\/?p=5669\"]}]},{\"@type\":\"BreadcrumbList\",\"@id\":\"https:\/\/stilorganizat.com\/?p=5669#breadcrumb\",\"itemListElement\":[{\"@type\":\"ListItem\",\"position\":1,\"name\":\"Home\",\"item\":\"https:\/\/stilorganizat.com\/\"},{\"@type\":\"ListItem\",\"position\":2,\"name\":\"Organizarea mesei\",\"item\":\"https:\/\/stilorganizat.com\/?cat=5\"},{\"@type\":\"ListItem\",\"position\":3,\"name\":\"Aranjarea meselor\",\"item\":\"https:\/\/stilorganizat.com\/?cat=38\"},{\"@type\":\"ListItem\",\"position\":4,\"name\":\"Mas\\u0103 de iarn\\u0103\"}]},{\"@type\":\"Article\",\"@id\":\"https:\/\/stilorganizat.com\/?p=5669#article\",\"isPartOf\":{\"@id\":\"https:\/\/stilorganizat.com\/?p=5669#webpage\"},\"author\":{\"@id\":\"https:\/\/stilorganizat.com\/#\/schema\/person\/925650ea34ea4181154192c09316af88\"},\"headline\":\"Mas\\u0103 de iarn\\u0103\",\"datePublished\":\"2019-01-23T06:35:04+00:00\",\"dateModified\":\"2019-01-23T06:35:04+00:00\",\"mainEntityOfPage\":{\"@id\":\"https:\/\/stilorganizat.com\/?p=5669#webpage\"},\"wordCount\":145,\"commentCount\":5,\"publisher\":{\"@id\":\"https:\/\/stilorganizat.com\/#\/schema\/person\/925650ea34ea4181154192c09316af88\"},\"image\":{\"@id\":\"https:\/\/stilorganizat.com\/?p=5669#primaryimage\"},\"thumbnailUrl\":\"https:\/\/stilorganizat.com\/wp-content\/uploads\/2019\/01\/masa-de-iarna-2.jpg\",\"keywords\":[\"aranjarea mesei\",\"masa de iarna\"],\"articleSection\":[\"Aranjarea meselor\",\"Featured\",\"Organizarea mesei\"],\"inLanguage\":\"en-US\",\"potentialAction\":[{\"@type\":\"CommentAction\",\"name\":\"Comment\",\"target\":[\"https:\/\/stilorganizat.com\/?p=5669#respond\"]}]},{\"@type\":[\"Person\",\"Organization\"],\"@id\":\"https:\/\/stilorganizat.com\/#\/schema\/person\/925650ea34ea4181154192c09316af88\",\"name\":\"Ela\",\"image\":{\"@type\":\"ImageObject\",\"@id\":\"https:\/\/stilorganizat.com\/#personlogo\",\"inLanguage\":\"en-US\",\"url\":\"https:\/\/secure.gravatar.com\/avatar\/8760904c7f0aa36ea71caf9864f47f82?s=96&d=identicon&r=g\",\"contentUrl\":\"https:\/\/secure.gravatar.com\/avatar\/8760904c7f0aa36ea71caf9864f47f82?s=96&d=identicon&r=g\",\"caption\":\"Ela\"},\"logo\":{\"@id\":\"https:\/\/stilorganizat.com\/#personlogo\"},\"sameAs\":[\"http:\/\/stilorganizat.ro\"]}]}<\/script>\n<!-- \/ Yoast SEO plugin. -->","yoast_head_json":{"title":"Mas\u0103 de iarn\u0103 - StilOrganizat","robots":{"index":"index","follow":"follow","max-snippet":"max-snippet:-1","max-image-preview":"max-image-preview:large","max-video-preview":"max-video-preview:-1"},"canonical":"https:\/\/stilorganizat.com\/?p=5669","og_locale":"en_US","og_type":"article","og_title":"Mas\u0103 de iarn\u0103 - StilOrganizat","og_description":"Cr\u0103iasa Z\u0103pezii \u0219i-a \u00eentins hlamida. &nbsp; &nbsp; Un suflu aspru a m\u0103turat natura. &nbsp; &nbsp; Totul \u00een jur e straniu, alb \u0219i rece. &nbsp; &nbsp; Am str\u00e2ns obiectele decorative de pe rafturile din hol, dar ele nu s-au l\u0103sat duse direct \u00een cutii, a\u0219a c\u0103 le-am aranjat \u00eentr-o mas\u0103 de iarn\u0103. Alb, alb, alb. Nu e at\u00e2t de spectaculoas\u0103 ca alte mese, totu\u0219i texturile diferite o fac interesant\u0103. Acum se v\u0103d mai bine detaliile obiectelor pe care le prezentam aici.","og_url":"https:\/\/stilorganizat.com\/?p=5669","og_site_name":"StilOrganizat","article_published_time":"2019-01-23T06:35:04+00:00","og_image":[{"width":1800,"height":1200,"url":"https:\/\/stilorganizat.com\/wp-content\/uploads\/2019\/01\/masa-de-iarna-2.jpg","type":"image\/jpeg"}],"twitter_card":"summary_large_image","twitter_misc":{"Written by":"Ela","Est. reading time":"1 minute"},"schema":{"@context":"https:\/\/schema.org","@graph":[{"@type":"WebSite","@id":"https:\/\/stilorganizat.com\/#website","url":"https:\/\/stilorganizat.com\/","name":"StilOrganizat","description":"","publisher":{"@id":"https:\/\/stilorganizat.com\/#\/schema\/person\/925650ea34ea4181154192c09316af88"},"potentialAction":[{"@type":"SearchAction","target":{"@type":"EntryPoint","urlTemplate":"https:\/\/stilorganizat.com\/?s={search_term_string}"},"query-input":"required name=search_term_string"}],"inLanguage":"en-US"},{"@type":"ImageObject","@id":"https:\/\/stilorganizat.com\/?p=5669#primaryimage","inLanguage":"en-US","url":"https:\/\/stilorganizat.com\/wp-content\/uploads\/2019\/01\/masa-de-iarna-2.jpg","contentUrl":"https:\/\/stilorganizat.com\/wp-content\/uploads\/2019\/01\/masa-de-iarna-2.jpg","width":1800,"height":1200,"caption":"masa de iarna"},{"@type":"WebPage","@id":"https:\/\/stilorganizat.com\/?p=5669#webpage","url":"https:\/\/stilorganizat.com\/?p=5669","name":"Mas\u0103 de iarn\u0103 - StilOrganizat","isPartOf":{"@id":"https:\/\/stilorganizat.com\/#website"},"primaryImageOfPage":{"@id":"https:\/\/stilorganizat.com\/?p=5669#primaryimage"},"datePublished":"2019-01-23T06:35:04+00:00","dateModified":"2019-01-23T06:35:04+00:00","breadcrumb":{"@id":"https:\/\/stilorganizat.com\/?p=5669#breadcrumb"},"inLanguage":"en-US","potentialAction":[{"@type":"ReadAction","target":["https:\/\/stilorganizat.com\/?p=5669"]}]},{"@type":"BreadcrumbList","@id":"https:\/\/stilorganizat.com\/?p=5669#breadcrumb","itemListElement":[{"@type":"ListItem","position":1,"name":"Home","item":"https:\/\/stilorganizat.com\/"},{"@type":"ListItem","position":2,"name":"Organizarea mesei","item":"https:\/\/stilorganizat.com\/?cat=5"},{"@type":"ListItem","position":3,"name":"Aranjarea meselor","item":"https:\/\/stilorganizat.com\/?cat=38"},{"@type":"ListItem","position":4,"name":"Mas\u0103 de iarn\u0103"}]},{"@type":"Article","@id":"https:\/\/stilorganizat.com\/?p=5669#article","isPartOf":{"@id":"https:\/\/stilorganizat.com\/?p=5669#webpage"},"author":{"@id":"https:\/\/stilorganizat.com\/#\/schema\/person\/925650ea34ea4181154192c09316af88"},"headline":"Mas\u0103 de iarn\u0103","datePublished":"2019-01-23T06:35:04+00:00","dateModified":"2019-01-23T06:35:04+00:00","mainEntityOfPage":{"@id":"https:\/\/stilorganizat.com\/?p=5669#webpage"},"wordCount":145,"commentCount":5,"publisher":{"@id":"https:\/\/stilorganizat.com\/#\/schema\/person\/925650ea34ea4181154192c09316af88"},"image":{"@id":"https:\/\/stilorganizat.com\/?p=5669#primaryimage"},"thumbnailUrl":"https:\/\/stilorganizat.com\/wp-content\/uploads\/2019\/01\/masa-de-iarna-2.jpg","keywords":["aranjarea mesei","masa de iarna"],"articleSection":["Aranjarea meselor","Featured","Organizarea mesei"],"inLanguage":"en-US","potentialAction":[{"@type":"CommentAction","name":"Comment","target":["https:\/\/stilorganizat.com\/?p=5669#respond"]}]},{"@type":["Person","Organization"],"@id":"https:\/\/stilorganizat.com\/#\/schema\/person\/925650ea34ea4181154192c09316af88","name":"Ela","image":{"@type":"ImageObject","@id":"https:\/\/stilorganizat.com\/#personlogo","inLanguage":"en-US","url":"https:\/\/secure.gravatar.com\/avatar\/8760904c7f0aa36ea71caf9864f47f82?s=96&d=identicon&r=g","contentUrl":"https:\/\/secure.gravatar.com\/avatar\/8760904c7f0aa36ea71caf9864f47f82?s=96&d=identicon&r=g","caption":"Ela"},"logo":{"@id":"https:\/\/stilorganizat.com\/#personlogo"},"sameAs":["http:\/\/stilorganizat.ro"]}]}},"_links":{"self":[{"href":"https:\/\/stilorganizat.com\/index.php?rest_route=\/wp\/v2\/posts\/5669"}],"collection":[{"href":"https:\/\/stilorganizat.com\/index.php?rest_route=\/wp\/v2\/posts"}],"about":[{"href":"https:\/\/stilorganizat.com\/index.php?rest_route=\/wp\/v2\/types\/post"}],"author":[{"embeddable":true,"href":"https:\/\/stilorganizat.com\/index.php?rest_route=\/wp\/v2\/users\/1"}],"replies":[{"embeddable":true,"href":"https:\/\/stilorganizat.com\/index.php?rest_route=%2Fwp%2Fv2%2Fcomments&post=5669"}],"version-history":[{"count":10,"href":"https:\/\/stilorganizat.com\/index.php?rest_route=\/wp\/v2\/posts\/5669\/revisions"}],"predecessor-version":[{"id":5685,"href":"https:\/\/stilorganizat.com\/index.php?rest_route=\/wp\/v2\/posts\/5669\/revisions\/5685"}],"wp:featuredmedia":[{"embeddable":true,"href":"https:\/\/stilorganizat.com\/index.php?rest_route=\/wp\/v2\/media\/5674"}],"wp:attachment":[{"href":"https:\/\/stilorganizat.com\/index.php?rest_route=%2Fwp%2Fv2%2Fmedia&parent=5669"}],"wp:term":[{"taxonomy":"category","embeddable":true,"href":"https:\/\/stilorganizat.com\/index.php?rest_route=%2Fwp%2Fv2%2Fcategories&post=5669"},{"taxonomy":"post_tag","embeddable":true,"href":"https:\/\/stilorganizat.com\/index.php?rest_route=%2Fwp%2Fv2%2Ftags&post=5669"}],"curies":[{"name":"wp","href":"https:\/\/api.w.org\/{rel}","templated":true}]}}