{"id":5368,"date":"2018-10-09T09:34:15","date_gmt":"2018-10-09T06:34:15","guid":{"rendered":"http:\/\/stilorganizat.ro\/?p=5368"},"modified":"2018-10-09T09:35:22","modified_gmt":"2018-10-09T06:35:22","slug":"mobila-eleganta-cu-bani-putini-o-da","status":"publish","type":"post","link":"https:\/\/stilorganizat.com\/?p=5368","title":{"rendered":"Mobila eleganta cu bani putini? O, da!"},"content":{"rendered":"<p>V-a\u021bi uitat probabil cu admira\u021bie la interioarele elegante \u00een care mobilele r\u0103sar din\u00a0 pere\u021bi, perfect articulate \u00een geometria camerelor. O mobil\u0103 \u00eencastrat\u0103 este prin defini\u021bie o mobil\u0103 unicat. Mult mai costisitoare dec\u00e2t produsele de serie din magazine.<\/p>\n<p>Dar cu pu\u021bin\u0103 inspira\u021bie \u0219i cu ceva efort, o astfel de lucrare nu e greu de realizat \u0219i cu un cost c\u00e2t se poate de rezonabil.<\/p>\n<p>La prima etap\u0103 a renov\u0103rii am reevaluat o idee veche, a unor ni\u0219e cu rafturi \u00een hol. Am proiectat rafturile din lemn, le-am comandat, le-am primit \u0219i&#8230; le-am stocat mai bine de doi ani. C\u0103ci, da, atunci a \u00eenceput renovarea, chiar cu holul, iar \u00een optimismul meu necru\u021b\u0103tor, am considerat ca aceea va fi o camera bifat\u0103 repede ca realizat\u0103.<\/p>\n<p>De abia acum a venit vremea lor.<\/p>\n<p>&nbsp;<\/p>\n<p><a href=\"https:\/\/stilorganizat.ro\/wp-content\/uploads\/2018\/10\/rafturi-elegante-1.jpg\" rel=\"wp-prettyPhoto[5368]\"><img loading=\"lazy\" class=\"aligncenter size-full wp-image-5462\" src=\"https:\/\/stilorganizat.ro\/wp-content\/uploads\/2018\/10\/rafturi-elegante-1.jpg\" alt=\"rafturi\" width=\"1800\" height=\"1200\" srcset=\"https:\/\/stilorganizat.com\/wp-content\/uploads\/2018\/10\/rafturi-elegante-1.jpg 1800w, https:\/\/stilorganizat.com\/wp-content\/uploads\/2018\/10\/rafturi-elegante-1-300x200.jpg 300w, https:\/\/stilorganizat.com\/wp-content\/uploads\/2018\/10\/rafturi-elegante-1-768x512.jpg 768w, https:\/\/stilorganizat.com\/wp-content\/uploads\/2018\/10\/rafturi-elegante-1-1024x683.jpg 1024w\" sizes=\"(max-width: 1800px) 100vw, 1800px\" \/><\/a><\/p>\n<p>&nbsp;<\/p>\n<p>Ce \u00eenseamn\u0103 rafturi \u00eencastrate:<\/p>\n<ul>\n<li><em>impresia<\/em> c\u0103 sunt construite \u00eempreun\u0103 cu pere\u021bii;<\/li>\n<li>aspectul net;<\/li>\n<li>finisaje care dau o imagine unitar\u0103.<\/li>\n<\/ul>\n<p>&nbsp;<\/p>\n<h5><span style=\"color: #993366;\">Proiectarea<\/span><\/h5>\n<p>\u00cencepe pe o foaie de h\u00e2rtie. Etapa urm\u0103toare este machetarea. E foarte important\u0103, fie c\u0103 e vorba de rafturi, de mobil\u0103 de buc\u0103t\u0103rie sau de a\u0219ezarea tablourilor pe pere\u021bi.<\/p>\n<p>\u00cen acest caz am recurs la f\u00e2\u0219ii de carton pe care le-am combinat pe perete \u00een linii verticale \u0219i orizontale. Dup\u0103 cum se vede \u00een poz\u0103, \u00een perioada Cr\u0103ciunului din 2014, pe c\u00e2nd fotografiam m\u0103slinul ornat, \u00een fundal se z\u0103rea preocuparea acelei perioade: proiectarea mobilierului din hol.<\/p>\n<p>&nbsp;<\/p>\n<p><a href=\"https:\/\/stilorganizat.ro\/wp-content\/uploads\/2018\/10\/rafturi-9.jpg\" rel=\"wp-prettyPhoto[5368]\"><img loading=\"lazy\" class=\"aligncenter size-full wp-image-5460\" src=\"https:\/\/stilorganizat.ro\/wp-content\/uploads\/2018\/10\/rafturi-9.jpg\" alt=\"rafturi\" width=\"1800\" height=\"1535\" srcset=\"https:\/\/stilorganizat.com\/wp-content\/uploads\/2018\/10\/rafturi-9.jpg 1800w, https:\/\/stilorganizat.com\/wp-content\/uploads\/2018\/10\/rafturi-9-300x256.jpg 300w, https:\/\/stilorganizat.com\/wp-content\/uploads\/2018\/10\/rafturi-9-768x655.jpg 768w, https:\/\/stilorganizat.com\/wp-content\/uploads\/2018\/10\/rafturi-9-1024x873.jpg 1024w\" sizes=\"(max-width: 1800px) 100vw, 1800px\" \/><\/a><\/p>\n<p>&nbsp;<\/p>\n<p>&nbsp;<\/p>\n<p>Pentru mine e important sa \u00eemi fac o p\u0103rere despre aspectul pe care \u00eel va avea \u00een final obiectul, despre impactul pe care \u00eel va avea \u00een camer\u0103. O bun\u0103 preg\u0103tire a acestei etape m-a \u00eempiedicat s\u0103 fac gre\u0219eli mari \u0219i m-a salvat de eforturi \u0219i bani cheltui\u021bi \u00een plus.<\/p>\n<h5><span style=\"color: #993366;\">Dimensionarea<\/span><\/h5>\n<p>Dimensiunile trebuie atent m\u0103surate, cu toleran\u021be potrivite fiec\u0103rui caz: sc\u00e2ndurile nu trebuie s\u0103 fie prea fixe pentru c\u0103 a\u0219a sunt greu de manevrat sau zg\u00e2rie pere\u021bii, dar nici prea mici ca s\u0103 nu d\u0103uneze aspectului final.<\/p>\n<p>Pentru a avea impact vizual, am vrut ca rafturile sa aib\u0103 grosime mare, de 4 centimetri. Un aspect asem\u0103n\u0103tor se ob\u021bine \u0219i prin c\u0103ntuirea cu f\u00e2\u0219ii de lemn late, a\u0219a cum am procedat la verticalele bibliotecii. (<a href=\"https:\/\/stilorganizat.ro\/?p=4316\" target=\"_blank\" rel=\"noopener\">Vezi detalii aici<\/a>)<\/p>\n<p>Cum ar\u0103ta camera:<\/p>\n<p>&nbsp;<\/p>\n<p><a href=\"https:\/\/stilorganizat.ro\/wp-content\/uploads\/2018\/10\/rafturi-8.jpg\" rel=\"wp-prettyPhoto[5368]\"><img loading=\"lazy\" class=\"aligncenter size-full wp-image-5459\" src=\"https:\/\/stilorganizat.ro\/wp-content\/uploads\/2018\/10\/rafturi-8.jpg\" alt=\"rafturi\" width=\"1800\" height=\"1388\" srcset=\"https:\/\/stilorganizat.com\/wp-content\/uploads\/2018\/10\/rafturi-8.jpg 1800w, https:\/\/stilorganizat.com\/wp-content\/uploads\/2018\/10\/rafturi-8-300x231.jpg 300w, https:\/\/stilorganizat.com\/wp-content\/uploads\/2018\/10\/rafturi-8-768x592.jpg 768w, https:\/\/stilorganizat.com\/wp-content\/uploads\/2018\/10\/rafturi-8-1024x790.jpg 1024w\" sizes=\"(max-width: 1800px) 100vw, 1800px\" \/><\/a><\/p>\n<p>&nbsp;<\/p>\n<p>\u0218i cum arat\u0103 acum:<\/p>\n<p>&nbsp;<\/p>\n<p><a href=\"https:\/\/stilorganizat.ro\/wp-content\/uploads\/2018\/10\/rafturi-3.jpg\" rel=\"wp-prettyPhoto[5368]\"><img loading=\"lazy\" class=\"aligncenter size-full wp-image-5454\" src=\"https:\/\/stilorganizat.ro\/wp-content\/uploads\/2018\/10\/rafturi-3.jpg\" alt=\"rafturi\" width=\"1800\" height=\"1200\" srcset=\"https:\/\/stilorganizat.com\/wp-content\/uploads\/2018\/10\/rafturi-3.jpg 1800w, https:\/\/stilorganizat.com\/wp-content\/uploads\/2018\/10\/rafturi-3-300x200.jpg 300w, https:\/\/stilorganizat.com\/wp-content\/uploads\/2018\/10\/rafturi-3-768x512.jpg 768w, https:\/\/stilorganizat.com\/wp-content\/uploads\/2018\/10\/rafturi-3-1024x683.jpg 1024w\" sizes=\"(max-width: 1800px) 100vw, 1800px\" \/><\/a><\/p>\n<p>&nbsp;<\/p>\n<p>&nbsp;<\/p>\n<h5><span style=\"color: #993366;\">Materiale<\/span><\/h5>\n<ol>\n<li>Lemnul pentru aceste rafturi este brad comandat la o firm\u0103 care l-a \u0219i uscat. Dac\u0103 m\u0103 duc la t\u00e2rgul de lemne, pot face o comand\u0103 personalizat\u0103 pentru dulapi de brad, dar nu am certitudinea c\u0103 lemnul este uscat (aproape sigur nu este, chiar dac\u0103 v\u00e2nz\u0103torii de acolo spun c\u0103 e) \u0219i lucreaz\u0103 cu timpul. Fabrica de unde l-am luat l-a t\u0103iat pe dimensiunile comandate \u0219i l-a vopsit.<\/li>\n<li>Pentru rafturile din c\u0103mar\u0103 am lucrat cu un alt furnizor de lemn, Holver. Debitarea \u0219i finisarea suprafe\u021belor am f\u0103cut-o eu. (<a href=\"https:\/\/stilorganizat.ro\/?p=5132\" target=\"_blank\" rel=\"noopener\">Vezi detaliile \u00een articol<\/a>)<\/li>\n<li>Mai este varianta de a cump\u0103ra de la Ikea rafturi care urmeaz\u0103 s\u0103 fie \u00eenglobate \u00een structura proiectat\u0103. \u00cen acest caz dimensiunile sunt standard \u0219i proiectul trebuie s\u0103 \u021bin\u0103 seama de la \u00eenceput de acest lucru. Dar dac\u0103 e\u0219ti un DIY-er \u00eenr\u0103it care modific\u0103 tot ce \u00eei pic\u0103 \u00een m\u00e2ini, le po\u021bi transforma ca s\u0103 arate ca \u0219i cum ar fi fost fabricate special pentru casa ta.<\/li>\n<\/ol>\n<p>&nbsp;<\/p>\n<h5><span style=\"color: #993366;\">Montajul<\/span><\/h5>\n<p>Un proiect atent realizat scute\u0219te de surprize nepl\u0103cute la asamblare. Este foarte important ca toate elementele de prindere s\u0103 nu fie vizibile, s\u0103 nu apar\u0103 prin lemn sau pe pere\u021bi capete de \u0219uruburi sau alte piese.<\/p>\n<p>Rafturile au fost fixate de dulapii verticali prin prindere cu cepuri \u0219i lipire.<\/p>\n<p>&nbsp;<\/p>\n<p><a href=\"https:\/\/stilorganizat.ro\/wp-content\/uploads\/2018\/10\/rafturi-4.jpg\" rel=\"wp-prettyPhoto[5368]\"><img loading=\"lazy\" class=\"aligncenter size-full wp-image-5455\" src=\"https:\/\/stilorganizat.ro\/wp-content\/uploads\/2018\/10\/rafturi-4.jpg\" alt=\"rafturi\" width=\"1800\" height=\"1200\" srcset=\"https:\/\/stilorganizat.com\/wp-content\/uploads\/2018\/10\/rafturi-4.jpg 1800w, https:\/\/stilorganizat.com\/wp-content\/uploads\/2018\/10\/rafturi-4-300x200.jpg 300w, https:\/\/stilorganizat.com\/wp-content\/uploads\/2018\/10\/rafturi-4-768x512.jpg 768w, https:\/\/stilorganizat.com\/wp-content\/uploads\/2018\/10\/rafturi-4-1024x683.jpg 1024w\" sizes=\"(max-width: 1800px) 100vw, 1800px\" \/><\/a><\/p>\n<p>&nbsp;<\/p>\n<p>Prinderea rafturilor de pere\u021bi s-a f\u0103cut cu col\u021bare pozi\u021bionate \u00een locuri ascunse vederii.<\/p>\n<p>Raftul cel mai de jos este fixat la \u00een\u0103l\u021bimea\u00a0 plintei.<\/p>\n<p>&nbsp;<\/p>\n<p><a href=\"https:\/\/stilorganizat.ro\/wp-content\/uploads\/2018\/10\/rafturi-10.jpg\" rel=\"wp-prettyPhoto[5368]\"><img loading=\"lazy\" class=\"aligncenter size-full wp-image-5461\" src=\"https:\/\/stilorganizat.ro\/wp-content\/uploads\/2018\/10\/rafturi-10.jpg\" alt=\"rafturi\" width=\"1800\" height=\"1164\" srcset=\"https:\/\/stilorganizat.com\/wp-content\/uploads\/2018\/10\/rafturi-10.jpg 1800w, https:\/\/stilorganizat.com\/wp-content\/uploads\/2018\/10\/rafturi-10-300x194.jpg 300w, https:\/\/stilorganizat.com\/wp-content\/uploads\/2018\/10\/rafturi-10-768x497.jpg 768w, https:\/\/stilorganizat.com\/wp-content\/uploads\/2018\/10\/rafturi-10-1024x662.jpg 1024w\" sizes=\"(max-width: 1800px) 100vw, 1800px\" \/><\/a><\/p>\n<p>&nbsp;<\/p>\n<p>Raftul de sus este fixat sub bagheta decorativ\u0103.<\/p>\n<p>&nbsp;<\/p>\n<p><a href=\"https:\/\/stilorganizat.ro\/wp-content\/uploads\/2018\/10\/rafturi-11.jpg\" rel=\"wp-prettyPhoto[5368]\"><img loading=\"lazy\" class=\"aligncenter size-full wp-image-5465\" src=\"https:\/\/stilorganizat.ro\/wp-content\/uploads\/2018\/10\/rafturi-11.jpg\" alt=\"rafturi\" width=\"1800\" height=\"1200\" srcset=\"https:\/\/stilorganizat.com\/wp-content\/uploads\/2018\/10\/rafturi-11.jpg 1800w, https:\/\/stilorganizat.com\/wp-content\/uploads\/2018\/10\/rafturi-11-300x200.jpg 300w, https:\/\/stilorganizat.com\/wp-content\/uploads\/2018\/10\/rafturi-11-768x512.jpg 768w, https:\/\/stilorganizat.com\/wp-content\/uploads\/2018\/10\/rafturi-11-1024x683.jpg 1024w\" sizes=\"(max-width: 1800px) 100vw, 1800px\" \/><\/a><\/p>\n<p>&nbsp;<\/p>\n<p>Verticala este lipit\u0103 de pervazul u\u0219ii.<\/p>\n<p>&nbsp;<\/p>\n<p><a href=\"https:\/\/stilorganizat.ro\/wp-content\/uploads\/2018\/10\/rafturi-6.jpg\" rel=\"wp-prettyPhoto[5368]\"><img loading=\"lazy\" class=\"aligncenter size-full wp-image-5457\" src=\"https:\/\/stilorganizat.ro\/wp-content\/uploads\/2018\/10\/rafturi-6.jpg\" alt=\"rafturi\" width=\"1800\" height=\"1200\" srcset=\"https:\/\/stilorganizat.com\/wp-content\/uploads\/2018\/10\/rafturi-6.jpg 1800w, https:\/\/stilorganizat.com\/wp-content\/uploads\/2018\/10\/rafturi-6-300x200.jpg 300w, https:\/\/stilorganizat.com\/wp-content\/uploads\/2018\/10\/rafturi-6-768x512.jpg 768w, https:\/\/stilorganizat.com\/wp-content\/uploads\/2018\/10\/rafturi-6-1024x683.jpg 1024w\" sizes=\"(max-width: 1800px) 100vw, 1800px\" \/><\/a><\/p>\n<p>&nbsp;<\/p>\n<h5><span style=\"color: #993366;\">Finisarea<\/span><\/h5>\n<p>Dup\u0103 montaj a urmat chituirea cu silicon pentru a \u00eenchide cr\u0103p\u0103turile r\u0103mase \u00eentre pere\u021bi \u0219i rafturi, apoi vopsirea final\u0103 a \u00eentregului ansamblu (inclusiv a peretelui din spate). O imagine de aproape:<\/p>\n<p>&nbsp;<\/p>\n<p><a href=\"https:\/\/stilorganizat.ro\/wp-content\/uploads\/2018\/10\/rafturi-7.jpg\" rel=\"wp-prettyPhoto[5368]\"><img loading=\"lazy\" class=\"aligncenter size-full wp-image-5458\" src=\"https:\/\/stilorganizat.ro\/wp-content\/uploads\/2018\/10\/rafturi-7.jpg\" alt=\"rafturi\" width=\"1800\" height=\"1200\" srcset=\"https:\/\/stilorganizat.com\/wp-content\/uploads\/2018\/10\/rafturi-7.jpg 1800w, https:\/\/stilorganizat.com\/wp-content\/uploads\/2018\/10\/rafturi-7-300x200.jpg 300w, https:\/\/stilorganizat.com\/wp-content\/uploads\/2018\/10\/rafturi-7-768x512.jpg 768w, https:\/\/stilorganizat.com\/wp-content\/uploads\/2018\/10\/rafturi-7-1024x683.jpg 1024w\" sizes=\"(max-width: 1800px) 100vw, 1800px\" \/><\/a><\/p>\n<p>&nbsp;<\/p>\n<p>Am aruncat repede c\u00e2teva obiecte pe rafturi ca s\u0103 nu le \u021bin goale. Dar aranjarea lor artistic\u0103 va fi direct cu tematic\u0103 de Cr\u0103ciun pentru c\u0103 acum nu e timp. Atunci voi explica \u0219i c\u00e2teva reguli de urmat pentru a avea impact mai mare aranjamentul.<\/p>\n<p>&nbsp;<\/p>\n<p><a href=\"https:\/\/stilorganizat.ro\/wp-content\/uploads\/2018\/10\/rafturi-5.jpg\" rel=\"wp-prettyPhoto[5368]\"><img loading=\"lazy\" class=\"aligncenter size-full wp-image-5456\" src=\"https:\/\/stilorganizat.ro\/wp-content\/uploads\/2018\/10\/rafturi-5.jpg\" alt=\"rafturi\" width=\"1800\" height=\"1291\" srcset=\"https:\/\/stilorganizat.com\/wp-content\/uploads\/2018\/10\/rafturi-5.jpg 1800w, https:\/\/stilorganizat.com\/wp-content\/uploads\/2018\/10\/rafturi-5-300x215.jpg 300w, https:\/\/stilorganizat.com\/wp-content\/uploads\/2018\/10\/rafturi-5-768x551.jpg 768w, https:\/\/stilorganizat.com\/wp-content\/uploads\/2018\/10\/rafturi-5-1024x734.jpg 1024w\" sizes=\"(max-width: 1800px) 100vw, 1800px\" \/><\/a><\/p>\n<p>&nbsp;<\/p>\n<p>Am folosit \u00eencastrarea mobilelor \u0219i \u00een buc\u0103t\u0103rie. Postez o fotografie \u00een avans pentru\u00a0 a exemplifica ideea. Dar va trebui s\u0103 mai a\u0219tepta\u021bi p\u00e2n\u0103 voi ar\u0103ta buc\u0103t\u0103ria pentru c\u0103 mai e mult de lucru la ea.<\/p>\n<p>&nbsp;<\/p>\n<p><a href=\"https:\/\/stilorganizat.ro\/wp-content\/uploads\/2018\/10\/bucatarie-bar.jpg\" rel=\"wp-prettyPhoto[5368]\"><img loading=\"lazy\" class=\"aligncenter size-full wp-image-5463\" src=\"https:\/\/stilorganizat.ro\/wp-content\/uploads\/2018\/10\/bucatarie-bar.jpg\" alt=\"bucatarie\" width=\"1801\" height=\"2432\" srcset=\"https:\/\/stilorganizat.com\/wp-content\/uploads\/2018\/10\/bucatarie-bar.jpg 1801w, https:\/\/stilorganizat.com\/wp-content\/uploads\/2018\/10\/bucatarie-bar-222x300.jpg 222w, https:\/\/stilorganizat.com\/wp-content\/uploads\/2018\/10\/bucatarie-bar-768x1037.jpg 768w, https:\/\/stilorganizat.com\/wp-content\/uploads\/2018\/10\/bucatarie-bar-758x1024.jpg 758w, https:\/\/stilorganizat.com\/wp-content\/uploads\/2018\/10\/bucatarie-bar-300x405.jpg 300w\" sizes=\"(max-width: 1801px) 100vw, 1801px\" \/><\/a><\/p>\n<p>&nbsp;<\/p>\n","protected":false},"excerpt":{"rendered":"<p>V-a\u021bi uitat probabil cu admira\u021bie la interioarele elegante \u00een care mobilele r\u0103sar din\u00a0 pere\u021bi, perfect articulate \u00een geometria camerelor. O mobil\u0103 \u00eencastrat\u0103 este prin defini\u021bie o mobil\u0103 unicat. Mult mai costisitoare dec\u00e2t produsele de serie din magazine. Dar cu pu\u021bin\u0103 inspira\u021bie \u0219i cu ceva efort, o astfel de lucrare nu e greu de realizat \u0219i cu un cost c\u00e2t se poate de rezonabil. La prima etap\u0103 a renov\u0103rii am reevaluat o idee veche, a unor ni\u0219e cu rafturi \u00een hol.<\/p>\n","protected":false},"author":1,"featured_media":5462,"comment_status":"open","ping_status":"open","sticky":false,"template":"","format":"standard","meta":[],"categories":[56,37,14],"tags":[63,220,216],"yoast_head":"<!-- This site is optimized with the Yoast SEO plugin v17.7.1 - https:\/\/yoast.com\/wordpress\/plugins\/seo\/ -->\n<title>Mobila eleganta cu bani putini? O, da! - StilOrganizat<\/title>\n<meta name=\"robots\" content=\"index, follow, max-snippet:-1, max-image-preview:large, max-video-preview:-1\" \/>\n<link rel=\"canonical\" href=\"https:\/\/stilorganizat.com\/?p=5368\" \/>\n<meta property=\"og:locale\" content=\"en_US\" \/>\n<meta property=\"og:type\" content=\"article\" \/>\n<meta property=\"og:title\" content=\"Mobila eleganta cu bani putini? O, da! - StilOrganizat\" \/>\n<meta property=\"og:description\" content=\"V-a\u021bi uitat probabil cu admira\u021bie la interioarele elegante \u00een care mobilele r\u0103sar din\u00a0 pere\u021bi, perfect articulate \u00een geometria camerelor. O mobil\u0103 \u00eencastrat\u0103 este prin defini\u021bie o mobil\u0103 unicat. Mult mai costisitoare dec\u00e2t produsele de serie din magazine. Dar cu pu\u021bin\u0103 inspira\u021bie \u0219i cu ceva efort, o astfel de lucrare nu e greu de realizat \u0219i cu un cost c\u00e2t se poate de rezonabil. La prima etap\u0103 a renov\u0103rii am reevaluat o idee veche, a unor ni\u0219e cu rafturi \u00een hol.\" \/>\n<meta property=\"og:url\" content=\"https:\/\/stilorganizat.com\/?p=5368\" \/>\n<meta property=\"og:site_name\" content=\"StilOrganizat\" \/>\n<meta property=\"article:published_time\" content=\"2018-10-09T06:34:15+00:00\" \/>\n<meta property=\"article:modified_time\" content=\"2018-10-09T06:35:22+00:00\" \/>\n<meta property=\"og:image\" content=\"https:\/\/stilorganizat.com\/wp-content\/uploads\/2018\/10\/rafturi-elegante-1.jpg\" \/>\n\t<meta property=\"og:image:width\" content=\"1800\" \/>\n\t<meta property=\"og:image:height\" content=\"1200\" \/>\n<meta name=\"twitter:card\" content=\"summary_large_image\" \/>\n<meta name=\"twitter:label1\" content=\"Written by\" \/>\n\t<meta name=\"twitter:data1\" content=\"Ela\" \/>\n\t<meta name=\"twitter:label2\" content=\"Est. reading time\" \/>\n\t<meta name=\"twitter:data2\" content=\"4 minutes\" \/>\n<script type=\"application\/ld+json\" class=\"yoast-schema-graph\">{\"@context\":\"https:\/\/schema.org\",\"@graph\":[{\"@type\":\"WebSite\",\"@id\":\"https:\/\/stilorganizat.com\/#website\",\"url\":\"https:\/\/stilorganizat.com\/\",\"name\":\"StilOrganizat\",\"description\":\"\",\"publisher\":{\"@id\":\"https:\/\/stilorganizat.com\/#\/schema\/person\/925650ea34ea4181154192c09316af88\"},\"potentialAction\":[{\"@type\":\"SearchAction\",\"target\":{\"@type\":\"EntryPoint\",\"urlTemplate\":\"https:\/\/stilorganizat.com\/?s={search_term_string}\"},\"query-input\":\"required name=search_term_string\"}],\"inLanguage\":\"en-US\"},{\"@type\":\"ImageObject\",\"@id\":\"https:\/\/stilorganizat.com\/?p=5368#primaryimage\",\"inLanguage\":\"en-US\",\"url\":\"https:\/\/stilorganizat.com\/wp-content\/uploads\/2018\/10\/rafturi-elegante-1.jpg\",\"contentUrl\":\"https:\/\/stilorganizat.com\/wp-content\/uploads\/2018\/10\/rafturi-elegante-1.jpg\",\"width\":1800,\"height\":1200,\"caption\":\"rafturi\"},{\"@type\":\"WebPage\",\"@id\":\"https:\/\/stilorganizat.com\/?p=5368#webpage\",\"url\":\"https:\/\/stilorganizat.com\/?p=5368\",\"name\":\"Mobila eleganta cu bani putini? O, da! - StilOrganizat\",\"isPartOf\":{\"@id\":\"https:\/\/stilorganizat.com\/#website\"},\"primaryImageOfPage\":{\"@id\":\"https:\/\/stilorganizat.com\/?p=5368#primaryimage\"},\"datePublished\":\"2018-10-09T06:34:15+00:00\",\"dateModified\":\"2018-10-09T06:35:22+00:00\",\"breadcrumb\":{\"@id\":\"https:\/\/stilorganizat.com\/?p=5368#breadcrumb\"},\"inLanguage\":\"en-US\",\"potentialAction\":[{\"@type\":\"ReadAction\",\"target\":[\"https:\/\/stilorganizat.com\/?p=5368\"]}]},{\"@type\":\"BreadcrumbList\",\"@id\":\"https:\/\/stilorganizat.com\/?p=5368#breadcrumb\",\"itemListElement\":[{\"@type\":\"ListItem\",\"position\":1,\"name\":\"Home\",\"item\":\"https:\/\/stilorganizat.com\/\"},{\"@type\":\"ListItem\",\"position\":2,\"name\":\"Timp liber\",\"item\":\"https:\/\/stilorganizat.com\/?cat=54\"},{\"@type\":\"ListItem\",\"position\":3,\"name\":\"DIY\",\"item\":\"https:\/\/stilorganizat.com\/?cat=56\"},{\"@type\":\"ListItem\",\"position\":4,\"name\":\"Mobila eleganta cu bani putini? O, da!\"}]},{\"@type\":\"Article\",\"@id\":\"https:\/\/stilorganizat.com\/?p=5368#article\",\"isPartOf\":{\"@id\":\"https:\/\/stilorganizat.com\/?p=5368#webpage\"},\"author\":{\"@id\":\"https:\/\/stilorganizat.com\/#\/schema\/person\/925650ea34ea4181154192c09316af88\"},\"headline\":\"Mobila eleganta cu bani putini? O, da!\",\"datePublished\":\"2018-10-09T06:34:15+00:00\",\"dateModified\":\"2018-10-09T06:35:22+00:00\",\"mainEntityOfPage\":{\"@id\":\"https:\/\/stilorganizat.com\/?p=5368#webpage\"},\"wordCount\":829,\"commentCount\":5,\"publisher\":{\"@id\":\"https:\/\/stilorganizat.com\/#\/schema\/person\/925650ea34ea4181154192c09316af88\"},\"image\":{\"@id\":\"https:\/\/stilorganizat.com\/?p=5368#primaryimage\"},\"thumbnailUrl\":\"https:\/\/stilorganizat.com\/wp-content\/uploads\/2018\/10\/rafturi-elegante-1.jpg\",\"keywords\":[\"diy\",\"mobila\",\"renovare\"],\"articleSection\":[\"DIY\",\"Featured\",\"Organizarea pe camere\"],\"inLanguage\":\"en-US\",\"potentialAction\":[{\"@type\":\"CommentAction\",\"name\":\"Comment\",\"target\":[\"https:\/\/stilorganizat.com\/?p=5368#respond\"]}]},{\"@type\":[\"Person\",\"Organization\"],\"@id\":\"https:\/\/stilorganizat.com\/#\/schema\/person\/925650ea34ea4181154192c09316af88\",\"name\":\"Ela\",\"image\":{\"@type\":\"ImageObject\",\"@id\":\"https:\/\/stilorganizat.com\/#personlogo\",\"inLanguage\":\"en-US\",\"url\":\"https:\/\/secure.gravatar.com\/avatar\/8760904c7f0aa36ea71caf9864f47f82?s=96&d=identicon&r=g\",\"contentUrl\":\"https:\/\/secure.gravatar.com\/avatar\/8760904c7f0aa36ea71caf9864f47f82?s=96&d=identicon&r=g\",\"caption\":\"Ela\"},\"logo\":{\"@id\":\"https:\/\/stilorganizat.com\/#personlogo\"},\"sameAs\":[\"http:\/\/stilorganizat.ro\"]}]}<\/script>\n<!-- \/ Yoast SEO plugin. -->","yoast_head_json":{"title":"Mobila eleganta cu bani putini? O, da! - StilOrganizat","robots":{"index":"index","follow":"follow","max-snippet":"max-snippet:-1","max-image-preview":"max-image-preview:large","max-video-preview":"max-video-preview:-1"},"canonical":"https:\/\/stilorganizat.com\/?p=5368","og_locale":"en_US","og_type":"article","og_title":"Mobila eleganta cu bani putini? O, da! - StilOrganizat","og_description":"V-a\u021bi uitat probabil cu admira\u021bie la interioarele elegante \u00een care mobilele r\u0103sar din\u00a0 pere\u021bi, perfect articulate \u00een geometria camerelor. O mobil\u0103 \u00eencastrat\u0103 este prin defini\u021bie o mobil\u0103 unicat. Mult mai costisitoare dec\u00e2t produsele de serie din magazine. Dar cu pu\u021bin\u0103 inspira\u021bie \u0219i cu ceva efort, o astfel de lucrare nu e greu de realizat \u0219i cu un cost c\u00e2t se poate de rezonabil. La prima etap\u0103 a renov\u0103rii am reevaluat o idee veche, a unor ni\u0219e cu rafturi \u00een hol.","og_url":"https:\/\/stilorganizat.com\/?p=5368","og_site_name":"StilOrganizat","article_published_time":"2018-10-09T06:34:15+00:00","article_modified_time":"2018-10-09T06:35:22+00:00","og_image":[{"width":1800,"height":1200,"url":"https:\/\/stilorganizat.com\/wp-content\/uploads\/2018\/10\/rafturi-elegante-1.jpg","type":"image\/jpeg"}],"twitter_card":"summary_large_image","twitter_misc":{"Written by":"Ela","Est. reading time":"4 minutes"},"schema":{"@context":"https:\/\/schema.org","@graph":[{"@type":"WebSite","@id":"https:\/\/stilorganizat.com\/#website","url":"https:\/\/stilorganizat.com\/","name":"StilOrganizat","description":"","publisher":{"@id":"https:\/\/stilorganizat.com\/#\/schema\/person\/925650ea34ea4181154192c09316af88"},"potentialAction":[{"@type":"SearchAction","target":{"@type":"EntryPoint","urlTemplate":"https:\/\/stilorganizat.com\/?s={search_term_string}"},"query-input":"required name=search_term_string"}],"inLanguage":"en-US"},{"@type":"ImageObject","@id":"https:\/\/stilorganizat.com\/?p=5368#primaryimage","inLanguage":"en-US","url":"https:\/\/stilorganizat.com\/wp-content\/uploads\/2018\/10\/rafturi-elegante-1.jpg","contentUrl":"https:\/\/stilorganizat.com\/wp-content\/uploads\/2018\/10\/rafturi-elegante-1.jpg","width":1800,"height":1200,"caption":"rafturi"},{"@type":"WebPage","@id":"https:\/\/stilorganizat.com\/?p=5368#webpage","url":"https:\/\/stilorganizat.com\/?p=5368","name":"Mobila eleganta cu bani putini? O, da! - StilOrganizat","isPartOf":{"@id":"https:\/\/stilorganizat.com\/#website"},"primaryImageOfPage":{"@id":"https:\/\/stilorganizat.com\/?p=5368#primaryimage"},"datePublished":"2018-10-09T06:34:15+00:00","dateModified":"2018-10-09T06:35:22+00:00","breadcrumb":{"@id":"https:\/\/stilorganizat.com\/?p=5368#breadcrumb"},"inLanguage":"en-US","potentialAction":[{"@type":"ReadAction","target":["https:\/\/stilorganizat.com\/?p=5368"]}]},{"@type":"BreadcrumbList","@id":"https:\/\/stilorganizat.com\/?p=5368#breadcrumb","itemListElement":[{"@type":"ListItem","position":1,"name":"Home","item":"https:\/\/stilorganizat.com\/"},{"@type":"ListItem","position":2,"name":"Timp liber","item":"https:\/\/stilorganizat.com\/?cat=54"},{"@type":"ListItem","position":3,"name":"DIY","item":"https:\/\/stilorganizat.com\/?cat=56"},{"@type":"ListItem","position":4,"name":"Mobila eleganta cu bani putini? O, da!"}]},{"@type":"Article","@id":"https:\/\/stilorganizat.com\/?p=5368#article","isPartOf":{"@id":"https:\/\/stilorganizat.com\/?p=5368#webpage"},"author":{"@id":"https:\/\/stilorganizat.com\/#\/schema\/person\/925650ea34ea4181154192c09316af88"},"headline":"Mobila eleganta cu bani putini? O, da!","datePublished":"2018-10-09T06:34:15+00:00","dateModified":"2018-10-09T06:35:22+00:00","mainEntityOfPage":{"@id":"https:\/\/stilorganizat.com\/?p=5368#webpage"},"wordCount":829,"commentCount":5,"publisher":{"@id":"https:\/\/stilorganizat.com\/#\/schema\/person\/925650ea34ea4181154192c09316af88"},"image":{"@id":"https:\/\/stilorganizat.com\/?p=5368#primaryimage"},"thumbnailUrl":"https:\/\/stilorganizat.com\/wp-content\/uploads\/2018\/10\/rafturi-elegante-1.jpg","keywords":["diy","mobila","renovare"],"articleSection":["DIY","Featured","Organizarea pe camere"],"inLanguage":"en-US","potentialAction":[{"@type":"CommentAction","name":"Comment","target":["https:\/\/stilorganizat.com\/?p=5368#respond"]}]},{"@type":["Person","Organization"],"@id":"https:\/\/stilorganizat.com\/#\/schema\/person\/925650ea34ea4181154192c09316af88","name":"Ela","image":{"@type":"ImageObject","@id":"https:\/\/stilorganizat.com\/#personlogo","inLanguage":"en-US","url":"https:\/\/secure.gravatar.com\/avatar\/8760904c7f0aa36ea71caf9864f47f82?s=96&d=identicon&r=g","contentUrl":"https:\/\/secure.gravatar.com\/avatar\/8760904c7f0aa36ea71caf9864f47f82?s=96&d=identicon&r=g","caption":"Ela"},"logo":{"@id":"https:\/\/stilorganizat.com\/#personlogo"},"sameAs":["http:\/\/stilorganizat.ro"]}]}},"_links":{"self":[{"href":"https:\/\/stilorganizat.com\/index.php?rest_route=\/wp\/v2\/posts\/5368"}],"collection":[{"href":"https:\/\/stilorganizat.com\/index.php?rest_route=\/wp\/v2\/posts"}],"about":[{"href":"https:\/\/stilorganizat.com\/index.php?rest_route=\/wp\/v2\/types\/post"}],"author":[{"embeddable":true,"href":"https:\/\/stilorganizat.com\/index.php?rest_route=\/wp\/v2\/users\/1"}],"replies":[{"embeddable":true,"href":"https:\/\/stilorganizat.com\/index.php?rest_route=%2Fwp%2Fv2%2Fcomments&post=5368"}],"version-history":[{"count":13,"href":"https:\/\/stilorganizat.com\/index.php?rest_route=\/wp\/v2\/posts\/5368\/revisions"}],"predecessor-version":[{"id":5472,"href":"https:\/\/stilorganizat.com\/index.php?rest_route=\/wp\/v2\/posts\/5368\/revisions\/5472"}],"wp:featuredmedia":[{"embeddable":true,"href":"https:\/\/stilorganizat.com\/index.php?rest_route=\/wp\/v2\/media\/5462"}],"wp:attachment":[{"href":"https:\/\/stilorganizat.com\/index.php?rest_route=%2Fwp%2Fv2%2Fmedia&parent=5368"}],"wp:term":[{"taxonomy":"category","embeddable":true,"href":"https:\/\/stilorganizat.com\/index.php?rest_route=%2Fwp%2Fv2%2Fcategories&post=5368"},{"taxonomy":"post_tag","embeddable":true,"href":"https:\/\/stilorganizat.com\/index.php?rest_route=%2Fwp%2Fv2%2Ftags&post=5368"}],"curies":[{"name":"wp","href":"https:\/\/api.w.org\/{rel}","templated":true}]}}