{"id":4447,"date":"2016-03-12T03:22:04","date_gmt":"2016-03-12T00:22:04","guid":{"rendered":"http:\/\/stilorganizat.ro\/?p=4447"},"modified":"2020-02-07T20:39:35","modified_gmt":"2020-02-07T17:39:35","slug":"masa-de-primavara-timpurie","status":"publish","type":"post","link":"https:\/\/stilorganizat.com\/?p=4447","title":{"rendered":"Mas\u0103 de prim\u0103var\u0103 timpurie"},"content":{"rendered":"<p>V\u0103 era dor de o mas\u0103 de prim\u0103var\u0103 frumoas\u0103?<\/p>\n<p>\u00a0<\/p>\n<p><a href=\"http:\/\/stilorganizat.ro\/wp-content\/uploads\/2016\/03\/masa-de-primavara-7.jpg\" rel=\"attachment wp-att-4456\" rel=\"wp-prettyPhoto[4447]\"><img loading=\"lazy\" class=\"aligncenter size-full wp-image-4456\" src=\"http:\/\/stilorganizat.ro\/wp-content\/uploads\/2016\/03\/masa-de-primavara-7.jpg\" alt=\"masa de primavara\" width=\"620\" height=\"459\" srcset=\"https:\/\/stilorganizat.com\/wp-content\/uploads\/2016\/03\/masa-de-primavara-7.jpg 620w, https:\/\/stilorganizat.com\/wp-content\/uploads\/2016\/03\/masa-de-primavara-7-300x222.jpg 300w\" sizes=\"(max-width: 620px) 100vw, 620px\" \/><\/a><\/p>\n<p>\u00a0<\/p>\n<p>De la Cr\u0103ciun nu am mai aranjat niciuna\u00a0deosebit\u0103. Altele au fost\u00a0priorit\u0103\u021bile. Acum sunt gata s\u0103 v\u0103 prezint un aranjament\u00a0de prim\u0103var\u0103 timpurie.<\/p>\n<p>\u00a0<\/p>\n<p>Verde \u0219i galben.<\/p>\n<p>\u00a0<\/p>\n<p><a href=\"http:\/\/stilorganizat.ro\/wp-content\/uploads\/2016\/03\/masa-de-primavara-2.jpg\" rel=\"attachment wp-att-4451\" rel=\"wp-prettyPhoto[4447]\"><img loading=\"lazy\" class=\"aligncenter size-full wp-image-4451\" src=\"http:\/\/stilorganizat.ro\/wp-content\/uploads\/2016\/03\/masa-de-primavara-2.jpg\" alt=\"masa de primavara\" width=\"620\" height=\"827\" srcset=\"https:\/\/stilorganizat.com\/wp-content\/uploads\/2016\/03\/masa-de-primavara-2.jpg 620w, https:\/\/stilorganizat.com\/wp-content\/uploads\/2016\/03\/masa-de-primavara-2-225x300.jpg 225w, https:\/\/stilorganizat.com\/wp-content\/uploads\/2016\/03\/masa-de-primavara-2-300x400.jpg 300w\" sizes=\"(max-width: 620px) 100vw, 620px\" \/><\/a><\/p>\n<p>\u00a0<\/p>\n<p>Rena\u0219tere.<\/p>\n<p>\u00a0<\/p>\n<p><a href=\"http:\/\/stilorganizat.ro\/wp-content\/uploads\/2016\/03\/masa-de-primavara-10.jpg\" rel=\"attachment wp-att-4459\" rel=\"wp-prettyPhoto[4447]\"><img loading=\"lazy\" class=\"aligncenter size-full wp-image-4459\" src=\"http:\/\/stilorganizat.ro\/wp-content\/uploads\/2016\/03\/masa-de-primavara-10.jpg\" alt=\"masa de primavara\" width=\"620\" height=\"465\" srcset=\"https:\/\/stilorganizat.com\/wp-content\/uploads\/2016\/03\/masa-de-primavara-10.jpg 620w, https:\/\/stilorganizat.com\/wp-content\/uploads\/2016\/03\/masa-de-primavara-10-300x225.jpg 300w\" sizes=\"(max-width: 620px) 100vw, 620px\" \/><\/a><\/p>\n<p>Via\u021b\u0103.<\/p>\n<p>\u00a0<\/p>\n<p><a href=\"http:\/\/stilorganizat.ro\/wp-content\/uploads\/2016\/03\/masa-de-primavara-11.jpg\" rel=\"attachment wp-att-4460\" rel=\"wp-prettyPhoto[4447]\"><img loading=\"lazy\" class=\"aligncenter size-full wp-image-4460\" src=\"http:\/\/stilorganizat.ro\/wp-content\/uploads\/2016\/03\/masa-de-primavara-11.jpg\" alt=\"masa de primavara\" width=\"620\" height=\"465\" srcset=\"https:\/\/stilorganizat.com\/wp-content\/uploads\/2016\/03\/masa-de-primavara-11.jpg 620w, https:\/\/stilorganizat.com\/wp-content\/uploads\/2016\/03\/masa-de-primavara-11-300x225.jpg 300w\" sizes=\"(max-width: 620px) 100vw, 620px\" \/><\/a><\/p>\n<p>\u00a0<\/p>\n<p>Mu\u0219chi, ferigi, mini-narcise.<\/p>\n<p>\u00a0<\/p>\n<p><a href=\"http:\/\/stilorganizat.ro\/wp-content\/uploads\/2016\/03\/masa-de-primavara-9.jpg\" rel=\"attachment wp-att-4458\" rel=\"wp-prettyPhoto[4447]\"><img loading=\"lazy\" class=\"aligncenter size-full wp-image-4458\" src=\"http:\/\/stilorganizat.ro\/wp-content\/uploads\/2016\/03\/masa-de-primavara-9.jpg\" alt=\"masa de primavara\" width=\"621\" height=\"465\" srcset=\"https:\/\/stilorganizat.com\/wp-content\/uploads\/2016\/03\/masa-de-primavara-9.jpg 621w, https:\/\/stilorganizat.com\/wp-content\/uploads\/2016\/03\/masa-de-primavara-9-300x225.jpg 300w\" sizes=\"(max-width: 621px) 100vw, 621px\" \/><\/a><\/p>\n<p>\u00a0<\/p>\n<p>Cuiburi cu ou\u0103 \u0219i fulgi.<\/p>\n<p>\u00a0<\/p>\n<p><a href=\"http:\/\/stilorganizat.ro\/wp-content\/uploads\/2016\/03\/masa-de-primavara-3.jpg\" rel=\"attachment wp-att-4452\" rel=\"wp-prettyPhoto[4447]\"><img loading=\"lazy\" class=\"aligncenter size-full wp-image-4452\" src=\"http:\/\/stilorganizat.ro\/wp-content\/uploads\/2016\/03\/masa-de-primavara-3.jpg\" alt=\"masa de primavara\" width=\"620\" height=\"827\" srcset=\"https:\/\/stilorganizat.com\/wp-content\/uploads\/2016\/03\/masa-de-primavara-3.jpg 620w, https:\/\/stilorganizat.com\/wp-content\/uploads\/2016\/03\/masa-de-primavara-3-225x300.jpg 225w, https:\/\/stilorganizat.com\/wp-content\/uploads\/2016\/03\/masa-de-primavara-3-300x400.jpg 300w\" sizes=\"(max-width: 620px) 100vw, 620px\" \/><\/a><\/p>\n<p>\u00a0<\/p>\n<p>De c\u00e2te ori vreau s\u0103 aranjez o mas\u0103 cu tematic\u0103 de prim\u0103var\u0103, caut\u00a0prin \u00a0farfurii, m\u0103 sucesc, m\u0103 \u00eenv\u00e2rtesc&#8230; \u0218i tot la aceste dr\u0103g\u0103la\u0219e modele m\u0103 opresc. De c\u00e2nd le-am cump\u0103rat, \u00eemi par ideale: culorile, florile desenate pe ele, forma moale, rotunjit\u0103.<\/p>\n<p>\u00a0<\/p>\n<p><a href=\"http:\/\/stilorganizat.ro\/wp-content\/uploads\/2016\/03\/masa-de-primavara-5.jpg\" rel=\"attachment wp-att-4454\" rel=\"wp-prettyPhoto[4447]\"><img loading=\"lazy\" class=\"aligncenter size-full wp-image-4454\" src=\"http:\/\/stilorganizat.ro\/wp-content\/uploads\/2016\/03\/masa-de-primavara-5.jpg\" alt=\"mese de primavara\" width=\"620\" height=\"465\" srcset=\"https:\/\/stilorganizat.com\/wp-content\/uploads\/2016\/03\/masa-de-primavara-5.jpg 620w, https:\/\/stilorganizat.com\/wp-content\/uploads\/2016\/03\/masa-de-primavara-5-300x225.jpg 300w\" sizes=\"(max-width: 620px) 100vw, 620px\" \/><\/a><\/p>\n<p>\u00a0<\/p>\n<p>De-a lungul timpului au fost g\u0103tite cu ghirlande de flori albe,<\/p>\n<p>\u00a0<\/p>\n<p><a href=\"http:\/\/stilorganizat.ro\/wp-content\/uploads\/2013\/04\/masa-de-primavara-7.jpg\" rel=\"attachment wp-att-1989\" rel=\"wp-prettyPhoto[4447]\"><img loading=\"lazy\" class=\"aligncenter size-full wp-image-1989\" src=\"http:\/\/stilorganizat.ro\/wp-content\/uploads\/2013\/04\/masa-de-primavara-7.jpg\" alt=\"masa de primavara 7\" width=\"620\" height=\"465\" srcset=\"https:\/\/stilorganizat.com\/wp-content\/uploads\/2013\/04\/masa-de-primavara-7.jpg 620w, https:\/\/stilorganizat.com\/wp-content\/uploads\/2013\/04\/masa-de-primavara-7-300x225.jpg 300w\" sizes=\"(max-width: 620px) 100vw, 620px\" \/><\/a><\/p>\n<p style=\"text-align: center;\"><em><a href=\"http:\/\/stilorganizat.ro\/?p=1982\" target=\"_blank\" rel=\"noopener noreferrer\">O masa\u00a0de primavara<\/a><\/em><\/p>\n<p>cu g\u0103rg\u0103ri\u021be,<\/p>\n<p>\u00a0<\/p>\n<p><a href=\"http:\/\/stilorganizat.ro\/wp-content\/uploads\/2015\/02\/O-masa-cu-gargarite-1.jpg\" rel=\"attachment wp-att-3782\" rel=\"wp-prettyPhoto[4447]\"><img loading=\"lazy\" class=\"aligncenter size-full wp-image-3782\" src=\"http:\/\/stilorganizat.ro\/wp-content\/uploads\/2015\/02\/O-masa-cu-gargarite-1.jpg\" alt=\"Ladybird Tablescape\" width=\"620\" height=\"431\" srcset=\"https:\/\/stilorganizat.com\/wp-content\/uploads\/2015\/02\/O-masa-cu-gargarite-1.jpg 620w, https:\/\/stilorganizat.com\/wp-content\/uploads\/2015\/02\/O-masa-cu-gargarite-1-300x209.jpg 300w\" sizes=\"(max-width: 620px) 100vw, 620px\" \/><\/a><\/p>\n<p style=\"text-align: center;\"><em><a href=\"http:\/\/stilorganizat.ro\/?p=3767\" target=\"_blank\" rel=\"noopener noreferrer\">Masa cu buburuze (plus o mica lectie)<\/a><\/em><\/p>\n<p>cu conuri de brad.<\/p>\n<p>\u00a0<\/p>\n<p><a href=\"http:\/\/stilorganizat.ro\/wp-content\/uploads\/2014\/12\/Craciun-2014-o-masa-naturala-5.jpg\" rel=\"attachment wp-att-3566\" rel=\"wp-prettyPhoto[4447]\"><img loading=\"lazy\" class=\"aligncenter size-full wp-image-3566\" src=\"http:\/\/stilorganizat.ro\/wp-content\/uploads\/2014\/12\/Craciun-2014-o-masa-naturala-5.jpg\" alt=\"Christmas Tablescape\" width=\"620\" height=\"442\" srcset=\"https:\/\/stilorganizat.com\/wp-content\/uploads\/2014\/12\/Craciun-2014-o-masa-naturala-5.jpg 620w, https:\/\/stilorganizat.com\/wp-content\/uploads\/2014\/12\/Craciun-2014-o-masa-naturala-5-300x213.jpg 300w\" sizes=\"(max-width: 620px) 100vw, 620px\" \/><\/a><\/p>\n<p style=\"text-align: center;\"><em><a href=\"http:\/\/stilorganizat.ro\/?p=3560\" target=\"_blank\" rel=\"noopener noreferrer\">Craciun 2014 &#8211; o masa naturala<\/a><\/em><\/p>\n<p>\u00a0<\/p>\n<p>Acum le-am a\u0219ezat pe suporturi \u00een form\u0103 de flori, t\u0103iate din p\u00e2nz\u0103 de sisal.<\/p>\n<p>Am confec\u021bionat\u00a0suporturi pentru \u0219ervete din carton circular de la prosoapele de h\u00e2rtie. Pe care am lipit aceea\u0219i p\u00e2nz\u0103 de sisal \u0219i le-am ornat cu crengu\u021be ata\u0219ate cu pistolul de lipit.<\/p>\n<p>\u00a0<\/p>\n<p><a href=\"http:\/\/stilorganizat.ro\/wp-content\/uploads\/2016\/03\/masa-de-primavara-6.jpg\" rel=\"attachment wp-att-4455\" rel=\"wp-prettyPhoto[4447]\"><img loading=\"lazy\" class=\"aligncenter size-full wp-image-4455\" src=\"http:\/\/stilorganizat.ro\/wp-content\/uploads\/2016\/03\/masa-de-primavara-6.jpg\" alt=\"mese de primavara\" width=\"620\" height=\"465\" srcset=\"https:\/\/stilorganizat.com\/wp-content\/uploads\/2016\/03\/masa-de-primavara-6.jpg 620w, https:\/\/stilorganizat.com\/wp-content\/uploads\/2016\/03\/masa-de-primavara-6-300x225.jpg 300w\" sizes=\"(max-width: 620px) 100vw, 620px\" \/><\/a><\/p>\n<p>\u00a0<\/p>\n<p>Centrul mesei este ocupat de trunchiuri de copac pe care am a\u0219ezat minuscule aranjamente cu narcise din gradin\u0103, ferigi \u0219i buche\u021bele de hortensie din ghivece, mu\u0219chi.\u00a0Toate stau pe o \u021bes\u0103tur\u0103 verde.<\/p>\n<p>\u00a0<\/p>\n<p><a href=\"http:\/\/stilorganizat.ro\/wp-content\/uploads\/2016\/03\/masa-de-primavara-1.jpg\" rel=\"attachment wp-att-4450\" rel=\"wp-prettyPhoto[4447]\"><img loading=\"lazy\" class=\"aligncenter size-full wp-image-4450\" src=\"http:\/\/stilorganizat.ro\/wp-content\/uploads\/2016\/03\/masa-de-primavara-1.jpg\" alt=\"masa de primavara\" width=\"620\" height=\"465\" srcset=\"https:\/\/stilorganizat.com\/wp-content\/uploads\/2016\/03\/masa-de-primavara-1.jpg 620w, https:\/\/stilorganizat.com\/wp-content\/uploads\/2016\/03\/masa-de-primavara-1-300x225.jpg 300w\" sizes=\"(max-width: 620px) 100vw, 620px\" \/><\/a><\/p>\n<p>\u00a0<\/p>\n<p>C\u0103tre capete am a\u0219ezat, tot pe trunchiuri de copac, ni\u0219te cuiburi la care am mig\u0103lit cu drag. Nu at\u00e2t de mult, fire\u0219te, pe c\u00e2t se chinuie o pas\u0103re s\u0103 construiasc\u0103 un c\u0103min <span style=\"line-height: 1.5;\">pentru viitorii s\u0103i pui\u0219ori!<\/span><\/p>\n<p>\u00a0<\/p>\n<p><a href=\"http:\/\/stilorganizat.ro\/wp-content\/uploads\/2016\/03\/masa-de-primavara-8.jpg\" rel=\"attachment wp-att-4457\" rel=\"wp-prettyPhoto[4447]\"><img loading=\"lazy\" class=\"aligncenter size-full wp-image-4457\" src=\"http:\/\/stilorganizat.ro\/wp-content\/uploads\/2016\/03\/masa-de-primavara-8.jpg\" alt=\"masa de primavara\" width=\"620\" height=\"659\" srcset=\"https:\/\/stilorganizat.com\/wp-content\/uploads\/2016\/03\/masa-de-primavara-8.jpg 620w, https:\/\/stilorganizat.com\/wp-content\/uploads\/2016\/03\/masa-de-primavara-8-282x300.jpg 282w, https:\/\/stilorganizat.com\/wp-content\/uploads\/2016\/03\/masa-de-primavara-8-300x319.jpg 300w\" sizes=\"(max-width: 620px) 100vw, 620px\" \/><\/a><\/p>\n<p>\u00a0<\/p>\n<p><span style=\"line-height: 1.5;\">Dar am matlasat \u0219i eu, cu ce am putut, cu mu\u0219chi uscat \u0219i verde, cuiburile, rezult\u00e2nd ni\u0219te mici bijuterii.<\/span><\/p>\n<p><span style=\"line-height: 1.5;\">Mu\u0219chi verde am aranjat pe semisfere de burete de flori, a\u0219a \u00eenc\u00e2t s\u0103 apar\u0103 ca ni\u0219te mu\u0219uroaie. Ele au stat ca ornamente prin multe locuri din cas\u0103, iar acum au poposit pe mas\u0103.<\/span><\/p>\n<p>\u00a0<\/p>\n<p><a href=\"http:\/\/stilorganizat.ro\/wp-content\/uploads\/2016\/03\/masa-de-primavara-12.jpg\" rel=\"attachment wp-att-4461\" rel=\"wp-prettyPhoto[4447]\"><img loading=\"lazy\" class=\"aligncenter size-full wp-image-4461\" src=\"http:\/\/stilorganizat.ro\/wp-content\/uploads\/2016\/03\/masa-de-primavara-12.jpg\" alt=\"masa de primavara\" width=\"621\" height=\"465\" srcset=\"https:\/\/stilorganizat.com\/wp-content\/uploads\/2016\/03\/masa-de-primavara-12.jpg 621w, https:\/\/stilorganizat.com\/wp-content\/uploads\/2016\/03\/masa-de-primavara-12-300x225.jpg 300w\" sizes=\"(max-width: 621px) 100vw, 621px\" \/><\/a><\/p>\n<p>\u00a0<\/p>\n<p>Trunchiurile de copac au mijlocul strunjit, a\u0219a \u00eenc\u00e2t s\u0103 poat\u0103 fi aranjate \u00een ele: burete pentru flori, lum\u00e2n\u0103ri (aten\u021bie la foc!), alte aranjamente imaginate\u00a0de fiecare. Le-am \u021binut \u00een cuptorul \u00eencins pentru a distruge eventuale viet\u0103\u021bi nedorite (pentru c\u0103 nu ar fi fost de dorit s\u0103 \u00eenceap\u0103 diverse chestii s\u0103 alerge pe mas\u0103!) Apoi le-am l\u0103cuit.<\/p>\n<p>\u00a0<\/p>\n<p><a href=\"http:\/\/stilorganizat.ro\/wp-content\/uploads\/2016\/03\/masa-de-primavara-13.jpg\" rel=\"attachment wp-att-4462\" rel=\"wp-prettyPhoto[4447]\"><img loading=\"lazy\" class=\"aligncenter size-full wp-image-4462\" src=\"http:\/\/stilorganizat.ro\/wp-content\/uploads\/2016\/03\/masa-de-primavara-13.jpg\" alt=\"masa de primavara\" width=\"621\" height=\"465\" srcset=\"https:\/\/stilorganizat.com\/wp-content\/uploads\/2016\/03\/masa-de-primavara-13.jpg 621w, https:\/\/stilorganizat.com\/wp-content\/uploads\/2016\/03\/masa-de-primavara-13-300x225.jpg 300w\" sizes=\"(max-width: 621px) 100vw, 621px\" \/><\/a><\/p>\n<p>\u00a0<\/p>\n<p><a href=\"http:\/\/stilorganizat.ro\/wp-content\/uploads\/2016\/03\/masa-de-primavara-14.jpg\" rel=\"attachment wp-att-4463\" rel=\"wp-prettyPhoto[4447]\"><img loading=\"lazy\" class=\"aligncenter size-full wp-image-4463\" src=\"http:\/\/stilorganizat.ro\/wp-content\/uploads\/2016\/03\/masa-de-primavara-14.jpg\" alt=\"masa de primavara\" width=\"621\" height=\"465\" srcset=\"https:\/\/stilorganizat.com\/wp-content\/uploads\/2016\/03\/masa-de-primavara-14.jpg 621w, https:\/\/stilorganizat.com\/wp-content\/uploads\/2016\/03\/masa-de-primavara-14-300x225.jpg 300w\" sizes=\"(max-width: 621px) 100vw, 621px\" \/><\/a><\/p>\n<p>\u00a0<\/p>\n<p>Cuiburile sunt construite din materiale lemnoase flexibile. Sunt decorate cu mu\u0219chi uscat \u0219i verde, cu ou\u0103 din ceramic\u0103 pictat\u0103, cu fulgi \u0219i coji de ou pictate.\u00a0<\/p>\n<p>Mu\u0219chiul \u00eel pute\u021bi cumpara de la <a href=\"http:\/\/www.decobrico.ro\/muschi-de-copac-verde-inchis.html\" target=\"_blank\" rel=\"noopener noreferrer\">Decobrico<\/a>. Este extraordinar de lucrat cu el pentru ca arata bine si se mentine\u00a0verde.<\/p>\n<p>\u00a0<\/p>\n<p><a href=\"http:\/\/stilorganizat.ro\/wp-content\/uploads\/2016\/03\/masa-de-primavara-4.jpg\" rel=\"attachment wp-att-4453\" rel=\"wp-prettyPhoto[4447]\"><img loading=\"lazy\" class=\"aligncenter size-full wp-image-4453\" src=\"http:\/\/stilorganizat.ro\/wp-content\/uploads\/2016\/03\/masa-de-primavara-4.jpg\" alt=\"masa de primavara\" width=\"620\" height=\"783\" srcset=\"https:\/\/stilorganizat.com\/wp-content\/uploads\/2016\/03\/masa-de-primavara-4.jpg 620w, https:\/\/stilorganizat.com\/wp-content\/uploads\/2016\/03\/masa-de-primavara-4-238x300.jpg 238w, https:\/\/stilorganizat.com\/wp-content\/uploads\/2016\/03\/masa-de-primavara-4-300x379.jpg 300w\" sizes=\"(max-width: 620px) 100vw, 620px\" \/><\/a><\/p>\n<p>\u00a0<\/p>\n<p>Suporturile pentru farfurii se pot t\u0103ia din h\u00e2rtie, simpl\u0103 sau pe care a\u021bi imprimat un desen preferat, din p\u00e2nz\u0103, fetru, sisal.\u00a0<\/p>\n<p>\u00a0<\/p>\n<p><a href=\"http:\/\/stilorganizat.ro\/wp-content\/uploads\/2016\/03\/masa-de-primavara-1.jpg\" rel=\"attachment wp-att-4450\" rel=\"wp-prettyPhoto[4447]\"><img loading=\"lazy\" class=\"aligncenter size-full wp-image-4450\" src=\"http:\/\/stilorganizat.ro\/wp-content\/uploads\/2016\/03\/masa-de-primavara-1.jpg\" alt=\"masa de primavara\" width=\"620\" height=\"465\" srcset=\"https:\/\/stilorganizat.com\/wp-content\/uploads\/2016\/03\/masa-de-primavara-1.jpg 620w, https:\/\/stilorganizat.com\/wp-content\/uploads\/2016\/03\/masa-de-primavara-1-300x225.jpg 300w\" sizes=\"(max-width: 620px) 100vw, 620px\" \/><\/a><\/p>\n<p>Sper c\u0103 v-a pl\u0103cut masa aranjat\u0103 ast\u0103zi, c\u0103 va fi o surs\u0103 de inspira\u021bie pentru decorarea casei \u0219i pentru s\u0103rb\u0103torile pe care le ave\u021bi \u00een plan pentru aceast\u0103 prim\u0103var\u0103!<\/p>\n<p>\u00a0<\/p>\n<p>\u00a0<\/p>\n\n\n<h2><\/h2>\n","protected":false},"excerpt":{"rendered":"<p>V\u0103 era dor de o mas\u0103 de prim\u0103var\u0103 frumoas\u0103? \u00a0 \u00a0 De la Cr\u0103ciun nu am mai aranjat niciuna\u00a0deosebit\u0103. Altele au fost\u00a0priorit\u0103\u021bile. Acum sunt gata s\u0103 v\u0103 prezint un aranjament\u00a0de prim\u0103var\u0103 timpurie. \u00a0 Verde \u0219i galben. \u00a0 \u00a0 Rena\u0219tere. \u00a0 Via\u021b\u0103. \u00a0 \u00a0 Mu\u0219chi, ferigi, mini-narcise. \u00a0 \u00a0 Cuiburi cu ou\u0103 \u0219i fulgi. \u00a0 \u00a0 De c\u00e2te ori vreau s\u0103 aranjez o mas\u0103 cu tematic\u0103 de prim\u0103var\u0103, caut\u00a0prin \u00a0farfurii, m\u0103 sucesc, m\u0103 \u00eenv\u00e2rtesc&#8230; \u0218i tot la aceste dr\u0103g\u0103la\u0219e modele m\u0103<\/p>\n","protected":false},"author":1,"featured_media":4452,"comment_status":"open","ping_status":"open","sticky":false,"template":"","format":"standard","meta":[],"categories":[59,38,37,5,58,54],"tags":[165,162,164,129],"yoast_head":"<!-- This site is optimized with the Yoast SEO plugin v17.7.1 - https:\/\/yoast.com\/wordpress\/plugins\/seo\/ -->\n<title>Mas\u0103 de prim\u0103var\u0103 timpurie StilOrganizat<\/title>\n<meta name=\"description\" content=\"Cum s\u0103 aranja\u021bi o mas\u0103 de prim\u0103var\u0103 folosind obiecte din natur\u0103 sau realiz\u00e2nd singuri elemente de decor cu tematic\u0103 de sezon.\" \/>\n<meta name=\"robots\" content=\"index, follow, max-snippet:-1, max-image-preview:large, max-video-preview:-1\" \/>\n<link rel=\"canonical\" href=\"https:\/\/stilorganizat.com\/?p=4447\" \/>\n<meta property=\"og:locale\" content=\"en_US\" \/>\n<meta property=\"og:type\" content=\"article\" \/>\n<meta property=\"og:title\" content=\"Mas\u0103 de prim\u0103var\u0103 timpurie StilOrganizat\" \/>\n<meta property=\"og:description\" content=\"Cum s\u0103 aranja\u021bi o mas\u0103 de prim\u0103var\u0103 folosind obiecte din natur\u0103 sau realiz\u00e2nd singuri elemente de decor cu tematic\u0103 de sezon.\" \/>\n<meta property=\"og:url\" content=\"https:\/\/stilorganizat.com\/?p=4447\" \/>\n<meta property=\"og:site_name\" content=\"StilOrganizat\" \/>\n<meta property=\"article:published_time\" content=\"2016-03-12T00:22:04+00:00\" \/>\n<meta property=\"article:modified_time\" content=\"2020-02-07T17:39:35+00:00\" \/>\n<meta property=\"og:image\" content=\"https:\/\/stilorganizat.com\/wp-content\/uploads\/2016\/03\/masa-de-primavara-3.jpg\" \/>\n\t<meta property=\"og:image:width\" content=\"620\" \/>\n\t<meta property=\"og:image:height\" content=\"827\" \/>\n<meta name=\"twitter:card\" content=\"summary_large_image\" \/>\n<meta name=\"twitter:label1\" content=\"Written by\" \/>\n\t<meta name=\"twitter:data1\" content=\"Ela\" \/>\n\t<meta name=\"twitter:label2\" content=\"Est. reading time\" \/>\n\t<meta name=\"twitter:data2\" content=\"3 minutes\" \/>\n<script type=\"application\/ld+json\" class=\"yoast-schema-graph\">{\"@context\":\"https:\/\/schema.org\",\"@graph\":[{\"@type\":\"WebSite\",\"@id\":\"https:\/\/stilorganizat.com\/#website\",\"url\":\"https:\/\/stilorganizat.com\/\",\"name\":\"StilOrganizat\",\"description\":\"\",\"publisher\":{\"@id\":\"https:\/\/stilorganizat.com\/#\/schema\/person\/925650ea34ea4181154192c09316af88\"},\"potentialAction\":[{\"@type\":\"SearchAction\",\"target\":{\"@type\":\"EntryPoint\",\"urlTemplate\":\"https:\/\/stilorganizat.com\/?s={search_term_string}\"},\"query-input\":\"required name=search_term_string\"}],\"inLanguage\":\"en-US\"},{\"@type\":\"ImageObject\",\"@id\":\"https:\/\/stilorganizat.com\/?p=4447#primaryimage\",\"inLanguage\":\"en-US\",\"url\":\"https:\/\/stilorganizat.com\/wp-content\/uploads\/2016\/03\/masa-de-primavara-3.jpg\",\"contentUrl\":\"https:\/\/stilorganizat.com\/wp-content\/uploads\/2016\/03\/masa-de-primavara-3.jpg\",\"width\":620,\"height\":827,\"caption\":\"masa de primavara\"},{\"@type\":\"WebPage\",\"@id\":\"https:\/\/stilorganizat.com\/?p=4447#webpage\",\"url\":\"https:\/\/stilorganizat.com\/?p=4447\",\"name\":\"Mas\\u0103 de prim\\u0103var\\u0103 timpurie StilOrganizat\",\"isPartOf\":{\"@id\":\"https:\/\/stilorganizat.com\/#website\"},\"primaryImageOfPage\":{\"@id\":\"https:\/\/stilorganizat.com\/?p=4447#primaryimage\"},\"datePublished\":\"2016-03-12T00:22:04+00:00\",\"dateModified\":\"2020-02-07T17:39:35+00:00\",\"description\":\"Cum s\\u0103 aranja\\u021bi o mas\\u0103 de prim\\u0103var\\u0103 folosind obiecte din natur\\u0103 sau realiz\\u00e2nd singuri elemente de decor cu tematic\\u0103 de sezon.\",\"breadcrumb\":{\"@id\":\"https:\/\/stilorganizat.com\/?p=4447#breadcrumb\"},\"inLanguage\":\"en-US\",\"potentialAction\":[{\"@type\":\"ReadAction\",\"target\":[\"https:\/\/stilorganizat.com\/?p=4447\"]}]},{\"@type\":\"BreadcrumbList\",\"@id\":\"https:\/\/stilorganizat.com\/?p=4447#breadcrumb\",\"itemListElement\":[{\"@type\":\"ListItem\",\"position\":1,\"name\":\"Home\",\"item\":\"https:\/\/stilorganizat.com\/\"},{\"@type\":\"ListItem\",\"position\":2,\"name\":\"Organizarea mesei\",\"item\":\"https:\/\/stilorganizat.com\/?cat=5\"},{\"@type\":\"ListItem\",\"position\":3,\"name\":\"Aranjarea meselor\",\"item\":\"https:\/\/stilorganizat.com\/?cat=38\"},{\"@type\":\"ListItem\",\"position\":4,\"name\":\"Mas\\u0103 de prim\\u0103var\\u0103 timpurie\"}]},{\"@type\":\"Article\",\"@id\":\"https:\/\/stilorganizat.com\/?p=4447#article\",\"isPartOf\":{\"@id\":\"https:\/\/stilorganizat.com\/?p=4447#webpage\"},\"author\":{\"@id\":\"https:\/\/stilorganizat.com\/#\/schema\/person\/925650ea34ea4181154192c09316af88\"},\"headline\":\"Mas\\u0103 de prim\\u0103var\\u0103 timpurie\",\"datePublished\":\"2016-03-12T00:22:04+00:00\",\"dateModified\":\"2020-02-07T17:39:35+00:00\",\"mainEntityOfPage\":{\"@id\":\"https:\/\/stilorganizat.com\/?p=4447#webpage\"},\"wordCount\":515,\"commentCount\":5,\"publisher\":{\"@id\":\"https:\/\/stilorganizat.com\/#\/schema\/person\/925650ea34ea4181154192c09316af88\"},\"image\":{\"@id\":\"https:\/\/stilorganizat.com\/?p=4447#primaryimage\"},\"thumbnailUrl\":\"https:\/\/stilorganizat.com\/wp-content\/uploads\/2016\/03\/masa-de-primavara-3.jpg\",\"keywords\":[\"aranjamente cu flori\",\"aranjamente de primavara\",\"masa de primavara\",\"masa festiva\"],\"articleSection\":[\"Aranjamente de sezon\",\"Aranjarea meselor\",\"Featured\",\"Organizarea mesei\",\"Sarbatori de Paste\",\"Timp liber\"],\"inLanguage\":\"en-US\",\"potentialAction\":[{\"@type\":\"CommentAction\",\"name\":\"Comment\",\"target\":[\"https:\/\/stilorganizat.com\/?p=4447#respond\"]}]},{\"@type\":[\"Person\",\"Organization\"],\"@id\":\"https:\/\/stilorganizat.com\/#\/schema\/person\/925650ea34ea4181154192c09316af88\",\"name\":\"Ela\",\"image\":{\"@type\":\"ImageObject\",\"@id\":\"https:\/\/stilorganizat.com\/#personlogo\",\"inLanguage\":\"en-US\",\"url\":\"https:\/\/secure.gravatar.com\/avatar\/8760904c7f0aa36ea71caf9864f47f82?s=96&d=identicon&r=g\",\"contentUrl\":\"https:\/\/secure.gravatar.com\/avatar\/8760904c7f0aa36ea71caf9864f47f82?s=96&d=identicon&r=g\",\"caption\":\"Ela\"},\"logo\":{\"@id\":\"https:\/\/stilorganizat.com\/#personlogo\"},\"sameAs\":[\"http:\/\/stilorganizat.ro\"]}]}<\/script>\n<!-- \/ Yoast SEO plugin. -->","yoast_head_json":{"title":"Mas\u0103 de prim\u0103var\u0103 timpurie StilOrganizat","description":"Cum s\u0103 aranja\u021bi o mas\u0103 de prim\u0103var\u0103 folosind obiecte din natur\u0103 sau realiz\u00e2nd singuri elemente de decor cu tematic\u0103 de sezon.","robots":{"index":"index","follow":"follow","max-snippet":"max-snippet:-1","max-image-preview":"max-image-preview:large","max-video-preview":"max-video-preview:-1"},"canonical":"https:\/\/stilorganizat.com\/?p=4447","og_locale":"en_US","og_type":"article","og_title":"Mas\u0103 de prim\u0103var\u0103 timpurie StilOrganizat","og_description":"Cum s\u0103 aranja\u021bi o mas\u0103 de prim\u0103var\u0103 folosind obiecte din natur\u0103 sau realiz\u00e2nd singuri elemente de decor cu tematic\u0103 de sezon.","og_url":"https:\/\/stilorganizat.com\/?p=4447","og_site_name":"StilOrganizat","article_published_time":"2016-03-12T00:22:04+00:00","article_modified_time":"2020-02-07T17:39:35+00:00","og_image":[{"width":620,"height":827,"url":"https:\/\/stilorganizat.com\/wp-content\/uploads\/2016\/03\/masa-de-primavara-3.jpg","type":"image\/jpeg"}],"twitter_card":"summary_large_image","twitter_misc":{"Written by":"Ela","Est. reading time":"3 minutes"},"schema":{"@context":"https:\/\/schema.org","@graph":[{"@type":"WebSite","@id":"https:\/\/stilorganizat.com\/#website","url":"https:\/\/stilorganizat.com\/","name":"StilOrganizat","description":"","publisher":{"@id":"https:\/\/stilorganizat.com\/#\/schema\/person\/925650ea34ea4181154192c09316af88"},"potentialAction":[{"@type":"SearchAction","target":{"@type":"EntryPoint","urlTemplate":"https:\/\/stilorganizat.com\/?s={search_term_string}"},"query-input":"required name=search_term_string"}],"inLanguage":"en-US"},{"@type":"ImageObject","@id":"https:\/\/stilorganizat.com\/?p=4447#primaryimage","inLanguage":"en-US","url":"https:\/\/stilorganizat.com\/wp-content\/uploads\/2016\/03\/masa-de-primavara-3.jpg","contentUrl":"https:\/\/stilorganizat.com\/wp-content\/uploads\/2016\/03\/masa-de-primavara-3.jpg","width":620,"height":827,"caption":"masa de primavara"},{"@type":"WebPage","@id":"https:\/\/stilorganizat.com\/?p=4447#webpage","url":"https:\/\/stilorganizat.com\/?p=4447","name":"Mas\u0103 de prim\u0103var\u0103 timpurie StilOrganizat","isPartOf":{"@id":"https:\/\/stilorganizat.com\/#website"},"primaryImageOfPage":{"@id":"https:\/\/stilorganizat.com\/?p=4447#primaryimage"},"datePublished":"2016-03-12T00:22:04+00:00","dateModified":"2020-02-07T17:39:35+00:00","description":"Cum s\u0103 aranja\u021bi o mas\u0103 de prim\u0103var\u0103 folosind obiecte din natur\u0103 sau realiz\u00e2nd singuri elemente de decor cu tematic\u0103 de sezon.","breadcrumb":{"@id":"https:\/\/stilorganizat.com\/?p=4447#breadcrumb"},"inLanguage":"en-US","potentialAction":[{"@type":"ReadAction","target":["https:\/\/stilorganizat.com\/?p=4447"]}]},{"@type":"BreadcrumbList","@id":"https:\/\/stilorganizat.com\/?p=4447#breadcrumb","itemListElement":[{"@type":"ListItem","position":1,"name":"Home","item":"https:\/\/stilorganizat.com\/"},{"@type":"ListItem","position":2,"name":"Organizarea mesei","item":"https:\/\/stilorganizat.com\/?cat=5"},{"@type":"ListItem","position":3,"name":"Aranjarea meselor","item":"https:\/\/stilorganizat.com\/?cat=38"},{"@type":"ListItem","position":4,"name":"Mas\u0103 de prim\u0103var\u0103 timpurie"}]},{"@type":"Article","@id":"https:\/\/stilorganizat.com\/?p=4447#article","isPartOf":{"@id":"https:\/\/stilorganizat.com\/?p=4447#webpage"},"author":{"@id":"https:\/\/stilorganizat.com\/#\/schema\/person\/925650ea34ea4181154192c09316af88"},"headline":"Mas\u0103 de prim\u0103var\u0103 timpurie","datePublished":"2016-03-12T00:22:04+00:00","dateModified":"2020-02-07T17:39:35+00:00","mainEntityOfPage":{"@id":"https:\/\/stilorganizat.com\/?p=4447#webpage"},"wordCount":515,"commentCount":5,"publisher":{"@id":"https:\/\/stilorganizat.com\/#\/schema\/person\/925650ea34ea4181154192c09316af88"},"image":{"@id":"https:\/\/stilorganizat.com\/?p=4447#primaryimage"},"thumbnailUrl":"https:\/\/stilorganizat.com\/wp-content\/uploads\/2016\/03\/masa-de-primavara-3.jpg","keywords":["aranjamente cu flori","aranjamente de primavara","masa de primavara","masa festiva"],"articleSection":["Aranjamente de sezon","Aranjarea meselor","Featured","Organizarea mesei","Sarbatori de Paste","Timp liber"],"inLanguage":"en-US","potentialAction":[{"@type":"CommentAction","name":"Comment","target":["https:\/\/stilorganizat.com\/?p=4447#respond"]}]},{"@type":["Person","Organization"],"@id":"https:\/\/stilorganizat.com\/#\/schema\/person\/925650ea34ea4181154192c09316af88","name":"Ela","image":{"@type":"ImageObject","@id":"https:\/\/stilorganizat.com\/#personlogo","inLanguage":"en-US","url":"https:\/\/secure.gravatar.com\/avatar\/8760904c7f0aa36ea71caf9864f47f82?s=96&d=identicon&r=g","contentUrl":"https:\/\/secure.gravatar.com\/avatar\/8760904c7f0aa36ea71caf9864f47f82?s=96&d=identicon&r=g","caption":"Ela"},"logo":{"@id":"https:\/\/stilorganizat.com\/#personlogo"},"sameAs":["http:\/\/stilorganizat.ro"]}]}},"_links":{"self":[{"href":"https:\/\/stilorganizat.com\/index.php?rest_route=\/wp\/v2\/posts\/4447"}],"collection":[{"href":"https:\/\/stilorganizat.com\/index.php?rest_route=\/wp\/v2\/posts"}],"about":[{"href":"https:\/\/stilorganizat.com\/index.php?rest_route=\/wp\/v2\/types\/post"}],"author":[{"embeddable":true,"href":"https:\/\/stilorganizat.com\/index.php?rest_route=\/wp\/v2\/users\/1"}],"replies":[{"embeddable":true,"href":"https:\/\/stilorganizat.com\/index.php?rest_route=%2Fwp%2Fv2%2Fcomments&post=4447"}],"version-history":[{"count":9,"href":"https:\/\/stilorganizat.com\/index.php?rest_route=\/wp\/v2\/posts\/4447\/revisions"}],"predecessor-version":[{"id":6809,"href":"https:\/\/stilorganizat.com\/index.php?rest_route=\/wp\/v2\/posts\/4447\/revisions\/6809"}],"wp:featuredmedia":[{"embeddable":true,"href":"https:\/\/stilorganizat.com\/index.php?rest_route=\/wp\/v2\/media\/4452"}],"wp:attachment":[{"href":"https:\/\/stilorganizat.com\/index.php?rest_route=%2Fwp%2Fv2%2Fmedia&parent=4447"}],"wp:term":[{"taxonomy":"category","embeddable":true,"href":"https:\/\/stilorganizat.com\/index.php?rest_route=%2Fwp%2Fv2%2Fcategories&post=4447"},{"taxonomy":"post_tag","embeddable":true,"href":"https:\/\/stilorganizat.com\/index.php?rest_route=%2Fwp%2Fv2%2Ftags&post=4447"}],"curies":[{"name":"wp","href":"https:\/\/api.w.org\/{rel}","templated":true}]}}